{"id":25008,"date":"2026-04-14T07:00:00","date_gmt":"2026-04-14T05:00:00","guid":{"rendered":"https:\/\/www.meine-tcm.com\/?p=25008"},"modified":"2026-07-23T10:57:16","modified_gmt":"2026-07-23T08:57:16","slug":"perche-ci-si-sveglia-tra-l1-e-le-3-del-mattino","status":"publish","type":"post","link":"https:\/\/www.meine-tcm.com\/it\/warum-du-zwischen-1-und-3-uhr-aufwachst\/","title":{"rendered":"Perch\u00e9 vi svegliate tra l'1 e le 3 del mattino"},"content":{"rendered":"<section class=\"section main-teaser\" id=\"section_1373972966\">\n\t\t<div class=\"section-bg fill\" >\n\t\t\t\t\t\t\t\t\t\n\t\t\t\n\n\t\t<\/div>\n\n\t\t\n\n\t\t<div class=\"section-content relative\">\n\t\t\t\n<div class=\"row row-collapse align-center\"  id=\"row-1600724691\">\n\n\t<div id=\"col-2054323464\" class=\"col small-12 large-12\"  >\n\t\t\t\t<div class=\"col-inner text-center\"  >\n\t\t\t\n\t\t\t\n<p class=\"teaser\">Quando dormi, non tutto rimane immobile. Qualcosa dentro di te continua a muoversi \u2014 silenziosamente, mettendo ordine, cercando. Nella MTC si dice: Il <strong>Unno<\/strong> vaga nella notte.<\/p>\n<p class=\"teaser\">\u00c8 quella parte di te che sogna, ordina, elabora, \u201eva avanti\u201c interiormente, anche quando sei a letto. E tra <strong>all'una e alle tre<\/strong> questo Hun \u00e8 strettamente legato a <strong>Fegato<\/strong>.<\/p>\n<p class=\"teaser\">Se proprio in questo periodo ti capita di svegliarti continuamente, non \u00e8 tanto una coincidenza quanto un segnale: c'\u00e8 qualcosa nel tuo sistema che non riesce a ritrovare la strada per tornare nel profondo. Forse c'\u00e8 un ingorgo. Forse c'\u00e8 troppa pressione.<br>Forse non c'\u00e8 abbastanza spazio per lasciarsi andare.<\/p>\n<p class=\"teaser\">La buona notizia \u00e8 che spesso questo modello \u00e8 comprensibile e, di conseguenza, modificabile.<br>Perch\u00e9 se comprendi il messaggio della notte, durante il giorno potrai iniziare a prenderti cura del tuo sonno in modo diverso.<\/p>\n\t\t<\/div>\n\t\t\t\t\n<style>\n#col-2054323464 > .col-inner {\n  max-width: 800px;\n}\n<\/style>\n\t<\/div>\n\n\t\n<\/div>\n\t\t<\/div>\n\n\t\t\n<style>\n#section_1373972966 {\n  padding-top: 0px;\n  padding-bottom: 0px;\n}\n<\/style>\n\t<\/section>\n\t\n\t<div id=\"gap-263166288\" class=\"gap-element clearfix\" style=\"display:block; height:auto;\">\n\t\t\n<style>\n#gap-263166288 {\n  padding-top: 40px;\n}\n<\/style>\n\t<\/div>\n\t\n\n\t<section class=\"section one-image\" id=\"section_1019438904\">\n\t\t<div class=\"section-bg fill\" >\n\t\t\t\t\t\t\t\t\t\n\t\t\t\n\n\t\t<\/div>\n\n\t\t\n\n\t\t<div class=\"section-content relative\">\n\t\t\t\n<div class=\"row row-collapse align-center\"  id=\"row-1898305186\">\n\n\t<div id=\"col-1375551407\" class=\"col small-12 large-12\"  >\n\t\t\t\t<div class=\"col-inner text-center\"  >\n\t\t\t\n\t\t\t\n\t<div class=\"img has-hover x md-x lg-x y md-y lg-y\" id=\"image_712338796\">\n\t\t\t\t\t\t\t\t<div class=\"img-inner dark\" >\n\t\t\t<img loading=\"lazy\" decoding=\"async\" width=\"2160\" height=\"2160\" src=\"https:\/\/www.meine-tcm.com\/wp-content\/uploads\/2026\/01\/schlafstoerungen-april-beitrag-4.jpg\" class=\"attachment-original size-original\" alt=\"La notte ha un messaggio. Riuscite a sentirlo?\" srcset=\"https:\/\/www.meine-tcm.com\/wp-content\/uploads\/2026\/01\/schlafstoerungen-april-beitrag-4.jpg 2160w, https:\/\/www.meine-tcm.com\/wp-content\/uploads\/2026\/01\/schlafstoerungen-april-beitrag-4-100x100.jpg 100w, https:\/\/www.meine-tcm.com\/wp-content\/uploads\/2026\/01\/schlafstoerungen-april-beitrag-4-800x800.jpg 800w, https:\/\/www.meine-tcm.com\/wp-content\/uploads\/2026\/01\/schlafstoerungen-april-beitrag-4-400x400.jpg 400w, https:\/\/www.meine-tcm.com\/wp-content\/uploads\/2026\/01\/schlafstoerungen-april-beitrag-4-280x280.jpg 280w, https:\/\/www.meine-tcm.com\/wp-content\/uploads\/2026\/01\/schlafstoerungen-april-beitrag-4-768x768.jpg 768w, https:\/\/www.meine-tcm.com\/wp-content\/uploads\/2026\/01\/schlafstoerungen-april-beitrag-4-1536x1536.jpg 1536w, https:\/\/www.meine-tcm.com\/wp-content\/uploads\/2026\/01\/schlafstoerungen-april-beitrag-4-2048x2048.jpg 2048w, https:\/\/www.meine-tcm.com\/wp-content\/uploads\/2026\/01\/schlafstoerungen-april-beitrag-4-12x12.jpg 12w\" sizes=\"auto, (max-width: 2160px) 100vw, 2160px\" title=\"La notte ha un messaggio. Riuscite a sentirlo?\" \/>\t\t\t\t\t\t\n\t\t\t\t\t<\/div>\n\t\t\t\t\t\t\t\t\n<style>\n#image_712338796 {\n  width: 100%;\n}\n<\/style>\n\t<\/div>\n\t\n<p class=\"caption\">La notte ha un MESSAGGIO. Lo senti?<\/p>\n\t\t<\/div>\n\t\t\t\t\n<style>\n#col-1375551407 > .col-inner {\n  border-radius: 10px;\n  max-width: 640px;\n}\n<\/style>\n\t<\/div>\n\n\t\n<\/div>\n\t\t<\/div>\n\n\t\t\n<style>\n#section_1019438904 {\n  padding-top: 0px;\n  padding-bottom: 0px;\n}\n<\/style>\n\t<\/section>\n\t\n\t<div id=\"gap-193570622\" class=\"gap-element clearfix\" style=\"display:block; height:auto;\">\n\t\t\n<style>\n#gap-193570622 {\n  padding-top: 40px;\n}\n<\/style>\n\t<\/div>\n\t\n\n\t<section class=\"section text\" id=\"section_859700525\">\n\t\t<div class=\"section-bg fill\" >\n\t\t\t\t\t\t\t\t\t\n\t\t\t\n\n\t\t<\/div>\n\n\t\t\n\n\t\t<div class=\"section-content relative\">\n\t\t\t\n<div class=\"row row-collapse align-center\"  id=\"row-1002473500\">\n\n\t<div id=\"col-55338266\" class=\"col small-12 large-12\"  >\n\t\t\t\t<div class=\"col-inner text-left\"  >\n\t\t\t\n\t\t\t\n<h2><strong>\ud83c\udf43 Il fegato nella MTC: molto pi\u00f9 di una semplice \u201edisintossicazione\u201c<\/strong><\/h2>\n<p>Nella medicina classica, il fegato (Gan) \u00e8:<\/p>\n<ul>\n<li><strong>Generale del Qi<\/strong> (Shu Xie: libero scorrere, sbloccare, espandere)<\/li>\n<li><strong>Riserve di sangue<\/strong> (Cang Xue \u2013 \u201eCang Xue\u201c: raccogliere, conservare e distribuire il sangue)<\/li>\n<li><strong>Origine dei tendini<\/strong> (Flessibilit\u00e0, tensioni muscolari, crampi)<\/li>\n<li>strettamente legato al <strong>Unno<\/strong> (anima) \u2013 lo \u201espirito errante\u201c che durante il sonno si muove attraverso i sogni<\/li>\n<li>Organo partner della <strong>Cistifellea<\/strong> (Decisione, coraggio, \u201eil s\u00ec e il no\u201c)<\/li>\n<\/ul>\n<p>Quando il fegato \u00e8 libero, la sensazione \u00e8 questa:<br><strong>Spazio, libert\u00e0 di movimento, un obiettivo chiaro, un sonno tranquillo.<\/strong><\/p>\n<p>Quando \u00e8 bloccata, la sensazione \u00e8 questa:<br><strong>Tensione, stitichezza, irritabilit\u00e0, calore interno, sogni inquietanti.<\/strong><\/p>\n<h2><strong>\ud83d\udd50 Perch\u00e9 proprio dalle 1 alle 3?<\/strong><\/h2>\n<p>L'orologio degli organi non \u00e8 \u201emagico\u201c, ma un modello della medicina tradizionale cinese che rende visibile il ritmo.<\/p>\n<p><strong>Dalle 1 alle 3 = l'ora del fegato<\/strong><\/p>\n<p>In queste ore, idealmente, dovrebbe succedere quanto segue:<\/p>\n<ul>\n<li><strong>Il sangue ritorna al fegato<\/strong> (Rigenerazione)<\/li>\n<li><strong>Il Qi si muove \u201ein sottofondo\u201c<\/strong> (senza che tu ti svegli)<\/li>\n<li><strong>Lui pu\u00f2 muoversi nei sogni<\/strong>, senza svegliarti<\/li>\n<\/ul>\n<p>Ma quando il Qi ristagna o si genera calore, quel \u201elavoro silenzioso\u201c <strong>lavoro rumoroso<\/strong>.<br>E ti svegli.<\/p>\n<h2><strong>\ud83d\udd0d La chiave: prima capire, <em>poi<\/em> agire<\/strong><\/h2>\n<p>Molte persone leggono \u201eLeber\u2013Zeit\u201c e pensano subito alla \u201edisintossicazione\u201c.<br>Nella MTC, tuttavia, il problema principale \u00e8 spesso: <strong>Flusso e tensione<\/strong>.<\/p>\n<p>Ecco perch\u00e9 la domanda pi\u00f9 importante non \u00e8:<br>\u201eCosa devo tralasciare?\u201c<br>Ma piuttosto: <strong>\u201eCosa si accumula \u2013 e perch\u00e9?\u201c<\/strong><\/p>\n<h2><strong>\ud83d\udd0d I 4 modelli pi\u00f9 comuni della medicina tradizionale cinese alla base del risveglio tra l'una e le tre del mattino<\/strong><\/h2>\n<h3><strong>1) Stagnazione del Qi del fegato<\/strong><\/h3>\n<p>Il classico per chi sta molto in piedi durante il giorno:<br>funzionare, andare fino in fondo, mandare gi\u00f9, sorridere, andare avanti.<\/p>\n<p><strong>Segni tipici:<\/strong><\/p>\n<ul>\n<li>Mi sveglio tra l'una e le tre del mattino, i pensieri mi girano in testa<\/li>\n<li>Sospiri, senso di oppressione al petto\/alle costole, \u201enodo alla gola\u201c<\/li>\n<li>Reizbarkeit, Anspannung vor der Periode, Verspannung im Kopf<\/li>\n<li>variazioni dell'appetito, flatulenza, \u201estomaco nervoso\u201c<\/li>\n<\/ul>\n<p><strong>Idea dell'MTC:<\/strong> mobilizzare, decongestionare, ammorbidire.<\/p>\n<p><strong>Mini-check:<\/strong><br>Se di notte ti svegli e pensi subito \u201eDevo ancora\u2026\u201c, spesso \u00e8 segno di stagnazione.<\/p>\n<h3><strong>2) Fuoco del fegato \/ Yang del fegato ascendente<\/strong><\/h3>\n<p>Se la stagnazione si protrae nel tempo, pu\u00f2 diventare \u201ecalda\u201c.<br>Oder abends kommen Ausl\u00f6ser dazu (Alkohol, scharf, Stress, sp\u00e4tes Arbeiten).<\/p>\n<p><strong>Segni tipici:<\/strong><\/p>\n<ul>\n<li>Ti svegli e sei subito completamente sveglio<\/li>\n<li>Sensazione di calore alla testa, occhi arrossati, sete, sapore amaro<\/li>\n<li>pensieri fugaci, impazienza interiore<\/li>\n<li>evtl. Druck im Kopf, Nacken\u2013Schulter\u2013Spannung<\/li>\n<\/ul>\n<p><strong>Idea dell'MTC:<\/strong> raffreddare, convogliare verso il basso, calmare lo Shen.<\/p>\n<p><strong>Mini-check:<\/strong><br>Se di notte ti sembra di avere la testa \u201ecalda\u201c o ti senti come se stessi \u201eesplodendo\u201c dentro, allora c'\u00e8 di mezzo il calore.<\/p>\n<h3><strong>3) Carenza di sangue nel fegato<\/strong><\/h3>\n<p>In questo caso il problema non \u00e8 tanto la \u201epressione eccessiva\u201c, quanto piuttosto <strong>poca sostanza<\/strong>.<br>Se il sangue non si accumula correttamente, il sonno diventa pi\u00f9 leggero, specialmente durante il periodo epatico.<\/p>\n<p><strong>Segni tipici:<\/strong><\/p>\n<ul>\n<li>sonno leggero, tanti sogni, risvegli frequenti<\/li>\n<li>occhi secchi, unghie fragili, labbra pallide<\/li>\n<li>Vertigini, spasmi muscolari, sensazione di intorpidimento<\/li>\n<li>nelle donne: mestruazioni scarse o irregolari<\/li>\n<\/ul>\n<p><strong>Idea dell'MTC:<\/strong> Nutrire il sangue, proteggere lo Yin, ricostituire le energie la sera.<\/p>\n<p><strong>Mini-check:<\/strong><br>Quando ti senti \u201evuoto e stanco\u201c eppure dormi in modo agitato, spesso \u00e8 perch\u00e9 ti manca qualcosa di concreto.<\/p>\n<h3><strong>4) Disarmonia fegato-milza (il Legno attacca la Terra)<\/strong><\/h3>\n<p>Molto comune e spesso sottovalutato:<br>Se il centro \u00e8 debole (Qi della milza), non \u00e8 in grado di \u201esmorzare\u201c il libero flusso.<br>Allora si formano pi\u00f9 in fretta gli ingorghi \u2014 e di notte la situazione si fa movimentata.<\/p>\n<p><strong>Segni tipici:<\/strong><\/p>\n<ul>\n<li>Risveglio tra l'1 e le 3 del mattino + digestione delicata<\/li>\n<li>Sensazione di gonfiore, feci molli, gonfiore addominale<\/li>\n<li>Rimuginare durante il giorno, \u201etesta pesante\u201c<\/li>\n<li>Sbalzi di energia, attacchi di fame<\/li>\n<\/ul>\n<p><strong>Idea dell'MTC:<\/strong> Rafforzare il centro per ammorbidire il fegato.<\/p>\n<p><strong>Mini-check:<\/strong><br>Quando lo stress si fa sentire immediatamente \u201eallo stomaco\u201c, spesso sono coinvolti gli elementi Legno e Terra.<\/p>\n<h2>\ud83e\udde0 <strong>Il ponte occidentale<\/strong><\/h2>\n<p>La medicina tradizionale cinese parla di <strong>Fiume, sangue e pulizia interiore<\/strong>. Die westliche Sicht nutzt andere W\u00f6rter \u2014 meint oft \u00c4hnliches: <strong>Regolazione dello stress e stabilit\u00e0<\/strong>.<\/p>\n<p>Fattori che spesso contribuiscono al risveglio tra l\u2019una e le tre del mattino:<br>- <strong>Asse cortisolo\/HPA:<\/strong> In caso di stress, il sistema si attiva troppo presto<br>- <strong>Glicemia:<\/strong> Cena tardiva, alcol o dolci \u2192 scarto \u2192 adrenalina \u2192 sveglio<br>- <strong>Sistema nervoso:<\/strong> Troppa \u201emodalit\u00e0 diurna\u201c (sistema simpatico) \u2192 il sonno rimane superficiale<br>- <strong>Metabolismo dei lipidi:<\/strong> \u00dcberlastung (schweres Essen, Alkohol) kann die Nacht unruhiger machen<\/p>\n<p>Kern: Non \u201erovinato\u201c \u2014 piuttosto <strong>troppa stimolazione, troppo poco relax<\/strong>.<\/p>\n<p>Ed \u00e8 proprio qui che entrano in gioco i prossimi passi.<\/p>\n<h2><strong>\ud83d\udda4 I 5 pilastri per un fegato sereno durante la notte<\/strong><\/h2>\n<h3><strong>1\ufe0f\u20e3 Cibo come \u201etrattamento notturno per il fegato\u201c<\/strong><\/h3>\n<p><strong>Cosa:<\/strong> La sera non alimentare il fuoco, non accumulare \u2014 ma alleggerire.<br><strong>Perch\u00e9 (TCM):<\/strong> Se la zona centrale (milza\/stomaco) deve lavorare intensamente la sera, si verificano un leggero ristagno e un accumulo di calore. Ci\u00f2 rende pi\u00f9 \u201eintensa\u201c la fase del fegato. Un pasto leggero e caldo sostiene il sangue e lo Yin senza appesantire l'organismo.<\/p>\n<p><strong>Che comodit\u00e0:<\/strong><\/p>\n<ul>\n<li>ultimo pasto abbondante <strong>2\u20133 ore<\/strong> prima di andare a dormire<\/li>\n<li>caldo, cotto, semplice: zuppa, congee, verdure al vapore, un po' di riso\/miglio<\/li>\n<li>meglio \u201epoco, ma nutriente\u201c che \u201emolto, ma pesante\u201c<\/li>\n<li>Cercare di evitare l'alcol la sera (ha un effetto calmante iniziale, ma poi diventa stimolante)<\/li>\n<\/ul>\n<p><strong>Mini-regola:<\/strong> Se di notte ti capita spesso di non riuscire a dormire, prepara la cena <strong>un po' pi\u00f9 leggero<\/strong>.<\/p>\n<h3><strong>2\ufe0f\u20e3 Lasciare che lo Shen si calmi prima che cali la notte<\/strong><\/h3>\n<p><strong>Cosa:<\/strong> Non costringere il corpo a \u201espegnersi\u201c, ma guidare il sistema nervoso verso uno stato di sicurezza.<br><strong>Perch\u00e9 (TCM):<\/strong> Il sonno diventa profondo quando <strong>Shen<\/strong> diminuisce. Se Shen rimane in eccesso (troppo input, troppi cicli aperti), di notte \u00e8 il fegato a occuparsi di fare ordine \u2014 e tu ti svegli.<\/p>\n<p><strong>Come (rituale di 3 minuti):<\/strong><\/p>\n<ul>\n<li>Una mano sul petto, una mano sul basso ventre<\/li>\n<li>10 respiri, <strong>Espirare pi\u00f9 a lungo<\/strong> come inspirazione<\/li>\n<li>Una frase: \u201eLa giornata \u00e8 finita. Mi rilasso.\u201c<\/li>\n<\/ul>\n<p><strong>Consiglio extra:<\/strong> Tutto ci\u00f2 che alimenta il tuo \u201eDevo ancora\u2026\u201c appartiene <strong>prima<\/strong> questo rituale \u2014 non a letto.<\/p>\n<h3><strong>3\ufe0f\u20e3 Far circolare il Qi del fegato \u2013 come l'acqua, non come il fuoco<\/strong><\/h3>\n<p><strong>Cosa:<\/strong> Un po' di movimento leggero la sera, che allevia la tensione senza farti agitare.<br><strong>Perch\u00e9 (TCM):<\/strong> Il Qi del fegato ha bisogno di scorrere liberamente. Se durante il giorno ti sei trattenuto troppo, la sera il corpo ha bisogno di \u201esbloccarsi\u201c. Un\u2019attivit\u00e0 fisica troppo intensa, per\u00f2, spesso genera calore, che pu\u00f2 risvegliarsi durante la notte.<\/p>\n<p><strong>Come (5-10 minuti):<\/strong><\/p>\n<ul>\n<li>passeggiata tranquilla<\/li>\n<li>lievi rotazioni della colonna vertebrale<\/li>\n<li>leggeri movimenti (braccia, spalle, gambe)<\/li>\n<li>Aprire lo spazio intercostale senza tirare<\/li>\n<\/ul>\n<p><strong>Mini-test:<\/strong> A quel punto dovresti <strong>continua<\/strong> sentirsi \u2014 non pi\u00f9 svegli.<\/p>\n<h3><strong>4\ufe0f\u20e3 Digitopressione: mirata, invece che \u201epremere ovunque\u201c<\/strong><\/h3>\n<p><strong>Cosa:<\/strong> Bastano 1-2 punti, se vanno bene.<br><strong>Perch\u00e9 (TCM):<\/strong> Dai al sistema un segnale chiaro: <strong>Il Qi pu\u00f2 tornare a scorrere<\/strong>, lo Shen pu\u00f2 scendere, il calore pu\u00f2 discendere.<\/p>\n<p><strong>Come (la sera, 2-4 minuti):<\/strong><br>- <strong>Le 03 (T\u00e0i Ch\u014dng)<\/strong>: stimola il Qi del fegato, allevia la tensione<br>- <strong>HK 06 (N\u00e8i Gu\u0101n)<\/strong>: beruhigt den Brustraum, hilft beim Runterfahren<br>\u2014 in caso di calore\/irritabilit\u00e0: <strong>Le 02 (X\u00edng Ji\u0101n)<\/strong> aggiungere<br>\u2014 quando i pensieri si accavallano: <strong>He 07 (Sh\u00e9n M\u00e9n)<\/strong> aggiungere<\/p>\n<p><strong>Applicazione:<\/strong> 60\u201390 secondi per punto, su entrambi i lati, respirando con calma.<br><strong>Registro notturno (quando ti svegli):<\/strong> Primo <strong>He 07 o HK 06<\/strong>, poi <strong>Le 03<\/strong>.<\/p>\n<p>\ud83e\udded Potete trovare tutti i punti con istruzioni dettagliate nel nostro atlante di agopuntura gratuito: \ud83d\udc49 <a href=\"https:\/\/www.meine-tcm.com\/it\/atlante-di-agopuntura\/\" target=\"_blank\" rel=\"noopener\">www.meine-tcm.com\/akupunkturatlas<\/a><\/p>\n<h3><strong>5\ufe0f\u20e3 Vor dem \u201eTor&#8220; schlafen \u2013 Timing ist alles<\/strong><\/h3>\n<p><strong>Cosa:<\/strong> Non aspettare di arrivare al fegato per addormentarti.<br><strong>Perch\u00e9 (TCM):<\/strong> Dalle 23 alle 1 (cistifellea) \u00e8 il momento di prepararsi al sonno profondo. Se perdi questa \u201efinestra\u201c, spesso non riesci pi\u00f9 a entrare in una fase di sonno profondo \u2014 e il periodo dedicato al fegato diventa soggetto a disturbi.<\/p>\n<p><strong>Come (procedura semplificata):<\/strong><\/p>\n<ul>\n<li>Ore 21:00: abbassare le luci, ridurre la luminosit\u00e0 dello schermo<\/li>\n<li>Ore 21:30: dare il via alla routine serale<\/li>\n<li>22:00\u201322:30: a letto<\/li>\n<li>Obiettivo: <strong>andare a dormire prima delle 23:00<\/strong><\/li>\n<\/ul>\n<p><strong>Mini-regola:<\/strong> Per molti, andare a dormire prima di mezzanotte \u00e8 la \u201ebase pi\u00f9 solida\u201c.<\/p>\n<p>Per evitare di voler fare \u201etutto e subito\u201c con questi cinque pilastri, ecco due piccoli strumenti: prima un mini-test per orientarti e poi una routine di 90 secondi da seguire quando ti svegli di notte.<\/p>\n<h3><strong>\ud83d\udd0e Mini-test: quale modello ti descrive meglio?<\/strong><\/h3>\n<p>- <strong>I pensieri girano a vuoto + pressione al petto\/alle costole + sospiri<\/strong> \u2192 piuttosto <em>Stagnazione del Qi del fegato<\/em> (Pilastro 3 + <strong>Il 3<\/strong>)<br>- <strong>Testa che scotta + sete + subito completamente sveglio<\/strong> \u2192 piuttosto <em>Fegato-Fuoco\/Fegato-Yang<\/em> (Pilastro 1 pi\u00f9 leggero + <strong>Il 2<\/strong> + Testa fresca\/piedi caldi)<br>- <strong>sonno leggero + tanti sogni + \u201estanchezza svuotante\u201c<\/strong> \u2192 piuttosto <em>Carenza di sangue nel fegato<\/em> (Pilastro 1: nutrimento + Pilastro 5: \u201edavanti al cancello\u201c)<br>- <strong>Digestione delicata + gonfiore addominale\/voglia irrefrenabile di cibo + rimuginare<\/strong> \u2192 piuttosto <em>Il legno attacca il suolo<\/em> (Rafforzare il primo pilastro e il centro)<\/p>\n<h3><strong>\ud83c\udf19 Mini-routine: se ti svegli tra l'una e le tre del mattino (90 secondi)<\/strong><\/h3>\n<ol>\n<li><strong>Allungare l'espirazione:<\/strong> 4 inspirazioni \u2013 8 espirazioni (5 respiri)<\/li>\n<li><strong>HK 06 (N\u00e8i Gu\u0101n):<\/strong> 30 secondi per lato \u2014 Calmare la gabbia toracica<\/li>\n<li><strong>Le 03 (T\u00e0i Ch\u014dng):<\/strong> 30 secondi per lato \u2014 Stimolare il Qi del fegato<\/li>\n<\/ol>\n<p>Poi: occhi rilassati, mascella distesa, spalle abbassate. Non opporre resistenza \u2014 lasciati andare.<\/p>\n<h2>\ud83d\udcab <strong>Il messaggio pi\u00f9 profondo<\/strong><\/h2>\n<p>Gli argomenti relativi al fegato raramente riguardano solo la \u201ebiochimica\u201c.<br>Spesso sono anche una questione di vita:<\/p>\n<p>\u2014 Dove ho messo troppo?<br>\u2014 In quali casi dico \u201es\u00ec\u201c anche se il mio corpo dice \u201eno\u201c?<br>\u2014 In quali aspetti della mia vita quotidiana mi manca un po\u2019 di respiro?<\/p>\n<p>Il fegato \u00e8 il generale.<br>Vuole andare in quella direzione, ma ha bisogno di spazio.<\/p>\n<p>E a volte svegliarsi tra l'una e le tre del mattino non \u00e8 un errore.<br>Ma un suggerimento: \u00e8 ora di alleggerire la pressione sul sistema.<\/p>\n<p>Se ti va, oggi osserva solo una cosa:<br>Cosa si fa sentire dentro di te durante la notte \u2014 e cosa avrebbe avuto bisogno di spazio durante il giorno?<\/p>\n<h2>\ud83d\udccc <strong>Consigliato<\/strong><\/h2>\n<p>\ud83e\udd8b <strong>Come sta il vostro fegato?<\/strong><br>Analisi gratuita della medicina tradizionale cinese (MTC) \u2014 scopri quali schemi sono attualmente predominanti nel tuo caso.<br>\ud83d\udc49 <a href=\"https:\/\/www.meine-tcm.com\/it\/analisi-tcm\/\" target=\"_blank\" rel=\"noopener\">www.meine-tcm.com\/tcm-analyse<\/a><\/p>\n<p>\ud83d\udcdc <strong>Newsletter - La saggezza mensile della MTC:<\/strong> Der Gelbe Kaiser, Qi Bo und Dr. Weber teilen jeden Monat, worauf es in der aktuellen Jahreszeit ankommt.<br>\ud83d\udc49 <a href=\"https:\/\/www.meine-tcm.com\/it\/registrazione-alla-newsletter\/\" target=\"_blank\" rel=\"noopener\">www.meine-tcm.com\/newsletter-anmeldung<\/a><\/p>\n<hr>\n<p><em>Hinweis: Dieser Beitrag ist allgemeine TCM\u2013 und Lebensstil\u2013Information und ersetzt keine \u00e4rztliche Beratung. Bei anhaltenden Schlafst\u00f6rungen, starker Ersch\u00f6pfung oder wenn dich das n\u00e4chtliche Aufwachen sehr belastet, sprich bitte mit deinem Arzt oder deiner TCM\u2013Therapeutin.<\/em><\/p>\n\t\t<\/div>\n\t\t\t\t\n<style>\n#col-55338266 > .col-inner {\n  max-width: 800px;\n}\n<\/style>\n\t<\/div>\n\n\t\n<\/div>\n\t\t<\/div>\n\n\t\t\n<style>\n#section_859700525 {\n  padding-top: 0px;\n  padding-bottom: 0px;\n}\n<\/style>\n\t<\/section>\n\t\n\t<div id=\"gap-130316306\" class=\"gap-element clearfix\" style=\"display:block; height:auto;\">\n\t\t\n<style>\n#gap-130316306 {\n  padding-top: 60px;\n}\n<\/style>\n\t<\/div>\n\t\n\n\t<section class=\"section quote\" id=\"section_1773116428\">\n\t\t<div class=\"section-bg fill\" >\n\t\t\t\t\t\t\t\t\t\n\t\t\t\n\n\t\t<\/div>\n\n\t\t\n\n\t\t<div class=\"section-content relative\">\n\t\t\t\n<div class=\"row row-collapse align-center\"  id=\"row-326017353\">\n\n\t<div id=\"col-1612156216\" class=\"col small-12 large-12\"  >\n\t\t\t\t<div class=\"col-inner text-center\"  >\n\t\t\t\n\t\t\t\n<p>Dormire non significa staccare la spina. Dormire \u00e8 come tornare a casa \u2013\u2013 in un corpo che pu\u00f2 ritrovare il proprio equilibrio.<\/p>\n<p class=\"quote-from\">Autore: Sconosciuto<\/p>\n\t\t<\/div>\n\t\t\t\t\n<style>\n#col-1612156216 > .col-inner {\n  max-width: 600px;\n}\n<\/style>\n\t<\/div>\n\n\t\n<\/div>\n\t\t<\/div>\n\n\t\t\n<style>\n#section_1773116428 {\n  padding-top: 60px;\n  padding-bottom: 60px;\n  background-color: rgb(255, 244, 217);\n}\n<\/style>\n\t<\/section>\n\t\n\t<div id=\"gap-1221605853\" class=\"gap-element clearfix\" style=\"display:block; height:auto;\">\n\t\t\n<style>\n#gap-1221605853 {\n  padding-top: 60px;\n}\n<\/style>\n\t<\/div>\n\t\n\n\t<section class=\"section h2\" id=\"section_612853970\">\n\t\t<div class=\"section-bg fill\" >\n\t\t\t\t\t\t\t\t\t\n\t\t\t\n\n\t\t<\/div>\n\n\t\t\n\n\t\t<div class=\"section-content relative\">\n\t\t\t\n<div class=\"row row-collapse align-center\"  id=\"row-1984912864\">\n\n\t<div id=\"col-1443819931\" class=\"col small-12 large-12\"  >\n\t\t\t\t<div class=\"col-inner text-center\"  >\n\t\t\t\n\t\t\t\n<h2>Altri suggerimenti e articoli interessanti<\/h2>\n\t\t<\/div>\n\t\t\t\t\n<style>\n#col-1443819931 > .col-inner {\n  max-width: 960px;\n}\n<\/style>\n\t<\/div>\n\n\t\n<\/div>\n\t\t<\/div>\n\n\t\t\n<style>\n#section_612853970 {\n  padding-top: 0px;\n  padding-bottom: 0px;\n}\n<\/style>\n\t<\/section>\n\t\n\n\t<section class=\"section blogposts-overview\" id=\"section_1323571136\">\n\t\t<div class=\"section-bg fill\" >\n\t\t\t\t\t\t\t\t\t\n\t\t\t\n\n\t\t<\/div>\n\n\t\t\n\n\t\t<div class=\"section-content relative\">\n\t\t\t\n<div class=\"row\"  id=\"row-155196475\">\n\n\t<div id=\"col-1751475595\" class=\"col small-12 large-12\"  >\n\t\t\t\t<div class=\"col-inner text-center\"  >\n\t\t\t\n\t\t\t\n  <style>\n    #row-2015920637 .grid-col-1{height: 600px}\n    #row-2015920637 .grid-col-1-2{height: 300px}\n    #row-2015920637 .grid-col-1-3{height:200px}\n    #row-2015920637 .grid-col-2-3{height: 400px}\n    #row-2015920637 .grid-col-1-4{height: 150px}\n    #row-2015920637 .grid-col-3-4{height: 450px}\n\n\n        \/* Tablet *\/\n    @media (max-width: 850px){\n      #row-2015920637 .grid-col-1{height: 400px}\n      #row-2015920637 .grid-col-1-2{height: 200px}\n      #row-2015920637 .grid-col-1-3{height:133.33333333333px}\n      #row-2015920637 .grid-col-2-3{height: 266.66666666667px}\n      #row-2015920637 .grid-col-1-4{height: 100px}\n      #row-2015920637 .grid-col-3-4{height: 300px}\n    }\n    \n        \/* Mobile *\/\n    @media (max-width: 550px){\n      #row-2015920637 .grid-col-1{height: 400px}\n      #row-2015920637 .grid-col-1-2{height: 200px}\n      #row-2015920637 .grid-col-1-3{height:133.33333333333px}\n      #row-2015920637 .grid-col-2-3{height: 266.66666666667px}\n      #row-2015920637 .grid-col-1-4{height: 100px}\n      #row-2015920637 .grid-col-3-4{height: 300px}\n    }\n    \n\n  <\/style>\n  \n  \n    <div id=\"row-2015920637\" class=\"row row-small row-full-width row-grid\" data-packery-options='{\"itemSelector\": \".col\", \"gutter\": 0, \"presentageWidth\" : true}'>\n\n  <div class=\"col post-item grid-col grid-col-1 large-6 medium-12\" >\n\t\t\t<div class=\"col-inner\">\n\t\t\t\t<div class=\"box box-default box-text-bottom box-blog-post has-hover\">\n            \t\t\t\t\t<div class=\"box-image\" >\n  \t\t\t\t\t\t<div class=\"image-cover\" style=\"padding-top:56%;\">\n\t\t\t\t\t\t\t<a href=\"https:\/\/www.meine-tcm.com\/it\/birnen-dattel-suppe-herbst\/\" class=\"plain\" aria-label=\"Das Herbstgetr\u00e4nk der alten Meister\">\n\t\t\t\t\t\t\t\t<img loading=\"lazy\" decoding=\"async\" width=\"400\" height=\"400\" src=\"https:\/\/www.meine-tcm.com\/wp-content\/uploads\/2026\/08\/birnensuppe-B-glas-928-400x400.jpg\" class=\"attachment-medium size-medium wp-post-image\" alt=\"Birnen\u2013Dattel\u2013Suppe\" srcset=\"https:\/\/www.meine-tcm.com\/wp-content\/uploads\/2026\/08\/birnensuppe-B-glas-928-400x400.jpg 400w, https:\/\/www.meine-tcm.com\/wp-content\/uploads\/2026\/08\/birnensuppe-B-glas-928-800x800.jpg 800w, https:\/\/www.meine-tcm.com\/wp-content\/uploads\/2026\/08\/birnensuppe-B-glas-928-280x280.jpg 280w, https:\/\/www.meine-tcm.com\/wp-content\/uploads\/2026\/08\/birnensuppe-B-glas-928-768x768.jpg 768w, https:\/\/www.meine-tcm.com\/wp-content\/uploads\/2026\/08\/birnensuppe-B-glas-928-12x12.jpg 12w, https:\/\/www.meine-tcm.com\/wp-content\/uploads\/2026\/08\/birnensuppe-B-glas-928-100x100.jpg 100w, https:\/\/www.meine-tcm.com\/wp-content\/uploads\/2026\/08\/birnensuppe-B-glas-928.jpg 928w\" sizes=\"auto, (max-width: 400px) 100vw, 400px\" title=\"Birnen\u2013Dattel\u2013Suppe TCM Rezept\" \/>\t\t\t\t\t\t\t<\/a>\n  \t\t\t\t\t\t\t  \t\t\t\t\t\t\t  \t\t\t\t\t\t<\/div>\n  \t\t\t\t\t\t  \t\t\t\t\t<\/div>\n          \t\t\t\t\t<div class=\"box-text text-center\" >\n\t\t\t\t\t<div class=\"box-text-inner blog-post-inner\">\n\n\t\t\t\t\t\n\t\t\t\t\t\t\t\t\t\t\t<p class=\"cat-label  is-xxsmall op-7 uppercase\">\n\t\t\t\t\tAlimentazione \t\t\t\t\t<\/p>\n\t\t\t\t\t\t\t\t\t\t<h5 class=\"post-title is-large\">\n\t\t\t\t\t\t<a href=\"https:\/\/www.meine-tcm.com\/it\/birnen-dattel-suppe-herbst\/\" class=\"plain\">Das Herbstgetr\u00e4nk der alten Meister<\/a>\n\t\t\t\t\t<\/h5>\n\t\t\t\t\t\t\t\t\t\t<div class=\"is-divider\"><\/div>\n\t\t\t\t\t\t\t\t\t\t<p class=\"from_the_blog_excerpt\">\n\t\t\t\t\t\tBei uns isst man Birnen roh. In China kocht man sie \u2014 im Herbst fast t\u00e4glich, zusammen mit roten Datteln. Warum\u2026\t\t\t\t\t<\/p>\n\t\t\t\t\t                    \n\t\t\t\t\t\n\t\t\t\t\t\n\t\t\t\t\t<\/div>\n\t\t\t\t\t<\/div>\n\t\t\t\t\t\t\t\t\t\t\t\t\t\t\t\t<div class=\"badge absolute top post-date badge-outline\">\n\t\t\t\t\t\t\t<div class=\"badge-inner\">\n\t\t\t\t\t\t\t\t<span class=\"post-date-day\">28<\/span><br>\n\t\t\t\t\t\t\t\t<span class=\"post-date-month is-xsmall\">Ago<\/span>\n\t\t\t\t\t\t\t<\/div>\n\t\t\t\t\t\t<\/div>\n\t\t\t\t\t\t\t\t\t<\/div>\n\t\t\t<\/div>\n\t\t<\/div><div class=\"col post-item grid-col grid-col-1 large-3 medium-6\" >\n\t\t\t<div class=\"col-inner\">\n\t\t\t\t<div class=\"box box-default box-text-bottom box-blog-post has-hover\">\n            \t\t\t\t\t<div class=\"box-image\" >\n  \t\t\t\t\t\t<div class=\"image-cover\" style=\"padding-top:56%;\">\n\t\t\t\t\t\t\t<a href=\"https:\/\/www.meine-tcm.com\/it\/herbst-trockenheit-kratzender-hals-trockene-haut-traege-verdauung\/\" class=\"plain\" aria-label=\"Der Hals kratzt, die Haut spannt, die Verdauung stockt \u2014 im Herbst hat das eine gemeinsame Ursache\">\n\t\t\t\t\t\t\t\t<img loading=\"lazy\" decoding=\"async\" width=\"536\" height=\"400\" src=\"https:\/\/www.meine-tcm.com\/wp-content\/uploads\/2026\/08\/3-weisen-september-2026-behind-the-scenes-1066-536x400.jpg\" class=\"attachment-medium size-medium wp-post-image\" alt=\"Q\u00ed B\u00f3 | L&#039;imperatore giallo Huangdi | Dr. Weber\" srcset=\"https:\/\/www.meine-tcm.com\/wp-content\/uploads\/2026\/08\/3-weisen-september-2026-behind-the-scenes-1066-536x400.jpg 536w, https:\/\/www.meine-tcm.com\/wp-content\/uploads\/2026\/08\/3-weisen-september-2026-behind-the-scenes-1066-768x573.jpg 768w, https:\/\/www.meine-tcm.com\/wp-content\/uploads\/2026\/08\/3-weisen-september-2026-behind-the-scenes-1066-16x12.jpg 16w, https:\/\/www.meine-tcm.com\/wp-content\/uploads\/2026\/08\/3-weisen-september-2026-behind-the-scenes-1066-800x597.jpg 800w, https:\/\/www.meine-tcm.com\/wp-content\/uploads\/2026\/08\/3-weisen-september-2026-behind-the-scenes-1066.jpg 1066w\" sizes=\"auto, (max-width: 536px) 100vw, 536px\" title=\"Frag den Gelben Kaiser Shooting (BTS) - September 2026\" \/>\t\t\t\t\t\t\t<\/a>\n  \t\t\t\t\t\t\t  \t\t\t\t\t\t\t  \t\t\t\t\t\t<\/div>\n  \t\t\t\t\t\t  \t\t\t\t\t<\/div>\n          \t\t\t\t\t<div class=\"box-text text-center\" >\n\t\t\t\t\t<div class=\"box-text-inner blog-post-inner\">\n\n\t\t\t\t\t\n\t\t\t\t\t\t\t\t\t\t\t<p class=\"cat-label  is-xxsmall op-7 uppercase\">\n\t\t\t\t\tLa MTC spiegata \t\t\t\t\t<\/p>\n\t\t\t\t\t\t\t\t\t\t<h5 class=\"post-title is-large\">\n\t\t\t\t\t\t<a href=\"https:\/\/www.meine-tcm.com\/it\/herbst-trockenheit-kratzender-hals-trockene-haut-traege-verdauung\/\" class=\"plain\">Der Hals kratzt, die Haut spannt, die Verdauung stockt \u2014 im Herbst hat das eine gemeinsame Ursache<\/a>\n\t\t\t\t\t<\/h5>\n\t\t\t\t\t\t\t\t\t\t<div class=\"is-divider\"><\/div>\n\t\t\t\t\t\t\t\t\t\t<p class=\"from_the_blog_excerpt\">\n\t\t\t\t\t\tMorgens ist der Hals rau, ein trockenes H\u00fcsteln will nicht weggehen. Die Haut spannt und schuppt. Und die Verdauung wird z\u00e4h,\u2026\t\t\t\t\t<\/p>\n\t\t\t\t\t                    \n\t\t\t\t\t\n\t\t\t\t\t\n\t\t\t\t\t<\/div>\n\t\t\t\t\t<\/div>\n\t\t\t\t\t\t\t\t\t\t\t\t\t\t\t\t<div class=\"badge absolute top post-date badge-outline\">\n\t\t\t\t\t\t\t<div class=\"badge-inner\">\n\t\t\t\t\t\t\t\t<span class=\"post-date-day\">28<\/span><br>\n\t\t\t\t\t\t\t\t<span class=\"post-date-month is-xsmall\">Ago<\/span>\n\t\t\t\t\t\t\t<\/div>\n\t\t\t\t\t\t<\/div>\n\t\t\t\t\t\t\t\t\t<\/div>\n\t\t\t<\/div>\n\t\t<\/div><div class=\"col post-item grid-col grid-col-1-2 large-3 medium-6\" >\n\t\t\t<div class=\"col-inner\">\n\t\t\t\t<div class=\"box box-default box-text-bottom box-blog-post has-hover\">\n            \t\t\t\t\t<div class=\"box-image\" >\n  \t\t\t\t\t\t<div class=\"image-cover\" style=\"padding-top:56%;\">\n\t\t\t\t\t\t\t<a href=\"https:\/\/www.meine-tcm.com\/it\/weisse-lebensmittel-herbst-tcm\/\" class=\"plain\" aria-label=\"Der Herbst entscheidet, wie du durch den Winter kommst\">\n\t\t\t\t\t\t\t\t<img loading=\"lazy\" decoding=\"async\" width=\"280\" height=\"280\" src=\"https:\/\/www.meine-tcm.com\/wp-content\/uploads\/2026\/06\/weisse-medizin-des-herbstes-oktober-woche-2-280x280.jpg\" class=\"attachment-thumbnail size-thumbnail wp-post-image\" alt=\"Was der Herbst den Bl\u00e4ttern nimmt, nimmt er auch dir. N\u00e4hre dein Yin, bevor der Wind es davontr\u00e4gt.\" srcset=\"https:\/\/www.meine-tcm.com\/wp-content\/uploads\/2026\/06\/weisse-medizin-des-herbstes-oktober-woche-2-280x280.jpg 280w, https:\/\/www.meine-tcm.com\/wp-content\/uploads\/2026\/06\/weisse-medizin-des-herbstes-oktober-woche-2-400x400.jpg 400w, https:\/\/www.meine-tcm.com\/wp-content\/uploads\/2026\/06\/weisse-medizin-des-herbstes-oktober-woche-2-800x800.jpg 800w, https:\/\/www.meine-tcm.com\/wp-content\/uploads\/2026\/06\/weisse-medizin-des-herbstes-oktober-woche-2-768x768.jpg 768w, https:\/\/www.meine-tcm.com\/wp-content\/uploads\/2026\/06\/weisse-medizin-des-herbstes-oktober-woche-2-1536x1536.jpg 1536w, https:\/\/www.meine-tcm.com\/wp-content\/uploads\/2026\/06\/weisse-medizin-des-herbstes-oktober-woche-2-2048x2048.jpg 2048w, https:\/\/www.meine-tcm.com\/wp-content\/uploads\/2026\/06\/weisse-medizin-des-herbstes-oktober-woche-2-12x12.jpg 12w, https:\/\/www.meine-tcm.com\/wp-content\/uploads\/2026\/06\/weisse-medizin-des-herbstes-oktober-woche-2-100x100.jpg 100w\" sizes=\"auto, (max-width: 280px) 100vw, 280px\" title=\"Was der Herbst den Bl\u00e4ttern nimmt, nimmt er auch dir. N\u00e4hre dein Yin, bevor der Wind es davontr\u00e4gt.\" \/>\t\t\t\t\t\t\t<\/a>\n  \t\t\t\t\t\t\t  \t\t\t\t\t\t\t  \t\t\t\t\t\t<\/div>\n  \t\t\t\t\t\t  \t\t\t\t\t<\/div>\n          \t\t\t\t\t<div class=\"box-text text-center\" >\n\t\t\t\t\t<div class=\"box-text-inner blog-post-inner\">\n\n\t\t\t\t\t\n\t\t\t\t\t\t\t\t\t\t\t<p class=\"cat-label  is-xxsmall op-7 uppercase\">\n\t\t\t\t\tIl consiglio della settimana della MTC \t\t\t\t\t<\/p>\n\t\t\t\t\t\t\t\t\t\t<h5 class=\"post-title is-large\">\n\t\t\t\t\t\t<a href=\"https:\/\/www.meine-tcm.com\/it\/weisse-lebensmittel-herbst-tcm\/\" class=\"plain\">Der Herbst entscheidet, wie du durch den Winter kommst<\/a>\n\t\t\t\t\t<\/h5>\n\t\t\t\t\t\t\t\t\t\t<div class=\"is-divider\"><\/div>\n\t\t\t\t\t                    \n\t\t\t\t\t\n\t\t\t\t\t\n\t\t\t\t\t<\/div>\n\t\t\t\t\t<\/div>\n\t\t\t\t\t\t\t\t\t\t\t\t\t\t\t\t<div class=\"badge absolute top post-date badge-outline\">\n\t\t\t\t\t\t\t<div class=\"badge-inner\">\n\t\t\t\t\t\t\t\t<span class=\"post-date-day\">26<\/span><br>\n\t\t\t\t\t\t\t\t<span class=\"post-date-month is-xsmall\">Ago<\/span>\n\t\t\t\t\t\t\t<\/div>\n\t\t\t\t\t\t<\/div>\n\t\t\t\t\t\t\t\t\t<\/div>\n\t\t\t<\/div>\n\t\t<\/div><div class=\"col post-item grid-col grid-col-1-2 large-3 medium-6\" >\n\t\t\t<div class=\"col-inner\">\n\t\t\t\t<div class=\"box box-default box-text-bottom box-blog-post has-hover\">\n            \t\t\t\t\t<div class=\"box-image\" >\n  \t\t\t\t\t\t<div class=\"image-cover\" style=\"padding-top:56%;\">\n\t\t\t\t\t\t\t<a href=\"https:\/\/www.meine-tcm.com\/it\/warum-loslassen-im-kopf-nicht-funktioniert\/\" class=\"plain\" aria-label=\"Warum Loslassen im Kopf nicht funktioniert\">\n\t\t\t\t\t\t\t\t<img loading=\"lazy\" decoding=\"async\" width=\"280\" height=\"280\" src=\"https:\/\/www.meine-tcm.com\/wp-content\/uploads\/2026\/08\/seufzen-august-woche-3-1-280x280.jpg\" class=\"attachment-thumbnail size-thumbnail wp-post-image\" alt=\"Dein K\u00f6rper wei\u00df, wie Loslassen geht. Es hei\u00dft Seufzen.\" srcset=\"https:\/\/www.meine-tcm.com\/wp-content\/uploads\/2026\/08\/seufzen-august-woche-3-1-280x280.jpg 280w, https:\/\/www.meine-tcm.com\/wp-content\/uploads\/2026\/08\/seufzen-august-woche-3-1-400x400.jpg 400w, https:\/\/www.meine-tcm.com\/wp-content\/uploads\/2026\/08\/seufzen-august-woche-3-1-800x800.jpg 800w, https:\/\/www.meine-tcm.com\/wp-content\/uploads\/2026\/08\/seufzen-august-woche-3-1-768x768.jpg 768w, https:\/\/www.meine-tcm.com\/wp-content\/uploads\/2026\/08\/seufzen-august-woche-3-1-1536x1536.jpg 1536w, https:\/\/www.meine-tcm.com\/wp-content\/uploads\/2026\/08\/seufzen-august-woche-3-1-2048x2048.jpg 2048w, https:\/\/www.meine-tcm.com\/wp-content\/uploads\/2026\/08\/seufzen-august-woche-3-1-12x12.jpg 12w, https:\/\/www.meine-tcm.com\/wp-content\/uploads\/2026\/08\/seufzen-august-woche-3-1-100x100.jpg 100w\" sizes=\"auto, (max-width: 280px) 100vw, 280px\" title=\"Dein K\u00f6rper wei\u00df, wie Loslassen geht. Es hei\u00dft Seufzen.\" \/>\t\t\t\t\t\t\t<\/a>\n  \t\t\t\t\t\t\t  \t\t\t\t\t\t\t  \t\t\t\t\t\t<\/div>\n  \t\t\t\t\t\t  \t\t\t\t\t<\/div>\n          \t\t\t\t\t<div class=\"box-text text-center\" >\n\t\t\t\t\t<div class=\"box-text-inner blog-post-inner\">\n\n\t\t\t\t\t\n\t\t\t\t\t\t\t\t\t\t\t<p class=\"cat-label  is-xxsmall op-7 uppercase\">\n\t\t\t\t\tIl consiglio della settimana della MTC \t\t\t\t\t<\/p>\n\t\t\t\t\t\t\t\t\t\t<h5 class=\"post-title is-large\">\n\t\t\t\t\t\t<a href=\"https:\/\/www.meine-tcm.com\/it\/warum-loslassen-im-kopf-nicht-funktioniert\/\" class=\"plain\">Warum Loslassen im Kopf nicht funktioniert<\/a>\n\t\t\t\t\t<\/h5>\n\t\t\t\t\t\t\t\t\t\t<div class=\"is-divider\"><\/div>\n\t\t\t\t\t                    \n\t\t\t\t\t\n\t\t\t\t\t\n\t\t\t\t\t<\/div>\n\t\t\t\t\t<\/div>\n\t\t\t\t\t\t\t\t\t\t\t\t\t\t\t\t<div class=\"badge absolute top post-date badge-outline\">\n\t\t\t\t\t\t\t<div class=\"badge-inner\">\n\t\t\t\t\t\t\t\t<span class=\"post-date-day\">18<\/span><br>\n\t\t\t\t\t\t\t\t<span class=\"post-date-month is-xsmall\">Ago<\/span>\n\t\t\t\t\t\t\t<\/div>\n\t\t\t\t\t\t<\/div>\n\t\t\t\t\t\t\t\t\t<\/div>\n\t\t\t<\/div>\n\t\t<\/div><div class=\"col post-item grid-col grid-col-1-2 large-3 medium-6\" >\n\t\t\t<div class=\"col-inner\">\n\t\t\t\t<div class=\"box box-default box-text-bottom box-blog-post has-hover\">\n            \t\t\t\t\t<div class=\"box-image\" >\n  \t\t\t\t\t\t<div class=\"image-cover\" style=\"padding-top:56%;\">\n\t\t\t\t\t\t\t<a href=\"https:\/\/www.meine-tcm.com\/it\/der-weg-aus-dem-gedankenkreis\/\" class=\"plain\" aria-label=\"La via per uscire dal circolo vizioso dei pensieri\">\n\t\t\t\t\t\t\t\t<img loading=\"lazy\" decoding=\"async\" width=\"280\" height=\"280\" src=\"https:\/\/www.meine-tcm.com\/wp-content\/uploads\/2026\/07\/gruebeln-august-woche-2-1-280x280.jpg\" class=\"attachment-thumbnail size-thumbnail wp-post-image\" alt=\"Alcuni pensieri non si risolvono. Ci si libera da essi.\" srcset=\"https:\/\/www.meine-tcm.com\/wp-content\/uploads\/2026\/07\/gruebeln-august-woche-2-1-280x280.jpg 280w, https:\/\/www.meine-tcm.com\/wp-content\/uploads\/2026\/07\/gruebeln-august-woche-2-1-400x400.jpg 400w, https:\/\/www.meine-tcm.com\/wp-content\/uploads\/2026\/07\/gruebeln-august-woche-2-1-800x800.jpg 800w, https:\/\/www.meine-tcm.com\/wp-content\/uploads\/2026\/07\/gruebeln-august-woche-2-1-768x768.jpg 768w, https:\/\/www.meine-tcm.com\/wp-content\/uploads\/2026\/07\/gruebeln-august-woche-2-1-1536x1536.jpg 1536w, https:\/\/www.meine-tcm.com\/wp-content\/uploads\/2026\/07\/gruebeln-august-woche-2-1-2048x2048.jpg 2048w, https:\/\/www.meine-tcm.com\/wp-content\/uploads\/2026\/07\/gruebeln-august-woche-2-1-12x12.jpg 12w, https:\/\/www.meine-tcm.com\/wp-content\/uploads\/2026\/07\/gruebeln-august-woche-2-1-100x100.jpg 100w\" sizes=\"auto, (max-width: 280px) 100vw, 280px\" title=\"Alcuni pensieri non si risolvono. Ci si libera da essi.\" \/>\t\t\t\t\t\t\t<\/a>\n  \t\t\t\t\t\t\t  \t\t\t\t\t\t\t  \t\t\t\t\t\t<\/div>\n  \t\t\t\t\t\t  \t\t\t\t\t<\/div>\n          \t\t\t\t\t<div class=\"box-text text-center\" >\n\t\t\t\t\t<div class=\"box-text-inner blog-post-inner\">\n\n\t\t\t\t\t\n\t\t\t\t\t\t\t\t\t\t\t<p class=\"cat-label  is-xxsmall op-7 uppercase\">\n\t\t\t\t\tIl consiglio della settimana della MTC \t\t\t\t\t<\/p>\n\t\t\t\t\t\t\t\t\t\t<h5 class=\"post-title is-large\">\n\t\t\t\t\t\t<a href=\"https:\/\/www.meine-tcm.com\/it\/der-weg-aus-dem-gedankenkreis\/\" class=\"plain\">La via per uscire dal circolo vizioso dei pensieri<\/a>\n\t\t\t\t\t<\/h5>\n\t\t\t\t\t\t\t\t\t\t<div class=\"is-divider\"><\/div>\n\t\t\t\t\t                    \n\t\t\t\t\t\n\t\t\t\t\t\n\t\t\t\t\t<\/div>\n\t\t\t\t\t<\/div>\n\t\t\t\t\t\t\t\t\t\t\t\t\t\t\t\t<div class=\"badge absolute top post-date badge-outline\">\n\t\t\t\t\t\t\t<div class=\"badge-inner\">\n\t\t\t\t\t\t\t\t<span class=\"post-date-day\">12<\/span><br>\n\t\t\t\t\t\t\t\t<span class=\"post-date-month is-xsmall\">Ago<\/span>\n\t\t\t\t\t\t\t<\/div>\n\t\t\t\t\t\t<\/div>\n\t\t\t\t\t\t\t\t\t<\/div>\n\t\t\t<\/div>\n\t\t<\/div><div class=\"col post-item grid-col grid-col-1-2 large-3 medium-6\" >\n\t\t\t<div class=\"col-inner\">\n\t\t\t\t<div class=\"box box-default box-text-bottom box-blog-post has-hover\">\n            \t\t\t\t\t<div class=\"box-image\" >\n  \t\t\t\t\t\t<div class=\"image-cover\" style=\"padding-top:56%;\">\n\t\t\t\t\t\t\t<a href=\"https:\/\/www.meine-tcm.com\/it\/es-ist-zeit-zu-ernten\/\" class=\"plain\" aria-label=\"\u00c8 ora di raccogliere\">\n\t\t\t\t\t\t\t\t<img loading=\"lazy\" decoding=\"async\" width=\"280\" height=\"280\" src=\"https:\/\/www.meine-tcm.com\/wp-content\/uploads\/2026\/07\/dojo-august-woche-1-280x280.jpeg\" class=\"attachment-thumbnail size-thumbnail wp-post-image\" alt=\"Non devi pi\u00f9 seminare. \u00c8 ora di raccogliere.\" srcset=\"https:\/\/www.meine-tcm.com\/wp-content\/uploads\/2026\/07\/dojo-august-woche-1-280x280.jpeg 280w, https:\/\/www.meine-tcm.com\/wp-content\/uploads\/2026\/07\/dojo-august-woche-1-400x400.jpeg 400w, https:\/\/www.meine-tcm.com\/wp-content\/uploads\/2026\/07\/dojo-august-woche-1-800x800.jpeg 800w, https:\/\/www.meine-tcm.com\/wp-content\/uploads\/2026\/07\/dojo-august-woche-1-768x768.jpeg 768w, https:\/\/www.meine-tcm.com\/wp-content\/uploads\/2026\/07\/dojo-august-woche-1-12x12.jpeg 12w, https:\/\/www.meine-tcm.com\/wp-content\/uploads\/2026\/07\/dojo-august-woche-1-100x100.jpeg 100w, https:\/\/www.meine-tcm.com\/wp-content\/uploads\/2026\/07\/dojo-august-woche-1.jpeg 1280w\" sizes=\"auto, (max-width: 280px) 100vw, 280px\" title=\"Non devi pi\u00f9 seminare. \u00c8 ora di raccogliere.\" \/>\t\t\t\t\t\t\t<\/a>\n  \t\t\t\t\t\t\t  \t\t\t\t\t\t\t  \t\t\t\t\t\t<\/div>\n  \t\t\t\t\t\t  \t\t\t\t\t<\/div>\n          \t\t\t\t\t<div class=\"box-text text-center\" >\n\t\t\t\t\t<div class=\"box-text-inner blog-post-inner\">\n\n\t\t\t\t\t\n\t\t\t\t\t\t\t\t\t\t\t<p class=\"cat-label  is-xxsmall op-7 uppercase\">\n\t\t\t\t\tIl consiglio della settimana della MTC \t\t\t\t\t<\/p>\n\t\t\t\t\t\t\t\t\t\t<h5 class=\"post-title is-large\">\n\t\t\t\t\t\t<a href=\"https:\/\/www.meine-tcm.com\/it\/es-ist-zeit-zu-ernten\/\" class=\"plain\">\u00c8 ora di raccogliere<\/a>\n\t\t\t\t\t<\/h5>\n\t\t\t\t\t\t\t\t\t\t<div class=\"is-divider\"><\/div>\n\t\t\t\t\t                    \n\t\t\t\t\t\n\t\t\t\t\t\n\t\t\t\t\t<\/div>\n\t\t\t\t\t<\/div>\n\t\t\t\t\t\t\t\t\t\t\t\t\t\t\t\t<div class=\"badge absolute top post-date badge-outline\">\n\t\t\t\t\t\t\t<div class=\"badge-inner\">\n\t\t\t\t\t\t\t\t<span class=\"post-date-day\">04<\/span><br>\n\t\t\t\t\t\t\t\t<span class=\"post-date-month is-xsmall\">Ago<\/span>\n\t\t\t\t\t\t\t<\/div>\n\t\t\t\t\t\t<\/div>\n\t\t\t\t\t\t\t\t\t<\/div>\n\t\t\t<\/div>\n\t\t<\/div><div class=\"col post-item grid-col grid-col-1-2 large-3 medium-6\" >\n\t\t\t<div class=\"col-inner\">\n\t\t\t\t<div class=\"box box-default box-text-bottom box-blog-post has-hover\">\n            \t\t\t\t\t<div class=\"box-image\" >\n  \t\t\t\t\t\t<div class=\"image-cover\" style=\"padding-top:56%;\">\n\t\t\t\t\t\t\t<a href=\"https:\/\/www.meine-tcm.com\/it\/gruebeln-schlaegt-auf-den-magen\/\" class=\"plain\" aria-label=\"Cosa provoca il rimuginare sulla tua digestione \u2014 e come ritrovare la leggerezza\">\n\t\t\t\t\t\t\t\t<img loading=\"lazy\" decoding=\"async\" width=\"280\" height=\"280\" src=\"https:\/\/www.meine-tcm.com\/wp-content\/uploads\/2026\/07\/3weisen-leichte-mitte-behind-the-scenes-1066-280x280.jpg\" class=\"attachment-thumbnail size-thumbnail wp-post-image\" alt=\"Q\u00ed B\u00f3 | L&#039;imperatore giallo Huangdi | Dr. Weber\" srcset=\"https:\/\/www.meine-tcm.com\/wp-content\/uploads\/2026\/07\/3weisen-leichte-mitte-behind-the-scenes-1066-280x280.jpg 280w, https:\/\/www.meine-tcm.com\/wp-content\/uploads\/2026\/07\/3weisen-leichte-mitte-behind-the-scenes-1066-100x100.jpg 100w\" sizes=\"auto, (max-width: 280px) 100vw, 280px\" title=\"Servizio fotografico \u201cChiedi all\u2019Imperatore Giallo\u201d (BTS) \u2013 agosto 2026\" \/>\t\t\t\t\t\t\t<\/a>\n  \t\t\t\t\t\t\t  \t\t\t\t\t\t\t  \t\t\t\t\t\t<\/div>\n  \t\t\t\t\t\t  \t\t\t\t\t<\/div>\n          \t\t\t\t\t<div class=\"box-text text-center\" >\n\t\t\t\t\t<div class=\"box-text-inner blog-post-inner\">\n\n\t\t\t\t\t\n\t\t\t\t\t\t\t\t\t\t\t<p class=\"cat-label  is-xxsmall op-7 uppercase\">\n\t\t\t\t\tGenerale \t\t\t\t\t<\/p>\n\t\t\t\t\t\t\t\t\t\t<h5 class=\"post-title is-large\">\n\t\t\t\t\t\t<a href=\"https:\/\/www.meine-tcm.com\/it\/gruebeln-schlaegt-auf-den-magen\/\" class=\"plain\">Cosa provoca il rimuginare sulla tua digestione \u2014 e come ritrovare la leggerezza<\/a>\n\t\t\t\t\t<\/h5>\n\t\t\t\t\t\t\t\t\t\t<div class=\"is-divider\"><\/div>\n\t\t\t\t\t                    \n\t\t\t\t\t\n\t\t\t\t\t\n\t\t\t\t\t<\/div>\n\t\t\t\t\t<\/div>\n\t\t\t\t\t\t\t\t\t\t\t\t\t\t\t\t<div class=\"badge absolute top post-date badge-outline\">\n\t\t\t\t\t\t\t<div class=\"badge-inner\">\n\t\t\t\t\t\t\t\t<span class=\"post-date-day\">31<\/span><br>\n\t\t\t\t\t\t\t\t<span class=\"post-date-month is-xsmall\">Capocorda<\/span>\n\t\t\t\t\t\t\t<\/div>\n\t\t\t\t\t\t<\/div>\n\t\t\t\t\t\t\t\t\t<\/div>\n\t\t\t<\/div>\n\t\t<\/div><div class=\"col post-item grid-col grid-col-1-2 large-3 medium-6\" >\n\t\t\t<div class=\"col-inner\">\n\t\t\t\t<div class=\"box box-default box-text-bottom box-blog-post has-hover\">\n            \t\t\t\t\t<div class=\"box-image\" >\n  \t\t\t\t\t\t<div class=\"image-cover\" style=\"padding-top:56%;\">\n\t\t\t\t\t\t\t<a href=\"https:\/\/www.meine-tcm.com\/it\/leichte-mitte-atem-gruebeln\/\" class=\"plain\" aria-label=\"Il respiro che il tuo corpo conosce da tempo\">\n\t\t\t\t\t\t\t\t<img loading=\"lazy\" decoding=\"async\" width=\"280\" height=\"280\" src=\"https:\/\/www.meine-tcm.com\/wp-content\/uploads\/2026\/07\/august-newsletter-mitte-gruebeln-leitfaden-1-280x280.jpg\" class=\"attachment-thumbnail size-thumbnail wp-post-image\" alt=\"Basta rimuginare \u2014 basta espirare.\" srcset=\"https:\/\/www.meine-tcm.com\/wp-content\/uploads\/2026\/07\/august-newsletter-mitte-gruebeln-leitfaden-1-280x280.jpg 280w, https:\/\/www.meine-tcm.com\/wp-content\/uploads\/2026\/07\/august-newsletter-mitte-gruebeln-leitfaden-1-400x400.jpg 400w, https:\/\/www.meine-tcm.com\/wp-content\/uploads\/2026\/07\/august-newsletter-mitte-gruebeln-leitfaden-1-800x800.jpg 800w, https:\/\/www.meine-tcm.com\/wp-content\/uploads\/2026\/07\/august-newsletter-mitte-gruebeln-leitfaden-1-768x768.jpg 768w, https:\/\/www.meine-tcm.com\/wp-content\/uploads\/2026\/07\/august-newsletter-mitte-gruebeln-leitfaden-1-1536x1536.jpg 1536w, https:\/\/www.meine-tcm.com\/wp-content\/uploads\/2026\/07\/august-newsletter-mitte-gruebeln-leitfaden-1-2048x2048.jpg 2048w, https:\/\/www.meine-tcm.com\/wp-content\/uploads\/2026\/07\/august-newsletter-mitte-gruebeln-leitfaden-1-12x12.jpg 12w, https:\/\/www.meine-tcm.com\/wp-content\/uploads\/2026\/07\/august-newsletter-mitte-gruebeln-leitfaden-1-100x100.jpg 100w\" sizes=\"auto, (max-width: 280px) 100vw, 280px\" title=\"Basta rimuginare \u2014 basta espirare.\" \/>\t\t\t\t\t\t\t<\/a>\n  \t\t\t\t\t\t\t  \t\t\t\t\t\t\t  \t\t\t\t\t\t<\/div>\n  \t\t\t\t\t\t  \t\t\t\t\t<\/div>\n          \t\t\t\t\t<div class=\"box-text text-center\" >\n\t\t\t\t\t<div class=\"box-text-inner blog-post-inner\">\n\n\t\t\t\t\t\n\t\t\t\t\t\t\t\t\t\t\t<p class=\"cat-label  is-xxsmall op-7 uppercase\">\n\t\t\t\t\tMindfulness - Informazioni generali \t\t\t\t\t<\/p>\n\t\t\t\t\t\t\t\t\t\t<h5 class=\"post-title is-large\">\n\t\t\t\t\t\t<a href=\"https:\/\/www.meine-tcm.com\/it\/leichte-mitte-atem-gruebeln\/\" class=\"plain\">Il respiro che il tuo corpo conosce da tempo<\/a>\n\t\t\t\t\t<\/h5>\n\t\t\t\t\t\t\t\t\t\t<div class=\"is-divider\"><\/div>\n\t\t\t\t\t                    \n\t\t\t\t\t\n\t\t\t\t\t\n\t\t\t\t\t<\/div>\n\t\t\t\t\t<\/div>\n\t\t\t\t\t\t\t\t\t\t\t\t\t\t\t\t<div class=\"badge absolute top post-date badge-outline\">\n\t\t\t\t\t\t\t<div class=\"badge-inner\">\n\t\t\t\t\t\t\t\t<span class=\"post-date-day\">31<\/span><br>\n\t\t\t\t\t\t\t\t<span class=\"post-date-month is-xsmall\">Capocorda<\/span>\n\t\t\t\t\t\t\t<\/div>\n\t\t\t\t\t\t<\/div>\n\t\t\t\t\t\t\t\t\t<\/div>\n\t\t\t<\/div>\n\t\t<\/div><\/div>\n\t\t<\/div>\n\t\t\t\t\n<style>\n#col-1751475595 > .col-inner {\n  max-width: 1060px;\n}\n<\/style>\n\t<\/div>\n\n\t\n<\/div>\n\t\t<\/div>\n\n\t\t\n<style>\n#section_1323571136 {\n  padding-top: 0px;\n  padding-bottom: 0px;\n}\n<\/style>\n\t<\/section>\n\t\n\t<div id=\"gap-1794896980\" class=\"gap-element clearfix\" style=\"display:block; height:auto;\">\n\t\t\n<style>\n#gap-1794896980 {\n  padding-top: 20px;\n}\n<\/style>\n\t<\/div>\n\t\n\n\t<section class=\"section h2\" id=\"section_855648532\">\n\t\t<div class=\"section-bg fill\" >\n\t\t\t\t\t\t\t\t\t\n\t\t\t\n\n\t\t<\/div>\n\n\t\t\n\n\t\t<div class=\"section-content relative\">\n\t\t\t\n<div class=\"row row-collapse align-center\"  id=\"row-1941734487\">\n\n\t<div id=\"col-1599363624\" class=\"col small-12 large-12\"  >\n\t\t\t\t<div class=\"col-inner text-center\"  >\n\t\t\t\n\t\t\t\n<h2>I nostri prodotti pi\u00f9 popolari<\/h2>\n\t\t<\/div>\n\t\t\t\t\n<style>\n#col-1599363624 > .col-inner {\n  max-width: 960px;\n}\n<\/style>\n\t<\/div>\n\n\t\n<\/div>\n\t\t<\/div>\n\n\t\t\n<style>\n#section_855648532 {\n  padding-top: 0px;\n  padding-bottom: 0px;\n}\n<\/style>\n\t<\/section>\n\t\n\t<div id=\"gap-2110959046\" class=\"gap-element clearfix\" style=\"display:block; height:auto;\">\n\t\t\n<style>\n#gap-2110959046 {\n  padding-top: 10px;\n}\n<\/style>\n\t<\/div>\n\t\n\n\t<section class=\"section top-produkte\" id=\"section_451014857\">\n\t\t<div class=\"section-bg fill\" >\n\t\t\t\t\t\t\t\t\t\n\t\t\t\n\n\t\t<\/div>\n\n\t\t\n\n\t\t<div class=\"section-content relative\">\n\t\t\t\n<div class=\"row row-collapse align-center\"  id=\"row-1634027146\">\n\n\t<div id=\"col-936253611\" class=\"col small-12 large-12\"  >\n\t\t\t\t<div class=\"col-inner text-left\"  >\n\t\t\t\n\t\t\t\n\t\n  \n    <div class=\"row  equalize-box large-columns-5 medium-columns-3 small-columns-2 row-small\" >\n  \n\t     <div class=\"col\" >\n\t\t\t\t\t\t<div class=\"col-inner\">\n\t\t\t\t\t\t\n<div class=\"badge-container absolute left top z-1\">\n\n<\/div>\n\t\t\t\t\t\t<div class=\"product-small box has-hover box-normal box-text-bottom\">\n\t\t\t\t\t\t\t<div class=\"box-image\" >\n\t\t\t\t\t\t\t\t<div class=\"image-zoom\" >\n\t\t\t\t\t\t\t\t\t<a href=\"https:\/\/www.meine-tcm.com\/it\/produkt\/akupen-der-geniale-akupressurstift-mit-videoanleitung\/\" aria-label=\"Selbst\u2013Akupressur lernen: die AkuPen\u2013Videothek mit \u00fcber 100 Anleitungsvideos\">\n\t\t\t\t\t\t\t\t\t\t<img loading=\"lazy\" decoding=\"async\" width=\"400\" height=\"480\" src=\"https:\/\/www.meine-tcm.com\/wp-content\/uploads\/2014\/08\/Akupen-weiss-vertikal-3-400x480.jpg\" class=\"show-on-hover absolute fill hide-for-small back-image\" alt=\"AkuPen aperto\" aria-hidden=\"true\" title=\"AkuPen da Einfach besser leben\" \/><img loading=\"lazy\" decoding=\"async\" width=\"283\" height=\"400\" src=\"https:\/\/www.meine-tcm.com\/wp-content\/uploads\/2014\/08\/Akupen-mit-Verpackung-auf-weiss-2400x3392-1-283x400.jpg\" class=\"attachment-medium size-medium\" alt=\"AukPen con confezione in legno\" srcset=\"https:\/\/www.meine-tcm.com\/wp-content\/uploads\/2014\/08\/Akupen-mit-Verpackung-auf-weiss-2400x3392-1-283x400.jpg 283w, https:\/\/www.meine-tcm.com\/wp-content\/uploads\/2014\/08\/Akupen-mit-Verpackung-auf-weiss-2400x3392-1-scaled-800x1131.jpg 800w, https:\/\/www.meine-tcm.com\/wp-content\/uploads\/2014\/08\/Akupen-mit-Verpackung-auf-weiss-2400x3392-1-566x800.jpg 566w, https:\/\/www.meine-tcm.com\/wp-content\/uploads\/2014\/08\/Akupen-mit-Verpackung-auf-weiss-2400x3392-1-768x1085.jpg 768w, https:\/\/www.meine-tcm.com\/wp-content\/uploads\/2014\/08\/Akupen-mit-Verpackung-auf-weiss-2400x3392-1-1087x1536.jpg 1087w, https:\/\/www.meine-tcm.com\/wp-content\/uploads\/2014\/08\/Akupen-mit-Verpackung-auf-weiss-2400x3392-1-1449x2048.jpg 1449w, https:\/\/www.meine-tcm.com\/wp-content\/uploads\/2014\/08\/Akupen-mit-Verpackung-auf-weiss-2400x3392-1-8x12.jpg 8w, https:\/\/www.meine-tcm.com\/wp-content\/uploads\/2014\/08\/Akupen-mit-Verpackung-auf-weiss-2400x3392-1-scaled.jpg 1811w\" sizes=\"auto, (max-width: 283px) 100vw, 283px\" title=\"AkuPen con istruzioni video\" \/>\t\t\t\t\t\t\t\t\t<\/a>\n\t\t\t\t\t\t\t\t\t\t\t\t\t\t\t\t\t\t \t\t\t\t\t\t\t\t<\/div>\n\t\t\t\t\t\t\t\t<div class=\"image-tools top right show-on-hover\">\n\t\t\t\t\t\t\t\t\t\t\t\t\t\t\t\t\t<\/div>\n\t\t\t\t\t\t\t\t\t\t\t\t\t\t\t\t\t<div class=\"image-tools grid-tools text-center hide-for-small bottom hover-slide-in show-on-hover\">\n\t\t\t\t\t\t\t\t\t\t<a href=\"#quick-view\" class=\"quick-view\" role=\"button\" data-prod=\"1365\" aria-haspopup=\"dialog\" aria-expanded=\"false\" data-flatsome-role-button>Anteprima<\/a>\t\t\t\t\t\t\t\t\t<\/div>\n\t\t\t\t\t\t\t\t\t\t\t\t\t\t\t\t\t\t\t\t\t\t\t<\/div>\n\n\t\t\t\t\t\t\t<div class=\"box-text text-center\" >\n\t\t\t\t\t\t\t\t<div class=\"title-wrapper\">\t\t<p class=\"category uppercase is-smaller no-text-overflow product-cat op-8\">\n\t\t\tAkuPen\t\t<\/p>\n\t<p class=\"name product-title woocommerce-loop-product__title\"><a href=\"https:\/\/www.meine-tcm.com\/it\/produkt\/akupen-der-geniale-akupressurstift-mit-videoanleitung\/\" class=\"woocommerce-LoopProduct-link woocommerce-loop-product__link\">Selbst\u2013Akupressur lernen: die AkuPen\u2013Videothek mit \u00fcber 100 Anleitungsvideos<\/a><\/p><\/div><div class=\"price-wrapper\">\n\t<span class=\"price\"><span class=\"woocommerce-Price-amount amount\"><bdi>80,57&nbsp;<span class=\"woocommerce-Price-currencySymbol\" translate=\"no\">\u20ac<\/span><\/bdi><\/span><\/span>\n\n\n<\/div>\t<span id=\"woocommerce_loop_add_to_cart_link_describedby_1365\" class=\"screen-reader-text\">\n\t\t\t<\/span>\n\t\t\t\t\t\t\t<\/div>\n\t\t\t\t\t\t<\/div>\n\t\t\t\t\t\t<\/div>\n\t\t\t\t\t<\/div><div class=\"col\" >\n\t\t\t\t\t\t<div class=\"col-inner\">\n\t\t\t\t\t\t\n<div class=\"badge-container absolute left top z-1\">\n<div class=\"callout badge badge-circle\"><div class=\"badge-inner secondary on-sale\"><span class=\"onsale\" data-no-translation=\"\" data-trp-gettext=\"\">In offerta!<\/span><\/div><\/div>\n<\/div>\n\t\t\t\t\t\t<div class=\"product-small box has-hover box-normal box-text-bottom\">\n\t\t\t\t\t\t\t<div class=\"box-image\" >\n\t\t\t\t\t\t\t\t<div class=\"image-zoom\" >\n\t\t\t\t\t\t\t\t\t<a href=\"https:\/\/www.meine-tcm.com\/it\/produkt\/qi-gong-bundle-mit-den-besten-3-qi-gong-kursen\/\" aria-label=\"Qi Gong - Bundle con i 3 migliori corsi di Qi Gong\">\n\t\t\t\t\t\t\t\t\t\t<img loading=\"lazy\" decoding=\"async\" width=\"400\" height=\"480\" src=\"https:\/\/www.meine-tcm.com\/wp-content\/uploads\/2014\/06\/qi-gong-kurs-8-brokate-07-smartphone-400x480.jpg\" class=\"show-on-hover absolute fill hide-for-small back-image\" alt=\"La mano tiene lo smartphone, sullo schermo il portale dei corsi online di Einfach besser leben\" aria-hidden=\"true\" title=\"Corsi video online di Einfach besser leben\" \/><img loading=\"lazy\" decoding=\"async\" width=\"283\" height=\"400\" src=\"https:\/\/www.meine-tcm.com\/wp-content\/uploads\/2020\/09\/qi-gong-kurse-bundle-283x400.jpg\" class=\"attachment-medium size-medium\" alt=\"Immagine con le copertine dei tre corsi di Qi Gong di Einfach besser Leben\" srcset=\"https:\/\/www.meine-tcm.com\/wp-content\/uploads\/2020\/09\/qi-gong-kurse-bundle-283x400.jpg 283w, https:\/\/www.meine-tcm.com\/wp-content\/uploads\/2020\/09\/qi-gong-kurse-bundle-510x721.jpg 510w, https:\/\/www.meine-tcm.com\/wp-content\/uploads\/2020\/09\/qi-gong-kurse-bundle-566x800.jpg 566w, https:\/\/www.meine-tcm.com\/wp-content\/uploads\/2020\/09\/qi-gong-kurse-bundle.jpg 600w\" sizes=\"auto, (max-width: 283px) 100vw, 283px\" title=\"Pacchetto di corsi di Qi Gong online\" \/>\t\t\t\t\t\t\t\t\t<\/a>\n\t\t\t\t\t\t\t\t\t\t\t\t\t\t\t\t\t\t \t\t\t\t\t\t\t\t<\/div>\n\t\t\t\t\t\t\t\t<div class=\"image-tools top right show-on-hover\">\n\t\t\t\t\t\t\t\t\t\t\t\t\t\t\t\t\t<\/div>\n\t\t\t\t\t\t\t\t\t\t\t\t\t\t\t\t\t<div class=\"image-tools grid-tools text-center hide-for-small bottom hover-slide-in show-on-hover\">\n\t\t\t\t\t\t\t\t\t\t<a href=\"#quick-view\" class=\"quick-view\" role=\"button\" data-prod=\"1583\" aria-haspopup=\"dialog\" aria-expanded=\"false\" data-flatsome-role-button>Anteprima<\/a>\t\t\t\t\t\t\t\t\t<\/div>\n\t\t\t\t\t\t\t\t\t\t\t\t\t\t\t\t\t\t\t\t\t\t\t<\/div>\n\n\t\t\t\t\t\t\t<div class=\"box-text text-center\" >\n\t\t\t\t\t\t\t\t<div class=\"title-wrapper\">\t\t<p class=\"category uppercase is-smaller no-text-overflow product-cat op-8\">\n\t\t\tQi Gong\t\t<\/p>\n\t<p class=\"name product-title woocommerce-loop-product__title\"><a href=\"https:\/\/www.meine-tcm.com\/it\/produkt\/qi-gong-bundle-mit-den-besten-3-qi-gong-kursen\/\" class=\"woocommerce-LoopProduct-link woocommerce-loop-product__link\">Qi Gong - Bundle con i 3 migliori corsi di Qi Gong<\/a><\/p><\/div><div class=\"price-wrapper\">\n\t<span class=\"price\"><del aria-hidden=\"true\"><span class=\"woocommerce-Price-amount amount\"><bdi>85,41&nbsp;<span class=\"woocommerce-Price-currencySymbol\" translate=\"no\">\u20ac<\/span><\/bdi><\/span><\/del> <span class=\"screen-reader-text\" data-no-translation=\"\" data-trp-gettext=\"\">Il prezzo originale era: 85,41&nbsp;&euro;.<\/span><ins aria-hidden=\"true\"><span class=\"woocommerce-Price-amount amount\"><bdi>72,60&nbsp;<span class=\"woocommerce-Price-currencySymbol\" translate=\"no\">\u20ac<\/span><\/bdi><\/span><\/ins><span class=\"screen-reader-text\" data-no-translation=\"\" data-trp-gettext=\"\">Il prezzo attuale \u00e8: 72,60&nbsp;&euro;.<\/span><\/span>\n\n\n<\/div>\t<span id=\"woocommerce_loop_add_to_cart_link_describedby_1583\" class=\"screen-reader-text\">\n\t\t\t<\/span>\n\t\t\t\t\t\t\t<\/div>\n\t\t\t\t\t\t<\/div>\n\t\t\t\t\t\t<\/div>\n\t\t\t\t\t<\/div><div class=\"col\" >\n\t\t\t\t\t\t<div class=\"col-inner\">\n\t\t\t\t\t\t\n<div class=\"badge-container absolute left top z-1\">\n\n<\/div>\n\t\t\t\t\t\t<div class=\"product-small box has-hover box-normal box-text-bottom\">\n\t\t\t\t\t\t\t<div class=\"box-image\" >\n\t\t\t\t\t\t\t\t<div class=\"image-zoom\" >\n\t\t\t\t\t\t\t\t\t<a href=\"https:\/\/www.meine-tcm.com\/it\/produkt\/qi-gong-kurs-18-figuren-der-harmonie\/\" aria-label=\"Corso di Qi Gong II - Le 18 figure dell&#039;armonia\">\n\t\t\t\t\t\t\t\t\t\t<img loading=\"lazy\" decoding=\"async\" width=\"400\" height=\"480\" src=\"https:\/\/www.meine-tcm.com\/wp-content\/uploads\/2014\/08\/qi-gong-kurs-18-figuren-der-harmonie-05-smartphone-400x480.jpg\" class=\"show-on-hover absolute fill hide-for-small back-image\" alt=\"La mano tiene lo smartphone, sullo schermo il portale dei corsi online di Einfach besser leben\" aria-hidden=\"true\" title=\"Corsi video online di Einfach besser leben\" \/><img loading=\"lazy\" decoding=\"async\" width=\"283\" height=\"400\" src=\"https:\/\/www.meine-tcm.com\/wp-content\/uploads\/2014\/08\/qi-gong-kurs-18-figuren-der-harmonie-01-283x400.jpg\" class=\"attachment-medium size-medium\" alt=\"Immagine di copertina del corso di Qi Qong moderno - Le 18 figure dell&#039;armonia\" srcset=\"https:\/\/www.meine-tcm.com\/wp-content\/uploads\/2014\/08\/qi-gong-kurs-18-figuren-der-harmonie-01-283x400.jpg 283w, https:\/\/www.meine-tcm.com\/wp-content\/uploads\/2014\/08\/qi-gong-kurs-18-figuren-der-harmonie-01-510x721.jpg 510w, https:\/\/www.meine-tcm.com\/wp-content\/uploads\/2014\/08\/qi-gong-kurs-18-figuren-der-harmonie-01-566x800.jpg 566w, https:\/\/www.meine-tcm.com\/wp-content\/uploads\/2014\/08\/qi-gong-kurs-18-figuren-der-harmonie-01-600x848.jpg 600w, https:\/\/www.meine-tcm.com\/wp-content\/uploads\/2014\/08\/qi-gong-kurs-18-figuren-der-harmonie-01.jpg 764w\" sizes=\"auto, (max-width: 283px) 100vw, 283px\" title=\"Corso di Qi Qong - Le 18 figure dell&#039;armonia\" \/>\t\t\t\t\t\t\t\t\t<\/a>\n\t\t\t\t\t\t\t\t\t\t\t\t\t\t\t\t\t\t \t\t\t\t\t\t\t\t<\/div>\n\t\t\t\t\t\t\t\t<div class=\"image-tools top right show-on-hover\">\n\t\t\t\t\t\t\t\t\t\t\t\t\t\t\t\t\t<\/div>\n\t\t\t\t\t\t\t\t\t\t\t\t\t\t\t\t\t<div class=\"image-tools grid-tools text-center hide-for-small bottom hover-slide-in show-on-hover\">\n\t\t\t\t\t\t\t\t\t\t<a href=\"#quick-view\" class=\"quick-view\" role=\"button\" data-prod=\"1376\" aria-haspopup=\"dialog\" aria-expanded=\"false\" data-flatsome-role-button>Anteprima<\/a>\t\t\t\t\t\t\t\t\t<\/div>\n\t\t\t\t\t\t\t\t\t\t\t\t\t\t\t\t\t\t\t\t\t\t\t<\/div>\n\n\t\t\t\t\t\t\t<div class=\"box-text text-center\" >\n\t\t\t\t\t\t\t\t<div class=\"title-wrapper\">\t\t<p class=\"category uppercase is-smaller no-text-overflow product-cat op-8\">\n\t\t\tQi Gong\t\t<\/p>\n\t<p class=\"name product-title woocommerce-loop-product__title\"><a href=\"https:\/\/www.meine-tcm.com\/it\/produkt\/qi-gong-kurs-18-figuren-der-harmonie\/\" class=\"woocommerce-LoopProduct-link woocommerce-loop-product__link\">Corso di Qi Gong II - Le 18 figure dell'armonia<\/a><\/p><\/div><div class=\"price-wrapper\">\n\t<span class=\"price\"><span class=\"woocommerce-Price-amount amount\"><bdi>35,19&nbsp;<span class=\"woocommerce-Price-currencySymbol\" translate=\"no\">\u20ac<\/span><\/bdi><\/span><\/span>\n\n\n<\/div>\t<span id=\"woocommerce_loop_add_to_cart_link_describedby_1376\" class=\"screen-reader-text\">\n\t\tQuesto prodotto ha pi\u00f9 varianti. Le opzioni possono essere scelte nella pagina del prodotto\t<\/span>\n\t\t\t\t\t\t\t<\/div>\n\t\t\t\t\t\t<\/div>\n\t\t\t\t\t\t<\/div>\n\t\t\t\t\t<\/div><div class=\"col\" >\n\t\t\t\t\t\t<div class=\"col-inner\">\n\t\t\t\t\t\t\n<div class=\"badge-container absolute left top z-1\">\n<div class=\"callout badge badge-circle\"><div class=\"badge-inner secondary on-sale\"><span class=\"onsale\">-29%<\/span><\/div><\/div>\n<\/div>\n\t\t\t\t\t\t<div class=\"product-small box has-hover box-normal box-text-bottom\">\n\t\t\t\t\t\t\t<div class=\"box-image\" >\n\t\t\t\t\t\t\t\t<div class=\"image-zoom\" >\n\t\t\t\t\t\t\t\t\t<a href=\"https:\/\/www.meine-tcm.com\/it\/produkt\/meridian-yoga-fuer-mehr-energie-und-vitalitaet\/\" aria-label=\"Yoga dei meridiani per una maggiore energia e vitalit\u00e0 - corso online\">\n\t\t\t\t\t\t\t\t\t\t<img loading=\"lazy\" decoding=\"async\" width=\"283\" height=\"400\" src=\"https:\/\/www.meine-tcm.com\/wp-content\/uploads\/2019\/09\/meridian-yoga-inlay-aussen-v1-764x1080-1-283x400.jpg\" class=\"attachment-medium size-medium\" alt=\"Coprire il corso online di Yoga Meridiano con Kati nella posa dello Yoga Meridiano\" srcset=\"https:\/\/www.meine-tcm.com\/wp-content\/uploads\/2019\/09\/meridian-yoga-inlay-aussen-v1-764x1080-1-283x400.jpg 283w, https:\/\/www.meine-tcm.com\/wp-content\/uploads\/2019\/09\/meridian-yoga-inlay-aussen-v1-764x1080-1-510x721.jpg 510w, https:\/\/www.meine-tcm.com\/wp-content\/uploads\/2019\/09\/meridian-yoga-inlay-aussen-v1-764x1080-1-566x800.jpg 566w, https:\/\/www.meine-tcm.com\/wp-content\/uploads\/2019\/09\/meridian-yoga-inlay-aussen-v1-764x1080-1-600x848.jpg 600w, https:\/\/www.meine-tcm.com\/wp-content\/uploads\/2019\/09\/meridian-yoga-inlay-aussen-v1-764x1080-1.jpg 764w\" sizes=\"auto, (max-width: 283px) 100vw, 283px\" title=\"Corso online di Yoga Meridiano con calendario di formazione\" \/>\t\t\t\t\t\t\t\t\t<\/a>\n\t\t\t\t\t\t\t\t\t\t\t\t\t\t\t\t\t\t \t\t\t\t\t\t\t\t<\/div>\n\t\t\t\t\t\t\t\t<div class=\"image-tools top right show-on-hover\">\n\t\t\t\t\t\t\t\t\t\t\t\t\t\t\t\t\t<\/div>\n\t\t\t\t\t\t\t\t\t\t\t\t\t\t\t\t\t<div class=\"image-tools grid-tools text-center hide-for-small bottom hover-slide-in show-on-hover\">\n\t\t\t\t\t\t\t\t\t\t<a href=\"#quick-view\" class=\"quick-view\" role=\"button\" data-prod=\"1363\" aria-haspopup=\"dialog\" aria-expanded=\"false\" data-flatsome-role-button>Anteprima<\/a>\t\t\t\t\t\t\t\t\t<\/div>\n\t\t\t\t\t\t\t\t\t\t\t\t\t\t\t\t\t\t\t\t\t\t\t<\/div>\n\n\t\t\t\t\t\t\t<div class=\"box-text text-center\" >\n\t\t\t\t\t\t\t\t<div class=\"title-wrapper\">\t\t<p class=\"category uppercase is-smaller no-text-overflow product-cat op-8\">\n\t\t\tLo yoga\t\t<\/p>\n\t<p class=\"name product-title woocommerce-loop-product__title\"><a href=\"https:\/\/www.meine-tcm.com\/it\/produkt\/meridian-yoga-fuer-mehr-energie-und-vitalitaet\/\" class=\"woocommerce-LoopProduct-link woocommerce-loop-product__link\">Yoga dei meridiani per una maggiore energia e vitalit\u00e0 - corso online<\/a><\/p><\/div><div class=\"price-wrapper\">\n\t<span class=\"price\"><del aria-hidden=\"true\"><span class=\"woocommerce-Price-amount amount\"><bdi>70,49&nbsp;<span class=\"woocommerce-Price-currencySymbol\" translate=\"no\">\u20ac<\/span><\/bdi><\/span><\/del> <span class=\"screen-reader-text\" data-no-translation=\"\" data-trp-gettext=\"\">Il prezzo originale era: 70,49&nbsp;&euro;.<\/span><ins aria-hidden=\"true\"><span class=\"woocommerce-Price-amount amount\"><bdi>50,32&nbsp;<span class=\"woocommerce-Price-currencySymbol\" translate=\"no\">\u20ac<\/span><\/bdi><\/span><\/ins><span class=\"screen-reader-text\" data-no-translation=\"\" data-trp-gettext=\"\">Il prezzo attuale \u00e8: 50,32&nbsp;&euro;.<\/span><\/span>\n\n\n<\/div>\t<span id=\"woocommerce_loop_add_to_cart_link_describedby_1363\" class=\"screen-reader-text\">\n\t\t\t<\/span>\n\t\t\t\t\t\t\t<\/div>\n\t\t\t\t\t\t<\/div>\n\t\t\t\t\t\t<\/div>\n\t\t\t\t\t<\/div><div class=\"col\" >\n\t\t\t\t\t\t<div class=\"col-inner\">\n\t\t\t\t\t\t\n<div class=\"badge-container absolute left top z-1\">\n\n<\/div>\n\t\t\t\t\t\t<div class=\"product-small box has-hover box-normal box-text-bottom\">\n\t\t\t\t\t\t\t<div class=\"box-image\" >\n\t\t\t\t\t\t\t\t<div class=\"image-zoom\" >\n\t\t\t\t\t\t\t\t\t<a href=\"https:\/\/www.meine-tcm.com\/it\/produkt\/dein-ganzheitliches-rueckentraining-1\/\" aria-label=\"Il vostro allenamento olistico per la schiena\">\n\t\t\t\t\t\t\t\t\t\t<img loading=\"lazy\" decoding=\"async\" width=\"400\" height=\"480\" src=\"https:\/\/www.meine-tcm.com\/wp-content\/uploads\/2014\/07\/ganzheitliches-rueckentraining-kurs-06-smartphone-400x480.jpg\" class=\"show-on-hover absolute fill hide-for-small back-image\" alt=\"La mano tiene lo smartphone, sullo schermo il portale dei corsi online di Einfach besser leben\" aria-hidden=\"true\" title=\"Corsi video online di Einfach besser leben\" \/><img loading=\"lazy\" decoding=\"async\" width=\"283\" height=\"400\" src=\"https:\/\/www.meine-tcm.com\/wp-content\/uploads\/2014\/07\/ganzheitliches-rueckentraining-kurs-01-283x400.jpg\" class=\"attachment-medium size-medium\" alt=\"Immagine di copertina del DVD Il tuo training olistico per la schiena con Wolfgang\" srcset=\"https:\/\/www.meine-tcm.com\/wp-content\/uploads\/2014\/07\/ganzheitliches-rueckentraining-kurs-01-283x400.jpg 283w, https:\/\/www.meine-tcm.com\/wp-content\/uploads\/2014\/07\/ganzheitliches-rueckentraining-kurs-01-510x721.jpg 510w, https:\/\/www.meine-tcm.com\/wp-content\/uploads\/2014\/07\/ganzheitliches-rueckentraining-kurs-01-566x800.jpg 566w, https:\/\/www.meine-tcm.com\/wp-content\/uploads\/2014\/07\/ganzheitliches-rueckentraining-kurs-01-600x848.jpg 600w, https:\/\/www.meine-tcm.com\/wp-content\/uploads\/2014\/07\/ganzheitliches-rueckentraining-kurs-01.jpg 764w\" sizes=\"auto, (max-width: 283px) 100vw, 283px\" title=\"Il vostro corso olistico di allenamento per la schiena in DVD\" \/>\t\t\t\t\t\t\t\t\t<\/a>\n\t\t\t\t\t\t\t\t\t\t\t\t\t\t\t\t\t\t \t\t\t\t\t\t\t\t<\/div>\n\t\t\t\t\t\t\t\t<div class=\"image-tools top right show-on-hover\">\n\t\t\t\t\t\t\t\t\t\t\t\t\t\t\t\t\t<\/div>\n\t\t\t\t\t\t\t\t\t\t\t\t\t\t\t\t\t<div class=\"image-tools grid-tools text-center hide-for-small bottom hover-slide-in show-on-hover\">\n\t\t\t\t\t\t\t\t\t\t<a href=\"#quick-view\" class=\"quick-view\" role=\"button\" data-prod=\"1406\" aria-haspopup=\"dialog\" aria-expanded=\"false\" data-flatsome-role-button>Anteprima<\/a>\t\t\t\t\t\t\t\t\t<\/div>\n\t\t\t\t\t\t\t\t\t\t\t\t\t\t\t\t\t\t\t\t\t\t\t<\/div>\n\n\t\t\t\t\t\t\t<div class=\"box-text text-center\" >\n\t\t\t\t\t\t\t\t<div class=\"title-wrapper\">\t\t<p class=\"category uppercase is-smaller no-text-overflow product-cat op-8\">\n\t\t\tMal di schiena\t\t<\/p>\n\t<p class=\"name product-title woocommerce-loop-product__title\"><a href=\"https:\/\/www.meine-tcm.com\/it\/produkt\/dein-ganzheitliches-rueckentraining-1\/\" class=\"woocommerce-LoopProduct-link woocommerce-loop-product__link\">Il vostro allenamento olistico per la schiena<\/a><\/p><\/div><div class=\"price-wrapper\">\n\t<span class=\"price\"><span class=\"woocommerce-Price-amount amount\"><bdi>25,11&nbsp;<span class=\"woocommerce-Price-currencySymbol\" translate=\"no\">\u20ac<\/span><\/bdi><\/span><\/span>\n\n\n<\/div>\t<span id=\"woocommerce_loop_add_to_cart_link_describedby_1406\" class=\"screen-reader-text\">\n\t\tQuesto prodotto ha pi\u00f9 varianti. Le opzioni possono essere scelte nella pagina del prodotto\t<\/span>\n\t\t\t\t\t\t\t<\/div>\n\t\t\t\t\t\t<\/div>\n\t\t\t\t\t\t<\/div>\n\t\t\t\t\t<\/div><\/div>\n\t\t<\/div>\n\t\t\t\t\n<style>\n#col-936253611 > .col-inner {\n  max-width: 1200px;\n}\n<\/style>\n\t<\/div>\n\n\t\n<\/div>\n\t\t<\/div>\n\n\t\t\n<style>\n#section_451014857 {\n  padding-top: 0px;\n  padding-bottom: 0px;\n}\n<\/style>\n\t<\/section>\n\t\n\n\nh2 {\ntext-align: left;\n}\nsection.one-image .img {\nmargin-bottom: 0 !important;\n}\nsection.one-image img {\n    border-radius: 15px;\n}","protected":false},"excerpt":{"rendered":"<p>Wenn du schl\u00e4fst, bleibt nicht alles still. Etwas in dir bewegt sich weiter \u2014 leise, ordnend, suchend. In der TCM hei\u00dft es: Der Hun wandert in der Nacht.<\/p>\n<p>Er ist der Teil, der tr\u00e4umt, sortiert, verarbeitet, innerlich \u201eweitergeht&#8220;, auch wenn du liegst. Und zwischen 1 und 3 Uhr steht dieser Hun in enger Beziehung zur Leber.<\/p>","protected":false},"author":3859,"featured_media":25010,"comment_status":"open","ping_status":"open","sticky":false,"template":"","format":"standard","meta":{"_acf_changed":false,"footnotes":""},"categories":[300],"tags":[],"class_list":["post-25008","post","type-post","status-publish","format-standard","has-post-thumbnail","hentry","category-tcm-tipp-der-woche"],"acf":[],"yoast_head":"<!-- This site is optimized with the Yoast SEO plugin v28.3 - https:\/\/yoast.com\/product\/yoast-seo-wordpress\/ -->\n<title>Nachts aufwachen zwischen 1 und 3 Uhr? Die Leber ist schuld<\/title>\n<meta name=\"description\" content=\"Immer zwischen 1 und 3 Uhr wach? Die TCM erkl\u00e4rt warum \u2014 mit Organuhr, 5 S\u00e4ulen f\u00fcr besseren Schlaf und 4 Akupressur-Punkten.\" \/>\n<meta name=\"robots\" content=\"index, follow, max-snippet:-1, max-image-preview:large, max-video-preview:-1\" \/>\n<link rel=\"canonical\" href=\"https:\/\/www.meine-tcm.com\/it\/perche-ci-si-sveglia-tra-l1-e-le-3-del-mattino\/\" \/>\n<meta property=\"og:locale\" content=\"it_IT\" \/>\n<meta property=\"og:type\" content=\"article\" \/>\n<meta property=\"og:title\" content=\"Nachts aufwachen zwischen 1 und 3 Uhr? Die Leber ist schuld\" \/>\n<meta property=\"og:description\" content=\"Immer zwischen 1 und 3 Uhr wach? Die TCM erkl\u00e4rt warum \u2014 mit Organuhr, 5 S\u00e4ulen f\u00fcr besseren Schlaf und 4 Akupressur-Punkten.\" \/>\n<meta property=\"og:url\" content=\"https:\/\/www.meine-tcm.com\/it\/perche-ci-si-sveglia-tra-l1-e-le-3-del-mattino\/\" \/>\n<meta property=\"og:site_name\" content=\"meine TCM | Traditionelle Chinesische Medizin einfach erkl\u00e4rt\" \/>\n<meta property=\"article:published_time\" content=\"2026-04-14T05:00:00+00:00\" \/>\n<meta property=\"article:modified_time\" content=\"2026-07-23T08:57:16+00:00\" \/>\n<meta property=\"og:image\" content=\"https:\/\/www.meine-tcm.com\/wp-content\/uploads\/2026\/01\/schlafstoerungen-april-beitrag-4.jpg\" \/>\n\t<meta property=\"og:image:width\" content=\"2160\" \/>\n\t<meta property=\"og:image:height\" content=\"2160\" \/>\n\t<meta property=\"og:image:type\" content=\"image\/jpeg\" \/>\n<meta name=\"author\" content=\"Marina\" \/>\n<meta name=\"twitter:card\" content=\"summary_large_image\" \/>\n<meta name=\"twitter:label1\" content=\"Scritto da\" \/>\n\t<meta name=\"twitter:data1\" content=\"Marina\" \/>\n\t<meta name=\"twitter:label2\" content=\"Tempo di lettura stimato\" \/>\n\t<meta name=\"twitter:data2\" content=\"10 minuti\" \/>\n<script type=\"application\/ld+json\" class=\"yoast-schema-graph\">{\"@context\":\"https:\\\/\\\/schema.org\",\"@graph\":[{\"@type\":\"Article\",\"@id\":\"https:\\\/\\\/www.meine-tcm.com\\\/warum-du-zwischen-1-und-3-uhr-aufwachst\\\/#article\",\"isPartOf\":{\"@id\":\"https:\\\/\\\/www.meine-tcm.com\\\/warum-du-zwischen-1-und-3-uhr-aufwachst\\\/\"},\"author\":{\"name\":\"Marina\",\"@id\":\"https:\\\/\\\/www.meine-tcm.com\\\/#\\\/schema\\\/person\\\/76da350caed5aad1d9998ba607d86f28\"},\"headline\":\"Warum du zwischen 1 und 3 Uhr aufwachst\",\"datePublished\":\"2026-04-14T05:00:00+00:00\",\"dateModified\":\"2026-07-23T08:57:16+00:00\",\"mainEntityOfPage\":{\"@id\":\"https:\\\/\\\/www.meine-tcm.com\\\/warum-du-zwischen-1-und-3-uhr-aufwachst\\\/\"},\"wordCount\":1919,\"commentCount\":0,\"publisher\":{\"@id\":\"https:\\\/\\\/www.meine-tcm.com\\\/#organization\"},\"image\":{\"@id\":\"https:\\\/\\\/www.meine-tcm.com\\\/warum-du-zwischen-1-und-3-uhr-aufwachst\\\/#primaryimage\"},\"thumbnailUrl\":\"https:\\\/\\\/www.meine-tcm.com\\\/wp-content\\\/uploads\\\/2026\\\/01\\\/schlafstoerungen-april-beitrag-4.jpg\",\"articleSection\":[\"TCM Tipp der Woche\"],\"inLanguage\":\"it-IT\",\"potentialAction\":[{\"@type\":\"CommentAction\",\"name\":\"Comment\",\"target\":[\"https:\\\/\\\/www.meine-tcm.com\\\/warum-du-zwischen-1-und-3-uhr-aufwachst\\\/#respond\"]}]},{\"@type\":\"WebPage\",\"@id\":\"https:\\\/\\\/www.meine-tcm.com\\\/warum-du-zwischen-1-und-3-uhr-aufwachst\\\/\",\"url\":\"https:\\\/\\\/www.meine-tcm.com\\\/warum-du-zwischen-1-und-3-uhr-aufwachst\\\/\",\"name\":\"Nachts aufwachen zwischen 1 und 3 Uhr? Die Leber ist schuld\",\"isPartOf\":{\"@id\":\"https:\\\/\\\/www.meine-tcm.com\\\/#website\"},\"primaryImageOfPage\":{\"@id\":\"https:\\\/\\\/www.meine-tcm.com\\\/warum-du-zwischen-1-und-3-uhr-aufwachst\\\/#primaryimage\"},\"image\":{\"@id\":\"https:\\\/\\\/www.meine-tcm.com\\\/warum-du-zwischen-1-und-3-uhr-aufwachst\\\/#primaryimage\"},\"thumbnailUrl\":\"https:\\\/\\\/www.meine-tcm.com\\\/wp-content\\\/uploads\\\/2026\\\/01\\\/schlafstoerungen-april-beitrag-4.jpg\",\"datePublished\":\"2026-04-14T05:00:00+00:00\",\"dateModified\":\"2026-07-23T08:57:16+00:00\",\"description\":\"Immer zwischen 1 und 3 Uhr wach? Die TCM erkl\u00e4rt warum \u2014 mit Organuhr, 5 S\u00e4ulen f\u00fcr besseren Schlaf und 4 Akupressur-Punkten.\",\"breadcrumb\":{\"@id\":\"https:\\\/\\\/www.meine-tcm.com\\\/warum-du-zwischen-1-und-3-uhr-aufwachst\\\/#breadcrumb\"},\"inLanguage\":\"it-IT\",\"potentialAction\":[{\"@type\":\"ReadAction\",\"target\":[\"https:\\\/\\\/www.meine-tcm.com\\\/warum-du-zwischen-1-und-3-uhr-aufwachst\\\/\"]}]},{\"@type\":\"ImageObject\",\"inLanguage\":\"it-IT\",\"@id\":\"https:\\\/\\\/www.meine-tcm.com\\\/warum-du-zwischen-1-und-3-uhr-aufwachst\\\/#primaryimage\",\"url\":\"https:\\\/\\\/www.meine-tcm.com\\\/wp-content\\\/uploads\\\/2026\\\/01\\\/schlafstoerungen-april-beitrag-4.jpg\",\"contentUrl\":\"https:\\\/\\\/www.meine-tcm.com\\\/wp-content\\\/uploads\\\/2026\\\/01\\\/schlafstoerungen-april-beitrag-4.jpg\",\"width\":2160,\"height\":2160,\"caption\":\"Die Nacht hat eine Botschaft. H\u00f6rst du sie?\"},{\"@type\":\"BreadcrumbList\",\"@id\":\"https:\\\/\\\/www.meine-tcm.com\\\/warum-du-zwischen-1-und-3-uhr-aufwachst\\\/#breadcrumb\",\"itemListElement\":[{\"@type\":\"ListItem\",\"position\":1,\"name\":\"Home\",\"item\":\"https:\\\/\\\/www.meine-tcm.com\\\/\"},{\"@type\":\"ListItem\",\"position\":2,\"name\":\"Warum du zwischen 1 und 3 Uhr aufwachst\"}]},{\"@type\":\"WebSite\",\"@id\":\"https:\\\/\\\/www.meine-tcm.com\\\/#website\",\"url\":\"https:\\\/\\\/www.meine-tcm.com\\\/\",\"name\":\"meine TCM | Traditionelle Chinesische Medizin einfach erkl\u00e4rt\",\"description\":\"Einfach gesund bleiben\",\"publisher\":{\"@id\":\"https:\\\/\\\/www.meine-tcm.com\\\/#organization\"},\"potentialAction\":[{\"@type\":\"SearchAction\",\"target\":{\"@type\":\"EntryPoint\",\"urlTemplate\":\"https:\\\/\\\/www.meine-tcm.com\\\/?s={search_term_string}\"},\"query-input\":{\"@type\":\"PropertyValueSpecification\",\"valueRequired\":true,\"valueName\":\"search_term_string\"}}],\"inLanguage\":\"it-IT\"},{\"@type\":\"Organization\",\"@id\":\"https:\\\/\\\/www.meine-tcm.com\\\/#organization\",\"name\":\"meine-TCM.com \u2014 Traditionelle chinesische Medizin einfach erkl\u00e4rt\",\"url\":\"https:\\\/\\\/www.meine-tcm.com\\\/\",\"logo\":{\"@type\":\"ImageObject\",\"inLanguage\":\"it-IT\",\"@id\":\"https:\\\/\\\/www.meine-tcm.com\\\/#\\\/schema\\\/logo\\\/image\\\/\",\"url\":\"https:\\\/\\\/www.meine-tcm.com\\\/wp-content\\\/uploads\\\/2022\\\/08\\\/meine-tcm-traditionelle-chinesische-medizin-einfach-erklaert.png\",\"contentUrl\":\"https:\\\/\\\/www.meine-tcm.com\\\/wp-content\\\/uploads\\\/2022\\\/08\\\/meine-tcm-traditionelle-chinesische-medizin-einfach-erklaert.png\",\"width\":559,\"height\":479,\"caption\":\"meine-TCM.com \u2014 Traditionelle chinesische Medizin einfach erkl\u00e4rt\"},\"image\":{\"@id\":\"https:\\\/\\\/www.meine-tcm.com\\\/#\\\/schema\\\/logo\\\/image\\\/\"},\"sameAs\":[\"https:\\\/\\\/www.instagram.com\\\/meinetcm\\\/\",\"https:\\\/\\\/www.youtube.com\\\/@EinfachbesserLeben\"]},{\"@type\":\"Person\",\"@id\":\"https:\\\/\\\/www.meine-tcm.com\\\/#\\\/schema\\\/person\\\/76da350caed5aad1d9998ba607d86f28\",\"name\":\"Marina\"}]}<\/script>\n<!-- \/ Yoast SEO plugin. -->","yoast_head_json":{"title":"Ti svegli di notte tra l'una e le tre? La colpa \u00e8 del fegato","description":"Ti capita sempre di svegliarti tra l'una e le tre del mattino? La medicina tradizionale cinese spiega il perch\u00e9, parlando dell'orologio biologico, dei 5 pilastri per dormire meglio e di 4 punti di digitopressione.","robots":{"index":"index","follow":"follow","max-snippet":"max-snippet:-1","max-image-preview":"max-image-preview:large","max-video-preview":"max-video-preview:-1"},"canonical":"https:\/\/www.meine-tcm.com\/it\/perche-ci-si-sveglia-tra-l1-e-le-3-del-mattino\/","og_locale":"it_IT","og_type":"article","og_title":"Nachts aufwachen zwischen 1 und 3 Uhr? Die Leber ist schuld","og_description":"Immer zwischen 1 und 3 Uhr wach? Die TCM erkl\u00e4rt warum \u2014 mit Organuhr, 5 S\u00e4ulen f\u00fcr besseren Schlaf und 4 Akupressur-Punkten.","og_url":"https:\/\/www.meine-tcm.com\/it\/perche-ci-si-sveglia-tra-l1-e-le-3-del-mattino\/","og_site_name":"meine TCM | Traditionelle Chinesische Medizin einfach erkl\u00e4rt","article_published_time":"2026-04-14T05:00:00+00:00","article_modified_time":"2026-07-23T08:57:16+00:00","og_image":[{"width":2160,"height":2160,"url":"https:\/\/www.meine-tcm.com\/wp-content\/uploads\/2026\/01\/schlafstoerungen-april-beitrag-4.jpg","type":"image\/jpeg"}],"author":"Marina","twitter_card":"summary_large_image","twitter_misc":{"Scritto da":"Marina","Tempo di lettura stimato":"10 minuti"},"schema":{"@context":"https:\/\/schema.org","@graph":[{"@type":"Article","@id":"https:\/\/www.meine-tcm.com\/warum-du-zwischen-1-und-3-uhr-aufwachst\/#article","isPartOf":{"@id":"https:\/\/www.meine-tcm.com\/warum-du-zwischen-1-und-3-uhr-aufwachst\/"},"author":{"name":"Marina","@id":"https:\/\/www.meine-tcm.com\/#\/schema\/person\/76da350caed5aad1d9998ba607d86f28"},"headline":"Warum du zwischen 1 und 3 Uhr aufwachst","datePublished":"2026-04-14T05:00:00+00:00","dateModified":"2026-07-23T08:57:16+00:00","mainEntityOfPage":{"@id":"https:\/\/www.meine-tcm.com\/warum-du-zwischen-1-und-3-uhr-aufwachst\/"},"wordCount":1919,"commentCount":0,"publisher":{"@id":"https:\/\/www.meine-tcm.com\/#organization"},"image":{"@id":"https:\/\/www.meine-tcm.com\/warum-du-zwischen-1-und-3-uhr-aufwachst\/#primaryimage"},"thumbnailUrl":"https:\/\/www.meine-tcm.com\/wp-content\/uploads\/2026\/01\/schlafstoerungen-april-beitrag-4.jpg","articleSection":["TCM Tipp der Woche"],"inLanguage":"it-IT","potentialAction":[{"@type":"CommentAction","name":"Comment","target":["https:\/\/www.meine-tcm.com\/warum-du-zwischen-1-und-3-uhr-aufwachst\/#respond"]}]},{"@type":"WebPage","@id":"https:\/\/www.meine-tcm.com\/warum-du-zwischen-1-und-3-uhr-aufwachst\/","url":"https:\/\/www.meine-tcm.com\/warum-du-zwischen-1-und-3-uhr-aufwachst\/","name":"Ti svegli di notte tra l'una e le tre? La colpa \u00e8 del fegato","isPartOf":{"@id":"https:\/\/www.meine-tcm.com\/#website"},"primaryImageOfPage":{"@id":"https:\/\/www.meine-tcm.com\/warum-du-zwischen-1-und-3-uhr-aufwachst\/#primaryimage"},"image":{"@id":"https:\/\/www.meine-tcm.com\/warum-du-zwischen-1-und-3-uhr-aufwachst\/#primaryimage"},"thumbnailUrl":"https:\/\/www.meine-tcm.com\/wp-content\/uploads\/2026\/01\/schlafstoerungen-april-beitrag-4.jpg","datePublished":"2026-04-14T05:00:00+00:00","dateModified":"2026-07-23T08:57:16+00:00","description":"Ti capita sempre di svegliarti tra l'una e le tre del mattino? La medicina tradizionale cinese spiega il perch\u00e9, parlando dell'orologio biologico, dei 5 pilastri per dormire meglio e di 4 punti di digitopressione.","breadcrumb":{"@id":"https:\/\/www.meine-tcm.com\/warum-du-zwischen-1-und-3-uhr-aufwachst\/#breadcrumb"},"inLanguage":"it-IT","potentialAction":[{"@type":"ReadAction","target":["https:\/\/www.meine-tcm.com\/warum-du-zwischen-1-und-3-uhr-aufwachst\/"]}]},{"@type":"ImageObject","inLanguage":"it-IT","@id":"https:\/\/www.meine-tcm.com\/warum-du-zwischen-1-und-3-uhr-aufwachst\/#primaryimage","url":"https:\/\/www.meine-tcm.com\/wp-content\/uploads\/2026\/01\/schlafstoerungen-april-beitrag-4.jpg","contentUrl":"https:\/\/www.meine-tcm.com\/wp-content\/uploads\/2026\/01\/schlafstoerungen-april-beitrag-4.jpg","width":2160,"height":2160,"caption":"Die Nacht hat eine Botschaft. H\u00f6rst du sie?"},{"@type":"BreadcrumbList","@id":"https:\/\/www.meine-tcm.com\/warum-du-zwischen-1-und-3-uhr-aufwachst\/#breadcrumb","itemListElement":[{"@type":"ListItem","position":1,"name":"Home","item":"https:\/\/www.meine-tcm.com\/"},{"@type":"ListItem","position":2,"name":"Warum du zwischen 1 und 3 Uhr aufwachst"}]},{"@type":"WebSite","@id":"https:\/\/www.meine-tcm.com\/#website","url":"https:\/\/www.meine-tcm.com\/","name":"la mia MTC | Medicina Tradizionale Cinese spiegata in modo semplice","description":"Rimanere semplicemente in salute","publisher":{"@id":"https:\/\/www.meine-tcm.com\/#organization"},"potentialAction":[{"@type":"SearchAction","target":{"@type":"EntryPoint","urlTemplate":"https:\/\/www.meine-tcm.com\/?s={search_term_string}"},"query-input":{"@type":"PropertyValueSpecification","valueRequired":true,"valueName":"search_term_string"}}],"inLanguage":"it-IT"},{"@type":"Organization","@id":"https:\/\/www.meine-tcm.com\/#organization","name":"meine-TCM.com - La Medicina Tradizionale Cinese spiegata in modo semplice","url":"https:\/\/www.meine-tcm.com\/","logo":{"@type":"ImageObject","inLanguage":"it-IT","@id":"https:\/\/www.meine-tcm.com\/#\/schema\/logo\/image\/","url":"https:\/\/www.meine-tcm.com\/wp-content\/uploads\/2022\/08\/meine-tcm-traditionelle-chinesische-medizin-einfach-erklaert.png","contentUrl":"https:\/\/www.meine-tcm.com\/wp-content\/uploads\/2022\/08\/meine-tcm-traditionelle-chinesische-medizin-einfach-erklaert.png","width":559,"height":479,"caption":"meine-TCM.com \u2014 Traditionelle chinesische Medizin einfach erkl\u00e4rt"},"image":{"@id":"https:\/\/www.meine-tcm.com\/#\/schema\/logo\/image\/"},"sameAs":["https:\/\/www.instagram.com\/meinetcm\/","https:\/\/www.youtube.com\/@EinfachbesserLeben"]},{"@type":"Person","@id":"https:\/\/www.meine-tcm.com\/#\/schema\/person\/76da350caed5aad1d9998ba607d86f28","name":"Marina"}]}},"wps_subtitle":"Was die Leber dir nachts sagen will","_links":{"self":[{"href":"https:\/\/www.meine-tcm.com\/it\/wp-json\/wp\/v2\/posts\/25008","targetHints":{"allow":["GET"]}}],"collection":[{"href":"https:\/\/www.meine-tcm.com\/it\/wp-json\/wp\/v2\/posts"}],"about":[{"href":"https:\/\/www.meine-tcm.com\/it\/wp-json\/wp\/v2\/types\/post"}],"author":[{"embeddable":true,"href":"https:\/\/www.meine-tcm.com\/it\/wp-json\/wp\/v2\/users\/3859"}],"replies":[{"embeddable":true,"href":"https:\/\/www.meine-tcm.com\/it\/wp-json\/wp\/v2\/comments?post=25008"}],"version-history":[{"count":17,"href":"https:\/\/www.meine-tcm.com\/it\/wp-json\/wp\/v2\/posts\/25008\/revisions"}],"predecessor-version":[{"id":32962,"href":"https:\/\/www.meine-tcm.com\/it\/wp-json\/wp\/v2\/posts\/25008\/revisions\/32962"}],"wp:featuredmedia":[{"embeddable":true,"href":"https:\/\/www.meine-tcm.com\/it\/wp-json\/wp\/v2\/media\/25010"}],"wp:attachment":[{"href":"https:\/\/www.meine-tcm.com\/it\/wp-json\/wp\/v2\/media?parent=25008"}],"wp:term":[{"taxonomy":"category","embeddable":true,"href":"https:\/\/www.meine-tcm.com\/it\/wp-json\/wp\/v2\/categories?post=25008"},{"taxonomy":"post_tag","embeddable":true,"href":"https:\/\/www.meine-tcm.com\/it\/wp-json\/wp\/v2\/tags?post=25008"}],"curies":[{"name":"wp","href":"https:\/\/api.w.org\/{rel}","templated":true}]}}