{"id":24335,"date":"2026-03-03T07:00:00","date_gmt":"2026-03-03T06:00:00","guid":{"rendered":"https:\/\/www.meine-tcm.com\/?p=24335"},"modified":"2026-03-02T14:44:12","modified_gmt":"2026-03-02T13:44:12","slug":"fatigue-malgre-le-printemps-ton-foie-a-besoin-daide","status":"publish","type":"post","link":"https:\/\/www.meine-tcm.com\/fr\/muede-trotz-fruehling-deine-leber-braucht-hilfe\/","title":{"rendered":"D\u00e9toxifier son foie au printemps"},"content":{"rendered":"<section class=\"section main-teaser\" id=\"section_1099956880\">\n\t\t<div class=\"section-bg fill\" >\n\t\t\t\t\t\t\t\t\t\n\t\t\t\n\n\t\t<\/div>\n\n\t\t\n\n\t\t<div class=\"section-content relative\">\n\t\t\t\n\n<div class=\"row row-collapse align-center\"  id=\"row-1570720443\">\n\n\n\t<div id=\"col-555383022\" class=\"col small-12 large-12\"  >\n\t\t\t\t<div class=\"col-inner text-center\"  >\n\t\t\t\n\t\t\t\n\n<p class=\"teaser\">Dehors, il fait encore froid. L'hiver s'accroche. Mais ton corps ?<br \/>Il le sent depuis longtemps. Quelque chose veut se d\u00e9tacher.<\/p>\n<p class=\"teaser\">Peut-\u00eatre le remarqueras-tu : Une fatigue qui n'a pas de raison d'\u00eatre. Une pression derri\u00e8re les tempes. Une irritation qui vient de nulle part. Une peau qui devient impure. Un sommeil qui ne r\u00e9cup\u00e8re pas.<\/p>\n<p class=\"teaser\">Ce n'est pas de l'imagination. C'est ton corps qui veut faire le m\u00e9nage - avant m\u00eame l'arriv\u00e9e du printemps. Ton foie a demand\u00e9 un grand nettoyage.<br \/>La question est de savoir si tu l'aideras ou si tu t'y accrocheras.<\/p>\n\n\t\t<\/div>\n\t\t\t\t\n<style>\n#col-555383022 > .col-inner {\n  max-width: 800px;\n}\n<\/style>\n\t<\/div>\n\n\t\n\n<\/div>\n\n\t\t<\/div>\n\n\t\t\n<style>\n#section_1099956880 {\n  padding-top: 0px;\n  padding-bottom: 0px;\n}\n<\/style>\n\t<\/section>\n\t\n\t<div id=\"gap-1452089030\" class=\"gap-element clearfix\" style=\"display:block; height:auto;\">\n\t\t\n<style>\n#gap-1452089030 {\n  padding-top: 40px;\n}\n<\/style>\n\t<\/div>\n\t\n\n\n\t<section class=\"section one-image\" id=\"section_278673209\">\n\t\t<div class=\"section-bg fill\" >\n\t\t\t\t\t\t\t\t\t\n\t\t\t\n\n\t\t<\/div>\n\n\t\t\n\n\t\t<div class=\"section-content relative\">\n\t\t\t\n\n<div class=\"row row-collapse align-center\"  id=\"row-744219661\">\n\n\n\t<div id=\"col-573431369\" class=\"col small-12 large-12\"  >\n\t\t\t\t<div class=\"col-inner text-center\"  >\n\t\t\t\n\t\t\t\n\n\t<div class=\"img has-hover x md-x lg-x y md-y lg-y\" id=\"image_459392753\">\n\t\t\t\t\t\t\t\t<div class=\"img-inner dark\" >\n\t\t\t<img loading=\"lazy\" decoding=\"async\" width=\"2160\" height=\"2160\" src=\"https:\/\/www.meine-tcm.com\/wp-content\/uploads\/2025\/12\/maerz-leberreinigung-beitrag-1.jpg\" class=\"attachment-original size-original\" alt=\"Ce que tu ne l\u00e2ches pas, ne te l\u00e2che pas.\" srcset=\"https:\/\/www.meine-tcm.com\/wp-content\/uploads\/2025\/12\/maerz-leberreinigung-beitrag-1.jpg 2160w, https:\/\/www.meine-tcm.com\/wp-content\/uploads\/2025\/12\/maerz-leberreinigung-beitrag-1-100x100.jpg 100w, https:\/\/www.meine-tcm.com\/wp-content\/uploads\/2025\/12\/maerz-leberreinigung-beitrag-1-510x510.jpg 510w, https:\/\/www.meine-tcm.com\/wp-content\/uploads\/2025\/12\/maerz-leberreinigung-beitrag-1-400x400.jpg 400w, https:\/\/www.meine-tcm.com\/wp-content\/uploads\/2025\/12\/maerz-leberreinigung-beitrag-1-800x800.jpg 800w, https:\/\/www.meine-tcm.com\/wp-content\/uploads\/2025\/12\/maerz-leberreinigung-beitrag-1-280x280.jpg 280w, https:\/\/www.meine-tcm.com\/wp-content\/uploads\/2025\/12\/maerz-leberreinigung-beitrag-1-768x768.jpg 768w, https:\/\/www.meine-tcm.com\/wp-content\/uploads\/2025\/12\/maerz-leberreinigung-beitrag-1-1536x1536.jpg 1536w, https:\/\/www.meine-tcm.com\/wp-content\/uploads\/2025\/12\/maerz-leberreinigung-beitrag-1-2048x2048.jpg 2048w, https:\/\/www.meine-tcm.com\/wp-content\/uploads\/2025\/12\/maerz-leberreinigung-beitrag-1-12x12.jpg 12w\" sizes=\"auto, (max-width: 2160px) 100vw, 2160px\" title=\"Ce que tu ne l\u00e2ches pas, ne te l\u00e2che pas.\" \/>\t\t\t\t\t\t\n\t\t\t\t\t<\/div>\n\t\t\t\t\t\t\t\t\n<style>\n#image_459392753 {\n  width: 100%;\n}\n<\/style>\n\t<\/div>\n\t\n\n<p class=\"caption\">Ce que tu ne l\u00e2ches pas, ne te l\u00e2che pas.<\/p>\n\n\t\t<\/div>\n\t\t\t\t\n<style>\n#col-573431369 > .col-inner {\n  border-radius: 10px;\n  max-width: 640px;\n}\n<\/style>\n\t<\/div>\n\n\t\n\n<\/div>\n\n\t\t<\/div>\n\n\t\t\n<style>\n#section_278673209 {\n  padding-top: 0px;\n  padding-bottom: 0px;\n}\n<\/style>\n\t<\/section>\n\t\n\t<div id=\"gap-1377136764\" class=\"gap-element clearfix\" style=\"display:block; height:auto;\">\n\t\t\n<style>\n#gap-1377136764 {\n  padding-top: 40px;\n}\n<\/style>\n\t<\/div>\n\t\n\n\n\t<section class=\"section text\" id=\"section_1720226392\">\n\t\t<div class=\"section-bg fill\" >\n\t\t\t\t\t\t\t\t\t\n\t\t\t\n\n\t\t<\/div>\n\n\t\t\n\n\t\t<div class=\"section-content relative\">\n\t\t\t\n\n<div class=\"row row-collapse align-center\"  id=\"row-111041174\">\n\n\n\t<div id=\"col-1116626287\" class=\"col small-12 large-12\"  >\n\t\t\t\t<div class=\"col-inner text-left\"  >\n\t\t\t\n\t\t\t\n\n<h2><strong>\ud83e\uddf9 Pourquoi maintenant ? Le foie et le printemps<\/strong><\/h2>\n<p>Dans la MTC, le printemps fait partie <strong>\u00c9l\u00e9ment en bois<\/strong>. Et l'\u00e9l\u00e9ment en bois fait partie de la <strong>Foie<\/strong>.<\/p>\n<p><strong>Le foie est responsable de<\/strong><\/p>\n<ul>\n<li>La libre circulation du Qi dans tout le corps<\/li>\n<li>La d\u00e9sintoxication (\u00e9galement d'un point de vue occidental)<\/li>\n<li>Les \u00e9motions - en particulier la col\u00e8re et la frustration<\/li>\n<li>Les yeux, les tendons et les ongles<\/li>\n<li>Le cycle menstruel<\/li>\n<\/ul>\n<p>En hiver, le foie travaille en arri\u00e8re-plan. Il stocke, filtre, attend. Au printemps, il passe au premier plan. Il veut <strong>nettoyer, d\u00e9placer, lib\u00e9rer<\/strong>.<\/p>\n<p><strong>Si tu l'aides maintenant, elle te r\u00e9compensera :<\/strong><\/p>\n<ul>\n<li>Plus d'\u00e9nergie<\/li>\n<li>Des id\u00e9es plus claires<\/li>\n<li>Une meilleure peau<\/li>\n<li>Humeur plus stable<\/li>\n<li>Une digestion plus facile<\/li>\n<\/ul>\n<p><strong>Si tu l'ignores, elle te le montrera :<\/strong><\/p>\n<ul>\n<li>Fatigue printani\u00e8re<\/li>\n<li>maux de t\u00eate, surtout aux tempes<\/li>\n<li>Irritabilit\u00e9, frustration<\/li>\n<li>probl\u00e8mes de peau, allergies<\/li>\n<li>Troubles digestifs, flatulences<\/li>\n<\/ul>\n<p>La bonne nouvelle :<br \/>Tu n'as pas besoin d'une d\u00e9tox extr\u00eame.<br \/>Pas de cure de jus.<br \/>Pas de je\u00fbne jusqu'\u00e0 l'\u00e9puisement.<\/p>\n<p>Tu as besoin <strong>Un soutien intelligent.<\/strong><\/p>\n<h2><strong>\u26a0\ufe0f Ce que signifie vraiment \u201ed\u00e9tox\u201c dans la MTC<\/strong><\/h2>\n<p>Oublie tout ce que l'industrie du bien-\u00eatre t'a dit sur la d\u00e9tox.<\/p>\n<p>En MTC, il ne s'agit pas de \u201ed\u00e9toxifier\u201c le corps comme une machine encrass\u00e9e.<\/p>\n<p><strong>Il s'agit<\/strong><\/p>\n<ul>\n<li>de r\u00e9soudre la stagnation (flux de Qi)<\/li>\n<li>d'\u00e9vacuer la chaleur (feu du foie)<\/li>\n<li>Renforcer le centre (la rate)<\/li>\n<li>\u00e9vacuer les exc\u00e8s (humidit\u00e9, mucosit\u00e9s)<\/li>\n<\/ul>\n<p>Le but n'est pas le vide - mais <strong>Rivi\u00e8re<\/strong>.<\/p>\n<p>Et tu n'y parviendras pas en t'affamant ou en buvant des jus verts. Mais par :<br \/>Les bons aliments, l'exercice, l'acupression - et moins de ce qui<br \/>bloqu\u00e9.<\/p>\n<h2>\ud83e\udde0 <strong>Le pont occidental : Ce que fait vraiment le foie<\/strong><\/h2>\n<p><strong>D'un point de vue occidental, le foie est le plus grand organe m\u00e9tabolique :<\/strong><\/p>\n<ul>\n<li>Elle filtre 1,5 litre de sang par minute chaque jour<\/li>\n<li>Elle \u00e9limine les hormones, les m\u00e9dicaments et l'alcool<\/li>\n<li>Elle produit de la bile pour la digestion des graisses<\/li>\n<li>Elle stocke les vitamines, le fer et le glycog\u00e8ne.<\/li>\n<li>Elle r\u00e9gule la glyc\u00e9mie<\/li>\n<\/ul>\n<p>Apr\u00e8s l'hiver - avec des repas plus lourds, moins d'exercice physique, plus d'alcool - le foie est souvent surcharg\u00e9.<\/p>\n<p><strong>Les sympt\u00f4mes :<\/strong><\/p>\n<ul>\n<li>Fatigue apr\u00e8s les repas<\/li>\n<li>ballonnements, surtout apr\u00e8s des repas gras<\/li>\n<li>Naus\u00e9es matinales<\/li>\n<li>Mauvaise nuit de sommeil entre 1 et 3 heures du matin (heure du foie !)<\/li>\n<li>Cernes sombres sous les yeux<\/li>\n<li>Teint jaun\u00e2tre<\/li>\n<\/ul>\n<p>Deux mondes. Une seule conclusion :<br \/><strong>Au printemps, le foie a besoin de soutien - et non de punition.<\/strong><\/p>\n<h2>\ud83c\udf31 <strong>Les 5 piliers pour le nettoyage du foie au printemps<\/strong><\/h2>\n<h3><strong>1. le vert est ton rem\u00e8de<\/strong><\/h3>\n<p>La couleur du foie est le vert. Au printemps, manger vert n'est pas une recommandation - c'est une th\u00e9rapie.<\/p>\n<p><strong>Int\u00e9grer quotidiennement :<\/strong><\/p>\n<ul>\n<li>Pissenlit (L'herbe du foie - en salade, en th\u00e9 ou en jus frais)<\/li>\n<li>roquette, \u00e9pinards, blettes<\/li>\n<li>Artichaut (stimule le flux biliaire)<\/li>\n<li>Brocoli, choux de Bruxelles (les crucif\u00e8res favorisent les enzymes h\u00e9patiques)<\/li>\n<li>Herbes fra\u00eeches : persil, ciboulette, coriandre, menthe<\/li>\n<li>Pousses et germes (l'\u00e9nergie du renouveau \u00e0 l'\u00e9tat pur)<\/li>\n<\/ul>\n<p><strong>Voici comment proc\u00e9der en pratique :<br \/><\/strong><\/p>\n<ul>\n<li>Midi : la moiti\u00e9 d'une assiette doit \u00eatre verte<\/li>\n<li>Le soir : l\u00e9gumes cuits \u00e0 la vapeur au lieu de crudit\u00e9s (m\u00e9nage le centre)<\/li>\n<li>Matin : eau chaude avec du citron ou th\u00e9 de pissenlit<\/li>\n<\/ul>\n<p>\ud83d\udce3 <strong>Bon plan :<\/strong> Tisane de pissenlit \u00e0 partir de la racine (en pharmacie ou en magasin bio) - 1 cuill\u00e8re \u00e0 caf\u00e9 pour une tasse, laisser infuser 10 minutes. Go\u00fbt amer, effet puissant.<br \/>Tous les matins pendant trois semaines.<\/p>\n<h3><strong>2. acide et amer - le duo du foie<\/strong><\/h3>\n<p>Chaque saveur a une fonction dans la MTC :<\/p>\n<ul>\n<li><strong>Sauer<\/strong> contracte, pr\u00e9serve, dirige vers le foie<\/li>\n<li><strong>Amer<\/strong> \u00e9vacue, s\u00e8che, refroidit la chaleur<\/li>\n<\/ul>\n<p>Au printemps, tu as besoin des deux.<\/p>\n<p><strong>Installer l'acide :<\/strong><\/p>\n<ul>\n<li>Citron dans de l'eau chaude (le matin)<\/li>\n<li>Vinaigre de cidre (1 cuill\u00e8re \u00e0 caf\u00e9 dans de l'eau avant le repas)<\/li>\n<li>Choucroute (non pasteuris\u00e9e, pour les intestins + le foie)<\/li>\n<li>L\u00e9gumes ferment\u00e9s<\/li>\n<\/ul>\n<p><strong>Int\u00e9grer l'amer :<br \/><\/strong><\/p>\n<ul>\n<li>Pissenlit, chicor\u00e9e, radicchio<\/li>\n<li>Artichaut (en l\u00e9gume ou en jus)<\/li>\n<li>Curcuma (anti-inflammatoire, biliaire)<\/li>\n<li>Th\u00e9 vert (l\u00e9g\u00e8rement amer, rafra\u00eechissant)<\/li>\n<\/ul>\n<p><strong>\u00c9viter ou r\u00e9duire :<br \/><\/strong><\/p>\n<ul>\n<li>Alcool (charge directe sur le foie)<\/li>\n<li>Fritures et aliments tr\u00e8s gras<\/li>\n<li>Sucre en grande quantit\u00e9<\/li>\n<li>Produits finis avec additifs<\/li>\n<li>Trop de caf\u00e9 (chauffe le foie)<\/li>\n<\/ul>\n<h3><strong>3. mouvement qui ouvre le flux de Qi<\/strong><\/h3>\n<p>Le foie d\u00e9teste l'immobilit\u00e9. La stagnation est son pire ennemi.<\/p>\n<p>Au printemps, elle veut : Du mouvement, de l'\u00e9tirement, de la fluidit\u00e9.<\/p>\n<p><strong>Id\u00e9al :<\/strong><\/p>\n<ul>\n<li>Le matin, 10-15 minutes d'\u00e9tirements (surtout les corps lat\u00e9raux !)<\/li>\n<li>Promenades dans la nature - d'un bon pas, pas en fl\u00e2nant<\/li>\n<li>Qi Gong ou yoga avec rotations<\/li>\n<li>V\u00e9lo, natation, danse<\/li>\n<li>Tout ce qui t'essouffle facilement<\/li>\n<\/ul>\n<p><strong>L'\u00e9tirement du foie (tous les jours) :<br \/><\/strong><\/p>\n<ul>\n<li>Se tenir debout, les pieds \u00e0 largeur de hanches<\/li>\n<li>L\u00e8ve le bras droit au-dessus de la t\u00eate<\/li>\n<li>Incline-toi vers la gauche<\/li>\n<li>le flanc droit s'\u00e9tire<\/li>\n<li>Retenir 5 respirations profondes<\/li>\n<li>Changement de page<\/li>\n<li>3x par page<\/li>\n<\/ul>\n<p>\u2192 Ouvre le m\u00e9ridien du foie sur le c\u00f4t\u00e9 du corps<\/p>\n<p>\ud83d\udce3 <strong>Bon plan :<\/strong> L'exercice de secouage - secouer tout le corps (bras, jambes, tronc) pendant 3 minutes.<br \/>\u00c7a a l'air idiot, mais l'effet est imm\u00e9diat. Dissout la stagnation et fait circuler le Qi.<\/p>\n<p>\ud83c\udfa5 Tu trouveras ici des instructions vid\u00e9o sur l'exercice de secousse :<br \/><a href=\"https:\/\/www.youtube.com\/watch?v=dQRDfumJyUg\">www.youtube.com\/watch?v=dQRDfumJyUg<\/a><\/p>\n<h3><strong>4. respecter le temps du foie<\/strong><\/h3>\n<p>Dans la MTC, chaque organe a son mariage. Le foie : <strong>1 \u00e0 3 heures du matin<\/strong>.<\/p>\n<p>C'est pendant cette p\u00e9riode que le foie se r\u00e9g\u00e9n\u00e8re et se d\u00e9sintoxique le plus.<\/p>\n<p><strong>Ce que cela signifie :<\/strong><\/p>\n<ul>\n<li>\u00catre au lit avant 23h (heure de la v\u00e9sicule biliaire : 23h-1h)<\/li>\n<li>Pas de repas copieux apr\u00e8s 19 heures<\/li>\n<li>Pas d'alcool le soir<\/li>\n<li>Pas de lumi\u00e8re d'\u00e9cran apr\u00e8s 21 heures (yeux = foie !)<\/li>\n<\/ul>\n<p><strong>Si tu te r\u00e9veilles entre 1h et 3h du matin :<\/strong><\/p>\n<ul>\n<li>Signe classique de stagnation du qi du foie ou de chaleur du foie<\/li>\n<li>Les conseils de cet article aident<\/li>\n<\/ul>\n<p>\ud83d\udce3 <strong>Bon plan :<\/strong> Un bain de pieds chaud avant de dormir (15 minutes) dirige l'\u00e9nergie vers le bas et soulage le foie.<\/p>\n<h3><strong>5. laisser les \u00e9motions s'\u00e9couler<\/strong><\/h3>\n<p>Le foie ne stocke pas seulement le sang - il stocke aussi les \u00e9motions. Avant tout : <em><strong>Col\u00e8re, frustration, rancune.<\/strong><\/em><\/p>\n<p>Ce que tu avales s'accumule. Ce que tu r\u00e9primes bloque.<\/p>\n<p><strong>Pratique :<\/strong><\/p>\n<ul>\n<li>Permets-toi des ennuis - mais donne-leur un canal<\/li>\n<li>\u00c9crire, parler, bouger<\/li>\n<li>Dis \u201enon\u201c quand tu veux dire \u201enon\u201c.<\/li>\n<li>\u00c9vite les personnes qui te rabaissent<\/li>\n<li>Fais-toi de l'espace pour toi<\/li>\n<\/ul>\n<p><strong>La question de la semaine :<\/strong> <em>\u201eQu'est-ce qui m'\u00e9nerve depuis des semaines - et que faut-il pour que je puisse m'en d\u00e9barrasser ?\u201c<\/em><\/p>\n<p>\u00c9crivez ce que vous voulez. Ensuite : agis ou l\u00e2che prise. Mais ne reste pas bloqu\u00e9.<\/p>\n<h3>\ud83d\udccd <strong>Points d'acupressure pour le nettoyage de printemps du foie<\/strong><\/h3>\n<h3><strong>Le 03 (T\u00e0i Ch\u014dng) \u2014 \u201e Grande r\u00e9union \u201c<\/strong><\/h3>\n<ul>\n<li>Emplacement : dos du pied, entre le gros orteil et le deuxi\u00e8me orteil, \u00e0 deux doigts de la cheville.<\/li>\n<li>Effet : Le point principal pour la stagnation du Qi du foie - bouge, soulage, lib\u00e8re<\/li>\n<li>Application : appuyer fortement en cercle pendant 60-90 secondes, les deux c\u00f4t\u00e9s<\/li>\n<\/ul>\n<h3><strong>Le 08 (Q\u016b Qu\u00e1n) - \u201eSources au tournant\u201c<\/strong><\/h3>\n<ul>\n<li>Position : c\u00f4t\u00e9 int\u00e9rieur du genou, \u00e0 l'extr\u00e9mit\u00e9 du pli de flexion<\/li>\n<li>Effet : Nourrit le sang du foie, refroidit la chaleur du foie, d\u00e9tend<\/li>\n<li>Application : masser doucement en cercles pendant 60 secondes, les deux c\u00f4t\u00e9s<\/li>\n<\/ul>\n<h3><strong>Gb 34 (Y\u00e1ng L\u00edng Qu\u00e1n) - \u201eLa source de la colline Yang\u201c.\u201c<\/strong><\/h3>\n<ul>\n<li>Emplacement : c\u00f4t\u00e9 ext\u00e9rieur de la jambe, devant et sous la t\u00eate du p\u00e9ron\u00e9<\/li>\n<li>Effet : Favorise l'\u00e9coulement de la bile, d\u00e9tend les tendons, harmonise le foie et la v\u00e9sicule biliaire<\/li>\n<li>Application : masser pendant 60 secondes en effectuant des mouvements circulaires, des deux c\u00f4t\u00e9s.<\/li>\n<\/ul>\n<h3><strong>Ma 36 (Z\u00fa S\u0101n L\u01d0) - \u201eTrois lieues de pied\u201c<br \/><\/strong><\/h3>\n<ul>\n<li>Emplacement : c\u00f4t\u00e9 ext\u00e9rieur de la jambe, \u00e0 4 doigts en dessous de la rotule.<\/li>\n<li>Effet : Renforce le centre - car sans rate forte, pas de foie sain<\/li>\n<li>Application : masser pendant 60 secondes en effectuant des mouvements circulaires, des deux c\u00f4t\u00e9s.<\/li>\n<\/ul>\n<p>\ud83d\udccd Tu trouveras tous les points avec des instructions d\u00e9taill\u00e9es dans notre<br \/>atlas gratuit de l'acupuncture :<br \/>\ud83d\udc49 <a href=\"https:\/\/www.meine-tcm.com\/fr\/atlas-de-lacupuncture\/\" target=\"_blank\" rel=\"noopener\">www.meine-tcm.com\/akupunkturatlas<\/a><\/p>\n<h2>\ud83d\udd8a\ufe0f <strong>Ton outil pour prendre soin de toi au quotidien<\/strong><\/h2>\n<p>L'acupressure avec les doigts est merveilleuse. Mais si tu veux offrir quelque chose de sp\u00e9cial \u00e0 ton foie :<\/p>\n<p><strong>L'AkuPen<\/strong> - au point, pr\u00e9cis, pour toi.<\/p>\n<p>Acc\u00e8s inclus \u00e0 notre <strong>Vid\u00e9oth\u00e8que avec plus de 80 points d'acupressure<\/strong> - chacun expliqu\u00e9 avec la plus grande qualit\u00e9.<\/p>\n<p>\ud83d\udc49 <a href=\"https:\/\/www.meine-tcm.com\/fr\/produit\/akupen-le-genial-stylo-dacupuncture-avec-instructions-en-video\/\" target=\"_blank\" rel=\"noopener\">www.meine-tcm.com\/produkt\/akupen-der-geniale-akupunkturstift<\/a><\/p>\n<h2>\ud83d\udd11 <strong>Le point le plus important : pas d'extr\u00eame<\/strong><\/h2>\n<p>Oublie les cures de jus qui t'affaiblissent. Oublie les je\u00fbnes qui te minent. Oublie les produits d\u00e9tox qui veulent ton argent.<\/p>\n<p>Le foie n'a pas besoin de punition. Il a besoin de : Le vert, l'amer, l'acide, le mouvement, le sommeil, les \u00e9motions qui coulent.<\/p>\n<p>Pas 7 jours extr\u00eames - mais 7 semaines intelligentes.<\/p>\n<p>C'est la d\u00e9tox de la MTC : <strong>Le flux plut\u00f4t que le manque.<\/strong><\/p>\n<h2>\ud83d\udcab <strong>Le message profond<\/strong><\/h2>\n<p>Le printemps fait le m\u00e9nage.<br \/>Dans la nature. En toi.<\/p>\n<p>Tu peux y assister - ou y participer.<\/p>\n<p>Le foie est ton nettoyage de printemps int\u00e9rieur.<br \/>Elle sait ce qui doit sortir.<br \/>Donne-lui les outils.<br \/>Donne-lui de l'espace.<br \/>Donne-lui le temps.<\/p>\n<p>Et puis : sens comme cela devient plus facile.<br \/>Plus clair.<br \/>Pr\u00e9tendants.<\/p>\n<p>Ce n'est pas du luxe. C'est le printemps.<\/p>\n<p><em>\u201eQuand le foie circule librement, toute la vie circule\u201c.\u201c<\/em><\/p>\n<h3>\ud83d\udccc <strong>Recommand\u00e9<\/strong><\/h3>\n<p>\ud83c\udf3f <strong>Comment va ton foie ?<\/strong> Gr\u00e2ce \u00e0 notre analyse gratuite de MTC, tu peux d\u00e9couvrir si tu as une stagnation du Qi du foie, une chaleur du foie ou d'autres sch\u00e9mas.<br \/>\ud83d\udc49 <a href=\"https:\/\/www.meine-tcm.com\/fr\/analyse-tcm\/\" target=\"_blank\" rel=\"noopener\">www.meine-tcm.com\/tcm-analyse<\/a><\/p>\n<p>\ud83c\udf31 <strong>Pour ton centre - la fondation :<\/strong> Le foie ne peut se d\u00e9sintoxiquer que si le centre porte. Un intestin sain en est la base.<br \/>\ud83d\udc49 <a href=\"https:\/\/www.meine-tcm.com\/fr\/produit\/bs-fibres-alimentaires-plus\/\" target=\"_blank\" rel=\"noopener\">www.meine-tcm.com\/produkt\/bs-ballaststoffe-plus<\/a><\/p>\n<p>\ud83c\udf6b <strong>Pour les moments o\u00f9 il faut \u00eatre doux :<\/strong> Sans mauvaise conscience - sans charge pour le foie. \ud83d\udc49 <a href=\"https:\/\/www.meine-tcm.com\/fr\/produit\/xocola\/\" target=\"_blank\" rel=\"noopener\">www.meine-tcm.com\/produkt\/xocola<\/a><\/p>\n<p>\ud83d\udcdc <strong>La sagesse des anciens ma\u00eetres - directement dans ta bo\u00eete aux lettres :<\/strong> Une fois par mois :<br \/>L'Empereur Jaune, Qi Bo et Dr. Weber en dialogue. Plus le produit du mois et<br \/>La sagesse de la MTC, que vous ne trouverez nulle part ailleurs.<br \/>\ud83d\udc49 <a href=\"https:\/\/www.meine-tcm.com\/fr\/inscription-a-la-newsletter\/\" target=\"_blank\" rel=\"noopener\">www.meine-tcm.com\/newsletter-anmeldung<\/a><\/p>\n\n\t\t<\/div>\n\t\t\t\t\n<style>\n#col-1116626287 > .col-inner {\n  max-width: 800px;\n}\n<\/style>\n\t<\/div>\n\n\t\n\n<\/div>\n\n\t\t<\/div>\n\n\t\t\n<style>\n#section_1720226392 {\n  padding-top: 0px;\n  padding-bottom: 0px;\n}\n<\/style>\n\t<\/section>\n\t\n\t<div id=\"gap-479743393\" class=\"gap-element clearfix\" style=\"display:block; height:auto;\">\n\t\t\n<style>\n#gap-479743393 {\n  padding-top: 60px;\n}\n<\/style>\n\t<\/div>\n\t\n\n\n\t<section class=\"section quote\" id=\"section_1229536268\">\n\t\t<div class=\"section-bg fill\" >\n\t\t\t\t\t\t\t\t\t\n\t\t\t\n\n\t\t<\/div>\n\n\t\t\n\n\t\t<div class=\"section-content relative\">\n\t\t\t\n\n<div class=\"row row-collapse align-center\"  id=\"row-387328833\">\n\n\n\t<div id=\"col-252232669\" class=\"col small-12 large-12\"  >\n\t\t\t\t<div class=\"col-inner text-center\"  >\n\t\t\t\n\t\t\t\n\n<p><em>Celui qui a<\/em> <em><strong>PRINTEMPS<\/strong><\/em> <em>veut recevoir,<br \/><\/em><em>doit faire le<\/em> <em><strong>WINTER<\/strong><\/em> <em>dire au revoir.<\/em><\/p>\n<p class=\"quote-from\">Ancienne sagesse de la MTC<\/p>\n\n\t\t<\/div>\n\t\t\t\t\n<style>\n#col-252232669 > .col-inner {\n  max-width: 600px;\n}\n<\/style>\n\t<\/div>\n\n\t\n\n<\/div>\n\n\t\t<\/div>\n\n\t\t\n<style>\n#section_1229536268 {\n  padding-top: 60px;\n  padding-bottom: 60px;\n  background-color: rgb(255, 244, 217);\n}\n<\/style>\n\t<\/section>\n\t\n\t<div id=\"gap-1282832454\" class=\"gap-element clearfix\" style=\"display:block; height:auto;\">\n\t\t\n<style>\n#gap-1282832454 {\n  padding-top: 60px;\n}\n<\/style>\n\t<\/div>\n\t\n\n\n\t<section class=\"section h2\" id=\"section_813861847\">\n\t\t<div class=\"section-bg fill\" >\n\t\t\t\t\t\t\t\t\t\n\t\t\t\n\n\t\t<\/div>\n\n\t\t\n\n\t\t<div class=\"section-content relative\">\n\t\t\t\n\n<div class=\"row row-collapse align-center\"  id=\"row-1017065696\">\n\n\n\t<div id=\"col-1916980043\" class=\"col small-12 large-12\"  >\n\t\t\t\t<div class=\"col-inner text-center\"  >\n\t\t\t\n\t\t\t\n\n<h2>Autres conseils et articles int\u00e9ressants<\/h2>\n\n\t\t<\/div>\n\t\t\t\t\n<style>\n#col-1916980043 > .col-inner {\n  max-width: 960px;\n}\n<\/style>\n\t<\/div>\n\n\t\n\n<\/div>\n\n\t\t<\/div>\n\n\t\t\n<style>\n#section_813861847 {\n  padding-top: 0px;\n  padding-bottom: 0px;\n}\n<\/style>\n\t<\/section>\n\t\n\n\t<section class=\"section blogposts-overview\" id=\"section_72063\">\n\t\t<div class=\"section-bg fill\" >\n\t\t\t\t\t\t\t\t\t\n\t\t\t\n\n\t\t<\/div>\n\n\t\t\n\n\t\t<div class=\"section-content relative\">\n\t\t\t\n\n<div class=\"row\"  id=\"row-199557814\">\n\n\n\t<div id=\"col-246750417\" class=\"col small-12 large-12\"  >\n\t\t\t\t<div class=\"col-inner text-center\"  >\n\t\t\t\n\t\t\t\n\n  <style>\n    #row-1303325189 .grid-col-1{height: 600px}\n    #row-1303325189 .grid-col-1-2{height: 300px}\n    #row-1303325189 .grid-col-1-3{height:200px}\n    #row-1303325189 .grid-col-2-3{height: 400px}\n    #row-1303325189 .grid-col-1-4{height: 150px}\n    #row-1303325189 .grid-col-3-4{height: 450px}\n\n\n        \/* Tablet *\/\n    @media (max-width: 850px){\n      #row-1303325189 .grid-col-1{height: 400px}\n      #row-1303325189 .grid-col-1-2{height: 200px}\n      #row-1303325189 .grid-col-1-3{height:133.33333333333px}\n      #row-1303325189 .grid-col-2-3{height: 266.66666666667px}\n      #row-1303325189 .grid-col-1-4{height: 100px}\n      #row-1303325189 .grid-col-3-4{height: 300px}\n    }\n    \n        \/* Mobile *\/\n    @media (max-width: 550px){\n      #row-1303325189 .grid-col-1{height: 400px}\n      #row-1303325189 .grid-col-1-2{height: 200px}\n      #row-1303325189 .grid-col-1-3{height:133.33333333333px}\n      #row-1303325189 .grid-col-2-3{height: 266.66666666667px}\n      #row-1303325189 .grid-col-1-4{height: 100px}\n      #row-1303325189 .grid-col-3-4{height: 300px}\n    }\n    \n\n  <\/style>\n  \n  \n    <div id=\"row-1303325189\" class=\"row row-small row-full-width row-grid\" data-packery-options='{\"itemSelector\": \".col\", \"gutter\": 0, \"presentageWidth\" : true}'>\n\n  <div class=\"col post-item grid-col grid-col-1 large-6 medium-12\" >\n\t\t\t<div class=\"col-inner\">\n\t\t\t\t<div class=\"box box-default box-text-bottom box-blog-post has-hover\">\n            \t\t\t\t\t<div class=\"box-image\" >\n  \t\t\t\t\t\t<div class=\"image-cover\" style=\"padding-top:56%;\">\n\t\t\t\t\t\t\t<a href=\"https:\/\/www.meine-tcm.com\/fr\/warum-gerade-alles-so-anstrengend-ist\/\" class=\"plain\" aria-label=\"Warum gerade alles so anstrengend ist\">\n\t\t\t\t\t\t\t\t<img loading=\"lazy\" decoding=\"async\" width=\"400\" height=\"400\" src=\"https:\/\/www.meine-tcm.com\/wp-content\/uploads\/2026\/04\/dojo-april-beitrag-5-400x400.jpg\" class=\"attachment-medium size-medium wp-post-image\" alt=\"Du bist nicht verloren. Du bist im \u00dcbergang.\" srcset=\"https:\/\/www.meine-tcm.com\/wp-content\/uploads\/2026\/04\/dojo-april-beitrag-5-400x400.jpg 400w, https:\/\/www.meine-tcm.com\/wp-content\/uploads\/2026\/04\/dojo-april-beitrag-5-100x100.jpg 100w, https:\/\/www.meine-tcm.com\/wp-content\/uploads\/2026\/04\/dojo-april-beitrag-5-510x510.jpg 510w, https:\/\/www.meine-tcm.com\/wp-content\/uploads\/2026\/04\/dojo-april-beitrag-5-800x800.jpg 800w, https:\/\/www.meine-tcm.com\/wp-content\/uploads\/2026\/04\/dojo-april-beitrag-5-280x280.jpg 280w, https:\/\/www.meine-tcm.com\/wp-content\/uploads\/2026\/04\/dojo-april-beitrag-5-768x768.jpg 768w, https:\/\/www.meine-tcm.com\/wp-content\/uploads\/2026\/04\/dojo-april-beitrag-5-1536x1536.jpg 1536w, https:\/\/www.meine-tcm.com\/wp-content\/uploads\/2026\/04\/dojo-april-beitrag-5-2048x2048.jpg 2048w, https:\/\/www.meine-tcm.com\/wp-content\/uploads\/2026\/04\/dojo-april-beitrag-5-12x12.jpg 12w\" sizes=\"auto, (max-width: 400px) 100vw, 400px\" title=\"Du bist nicht verloren. Du bist im \u00dcbergang.\" \/>\t\t\t\t\t\t\t<\/a>\n  \t\t\t\t\t\t\t  \t\t\t\t\t\t\t  \t\t\t\t\t\t<\/div>\n  \t\t\t\t\t\t  \t\t\t\t\t<\/div>\n          \t\t\t\t\t<div class=\"box-text text-center\" >\n\t\t\t\t\t<div class=\"box-text-inner blog-post-inner\">\n\n\t\t\t\t\t\n\t\t\t\t\t\t\t\t\t\t\t<p class=\"cat-label  is-xxsmall op-7 uppercase\">\n\t\t\t\t\tConseil MTC de la semaine \t\t\t\t\t<\/p>\n\t\t\t\t\t\t\t\t\t\t<h5 class=\"post-title is-large\">\n\t\t\t\t\t\t<a href=\"https:\/\/www.meine-tcm.com\/fr\/warum-gerade-alles-so-anstrengend-ist\/\" class=\"plain\">Warum gerade alles so anstrengend ist<\/a>\n\t\t\t\t\t<\/h5>\n\t\t\t\t\t\t\t\t\t\t<div class=\"is-divider\"><\/div>\n\t\t\t\t\t\t\t\t\t\t<p class=\"from_the_blog_excerpt\">\n\t\t\t\t\t\tEs gibt Tage, die geh\u00f6ren keiner Jahreszeit. Sie liegen dazwischen \u2014 wie ein Atemholen der Natur. Du sp\u00fcrst es, ohne es\u2026\t\t\t\t\t<\/p>\n\t\t\t\t\t                    \n\t\t\t\t\t\n\t\t\t\t\t\n\t\t\t\t\t<\/div>\n\t\t\t\t\t<\/div>\n\t\t\t\t\t\t\t\t\t\t\t\t\t\t\t\t<div class=\"badge absolute top post-date badge-outline\">\n\t\t\t\t\t\t\t<div class=\"badge-inner\">\n\t\t\t\t\t\t\t\t<span class=\"post-date-day\">28<\/span><br>\n\t\t\t\t\t\t\t\t<span class=\"post-date-month is-xsmall\">Avr<\/span>\n\t\t\t\t\t\t\t<\/div>\n\t\t\t\t\t\t<\/div>\n\t\t\t\t\t\t\t\t\t<\/div>\n\t\t\t<\/div>\n\t\t<\/div><div class=\"col post-item grid-col grid-col-1 large-3 medium-6\" >\n\t\t\t<div class=\"col-inner\">\n\t\t\t\t<div class=\"box box-default box-text-bottom box-blog-post has-hover\">\n            \t\t\t\t\t<div class=\"box-image\" >\n  \t\t\t\t\t\t<div class=\"image-cover\" style=\"padding-top:56%;\">\n\t\t\t\t\t\t\t<a href=\"https:\/\/www.meine-tcm.com\/fr\/muede-aber-nicht-schlaefrig-warum-du-trotzdem-nicht-einschlafen-kannst\/\" class=\"plain\" aria-label=\"M\u00fcde ist nicht schl\u00e4frig \u2014 Warum du trotzdem nicht einschlafen kannst\">\n\t\t\t\t\t\t\t\t<img loading=\"lazy\" decoding=\"async\" width=\"536\" height=\"400\" src=\"https:\/\/www.meine-tcm.com\/wp-content\/uploads\/2026\/04\/3-Weisen-Schlafstoerungen-Gruppenfoto-1066x796-1-536x400.jpg\" class=\"attachment-medium size-medium wp-post-image\" alt=\"Q\u00ed B\u00f3 | Der Gelbe Kaiser Huangdi | Zhang Zhongjing | Dr. Weber\" srcset=\"https:\/\/www.meine-tcm.com\/wp-content\/uploads\/2026\/04\/3-Weisen-Schlafstoerungen-Gruppenfoto-1066x796-1-536x400.jpg 536w, https:\/\/www.meine-tcm.com\/wp-content\/uploads\/2026\/04\/3-Weisen-Schlafstoerungen-Gruppenfoto-1066x796-1-768x573.jpg 768w, https:\/\/www.meine-tcm.com\/wp-content\/uploads\/2026\/04\/3-Weisen-Schlafstoerungen-Gruppenfoto-1066x796-1-16x12.jpg 16w, https:\/\/www.meine-tcm.com\/wp-content\/uploads\/2026\/04\/3-Weisen-Schlafstoerungen-Gruppenfoto-1066x796-1-510x381.jpg 510w, https:\/\/www.meine-tcm.com\/wp-content\/uploads\/2026\/04\/3-Weisen-Schlafstoerungen-Gruppenfoto-1066x796-1.jpg 1066w\" sizes=\"auto, (max-width: 536px) 100vw, 536px\" title=\"Frag den Gelben Kaiser Shooting (BTS) - Mai 2026\" \/>\t\t\t\t\t\t\t<\/a>\n  \t\t\t\t\t\t\t  \t\t\t\t\t\t\t  \t\t\t\t\t\t<\/div>\n  \t\t\t\t\t\t  \t\t\t\t\t<\/div>\n          \t\t\t\t\t<div class=\"box-text text-center\" >\n\t\t\t\t\t<div class=\"box-text-inner blog-post-inner\">\n\n\t\t\t\t\t\n\t\t\t\t\t\t\t\t\t\t\t<p class=\"cat-label  is-xxsmall op-7 uppercase\">\n\t\t\t\t\tG\u00e9n\u00e9ralit\u00e9s MTC expliqu\u00e9e \t\t\t\t\t<\/p>\n\t\t\t\t\t\t\t\t\t\t<h5 class=\"post-title is-large\">\n\t\t\t\t\t\t<a href=\"https:\/\/www.meine-tcm.com\/fr\/muede-aber-nicht-schlaefrig-warum-du-trotzdem-nicht-einschlafen-kannst\/\" class=\"plain\">M\u00fcde ist nicht schl\u00e4frig \u2014 Warum du trotzdem nicht einschlafen kannst<\/a>\n\t\t\t\t\t<\/h5>\n\t\t\t\t\t\t\t\t\t\t<div class=\"is-divider\"><\/div>\n\t\t\t\t\t\t\t\t\t\t<p class=\"from_the_blog_excerpt\">\n\t\t\t\t\t\tDu liegst im Bett. Todm\u00fcde. Und dein Kopf dreht weiter. Du drehst dich um. Schaust auf die Uhr. Und je mehr\u2026\t\t\t\t\t<\/p>\n\t\t\t\t\t                    \n\t\t\t\t\t\n\t\t\t\t\t\n\t\t\t\t\t<\/div>\n\t\t\t\t\t<\/div>\n\t\t\t\t\t\t\t\t\t\t\t\t\t\t\t\t<div class=\"badge absolute top post-date badge-outline\">\n\t\t\t\t\t\t\t<div class=\"badge-inner\">\n\t\t\t\t\t\t\t\t<span class=\"post-date-day\">24<\/span><br>\n\t\t\t\t\t\t\t\t<span class=\"post-date-month is-xsmall\">Avr<\/span>\n\t\t\t\t\t\t\t<\/div>\n\t\t\t\t\t\t<\/div>\n\t\t\t\t\t\t\t\t\t<\/div>\n\t\t\t<\/div>\n\t\t<\/div><div class=\"col post-item grid-col grid-col-1-2 large-3 medium-6\" >\n\t\t\t<div class=\"col-inner\">\n\t\t\t\t<div class=\"box box-default box-text-bottom box-blog-post has-hover\">\n            \t\t\t\t\t<div class=\"box-image\" >\n  \t\t\t\t\t\t<div class=\"image-cover\" style=\"padding-top:56%;\">\n\t\t\t\t\t\t\t<a href=\"https:\/\/www.meine-tcm.com\/fr\/wenn-der-schlaf-nicht-kommt-obwohl-du-muede-bist-leitfaden\/\" class=\"plain\" aria-label=\"Wenn der Schlaf nicht kommt, obwohl du m\u00fcde bist\">\n\t\t\t\t\t\t\t\t<img loading=\"lazy\" decoding=\"async\" width=\"280\" height=\"280\" src=\"https:\/\/www.meine-tcm.com\/wp-content\/uploads\/2026\/04\/schlaf-leitfaden-280x280.jpg\" class=\"attachment-thumbnail size-thumbnail wp-post-image\" alt=\"Wer dem Tag kein Ende schenkt, dem schenkt die nacht keine Tiefe.\" srcset=\"https:\/\/www.meine-tcm.com\/wp-content\/uploads\/2026\/04\/schlaf-leitfaden-280x280.jpg 280w, https:\/\/www.meine-tcm.com\/wp-content\/uploads\/2026\/04\/schlaf-leitfaden-400x400.jpg 400w, https:\/\/www.meine-tcm.com\/wp-content\/uploads\/2026\/04\/schlaf-leitfaden-800x800.jpg 800w, https:\/\/www.meine-tcm.com\/wp-content\/uploads\/2026\/04\/schlaf-leitfaden-768x768.jpg 768w, https:\/\/www.meine-tcm.com\/wp-content\/uploads\/2026\/04\/schlaf-leitfaden-1536x1536.jpg 1536w, https:\/\/www.meine-tcm.com\/wp-content\/uploads\/2026\/04\/schlaf-leitfaden-2048x2048.jpg 2048w, https:\/\/www.meine-tcm.com\/wp-content\/uploads\/2026\/04\/schlaf-leitfaden-12x12.jpg 12w, https:\/\/www.meine-tcm.com\/wp-content\/uploads\/2026\/04\/schlaf-leitfaden-510x510.jpg 510w, https:\/\/www.meine-tcm.com\/wp-content\/uploads\/2026\/04\/schlaf-leitfaden-100x100.jpg 100w\" sizes=\"auto, (max-width: 280px) 100vw, 280px\" title=\"Wer dem Tag kein Ende schenkt, dem schenkt die nacht keine Tiefe.\" \/>\t\t\t\t\t\t\t<\/a>\n  \t\t\t\t\t\t\t  \t\t\t\t\t\t\t  \t\t\t\t\t\t<\/div>\n  \t\t\t\t\t\t  \t\t\t\t\t<\/div>\n          \t\t\t\t\t<div class=\"box-text text-center\" >\n\t\t\t\t\t<div class=\"box-text-inner blog-post-inner\">\n\n\t\t\t\t\t\n\t\t\t\t\t\t\t\t\t\t\t<p class=\"cat-label  is-xxsmall op-7 uppercase\">\n\t\t\t\t\tConseil MTC de la semaine \t\t\t\t\t<\/p>\n\t\t\t\t\t\t\t\t\t\t<h5 class=\"post-title is-large\">\n\t\t\t\t\t\t<a href=\"https:\/\/www.meine-tcm.com\/fr\/wenn-der-schlaf-nicht-kommt-obwohl-du-muede-bist-leitfaden\/\" class=\"plain\">Wenn der Schlaf nicht kommt, obwohl du m\u00fcde bist<\/a>\n\t\t\t\t\t<\/h5>\n\t\t\t\t\t\t\t\t\t\t<div class=\"is-divider\"><\/div>\n\t\t\t\t\t                    \n\t\t\t\t\t\n\t\t\t\t\t\n\t\t\t\t\t<\/div>\n\t\t\t\t\t<\/div>\n\t\t\t\t\t\t\t\t\t\t\t\t\t\t\t\t<div class=\"badge absolute top post-date badge-outline\">\n\t\t\t\t\t\t\t<div class=\"badge-inner\">\n\t\t\t\t\t\t\t\t<span class=\"post-date-day\">24<\/span><br>\n\t\t\t\t\t\t\t\t<span class=\"post-date-month is-xsmall\">Avr<\/span>\n\t\t\t\t\t\t\t<\/div>\n\t\t\t\t\t\t<\/div>\n\t\t\t\t\t\t\t\t\t<\/div>\n\t\t\t<\/div>\n\t\t<\/div><div class=\"col post-item has-post-icon grid-col grid-col-1-2 large-3 medium-6\" >\n\t\t\t<div class=\"col-inner\">\n\t\t\t\t<div class=\"box box-default box-text-bottom box-blog-post has-hover\">\n            \t\t\t\t\t<div class=\"box-image\" >\n  \t\t\t\t\t\t<div class=\"image-cover\" style=\"padding-top:56%;\">\n\t\t\t\t\t\t\t<a href=\"https:\/\/www.meine-tcm.com\/fr\/retreat-qi-gong-tao-breathwork-oktober-2026\/\" class=\"plain\" aria-label=\"RETREAT: Qi Gong &#038; TAO Breathwork (Oktober 2026)\">\n\t\t\t\t\t\t\t\t<img loading=\"lazy\" decoding=\"async\" width=\"280\" height=\"280\" src=\"https:\/\/www.meine-tcm.com\/wp-content\/uploads\/2026\/04\/qi-gong-retreat-herbst-leutasch-960-280x280.jpg\" class=\"attachment-thumbnail size-thumbnail wp-post-image\" alt=\"Qi Gong Retreat in Leutasch, Tirol im Herbst\" srcset=\"https:\/\/www.meine-tcm.com\/wp-content\/uploads\/2026\/04\/qi-gong-retreat-herbst-leutasch-960-280x280.jpg 280w, https:\/\/www.meine-tcm.com\/wp-content\/uploads\/2026\/04\/qi-gong-retreat-herbst-leutasch-960-100x100.jpg 100w\" sizes=\"auto, (max-width: 280px) 100vw, 280px\" title=\"Qi Gong Retreat in Leutasch, Tirol im Herbst\" \/>\t\t\t\t\t\t\t<\/a>\n  \t\t\t\t\t\t\t  \t\t\t\t\t\t\t  \t\t\t\t\t\t<\/div>\n  \t\t\t\t\t\t  \t\t\t\t\t\t\t<div class=\"absolute no-click x50 y50 md-x50 md-y50 lg-x50 lg-y50\">\n  \t\t\t\t            \t<div class=\"overlay-icon\">\n  \t\t\t\t                    <i class=\"icon-play\" aria-hidden=\"true\"><\/i>  \t\t\t\t                <\/div>\n  \t\t\t\t            <\/div>\n  \t\t\t\t\t\t  \t\t\t\t\t<\/div>\n          \t\t\t\t\t<div class=\"box-text text-center\" >\n\t\t\t\t\t<div class=\"box-text-inner blog-post-inner\">\n\n\t\t\t\t\t\n\t\t\t\t\t\t\t\t\t\t\t<p class=\"cat-label  is-xxsmall op-7 uppercase\">\n\t\t\t\t\tAllgemein Retreats \t\t\t\t\t<\/p>\n\t\t\t\t\t\t\t\t\t\t<h5 class=\"post-title is-large\">\n\t\t\t\t\t\t<a href=\"https:\/\/www.meine-tcm.com\/fr\/retreat-qi-gong-tao-breathwork-oktober-2026\/\" class=\"plain\">RETREAT: Qi Gong &#038; TAO Breathwork (Oktober 2026)<\/a>\n\t\t\t\t\t<\/h5>\n\t\t\t\t\t\t\t\t\t\t<div class=\"is-divider\"><\/div>\n\t\t\t\t\t                    \n\t\t\t\t\t\n\t\t\t\t\t\n\t\t\t\t\t<\/div>\n\t\t\t\t\t<\/div>\n\t\t\t\t\t\t\t\t\t\t\t\t\t\t\t\t<div class=\"badge absolute top post-date badge-outline\">\n\t\t\t\t\t\t\t<div class=\"badge-inner\">\n\t\t\t\t\t\t\t\t<span class=\"post-date-day\">22<\/span><br>\n\t\t\t\t\t\t\t\t<span class=\"post-date-month is-xsmall\">Avr<\/span>\n\t\t\t\t\t\t\t<\/div>\n\t\t\t\t\t\t<\/div>\n\t\t\t\t\t\t\t\t\t<\/div>\n\t\t\t<\/div>\n\t\t<\/div><div class=\"col post-item grid-col grid-col-1-2 large-3 medium-6\" >\n\t\t\t<div class=\"col-inner\">\n\t\t\t\t<div class=\"box box-default box-text-bottom box-blog-post has-hover\">\n            \t\t\t\t\t<div class=\"box-image\" >\n  \t\t\t\t\t\t<div class=\"image-cover\" style=\"padding-top:56%;\">\n\t\t\t\t\t\t\t<a href=\"https:\/\/www.meine-tcm.com\/fr\/wenn-der-schlaf-nicht-kommt-obwohl-du-muede-bist\/\" class=\"plain\" aria-label=\"Wenn der Schlaf nicht kommt, obwohl du m\u00fcde bist\">\n\t\t\t\t\t\t\t\t<img loading=\"lazy\" decoding=\"async\" width=\"280\" height=\"280\" src=\"https:\/\/www.meine-tcm.com\/wp-content\/uploads\/2026\/01\/laengere-tage-melatonin-seratonin-druck-mai-beitrag-1-280x280.jpg\" class=\"attachment-thumbnail size-thumbnail wp-post-image\" alt=\"Wer die Schwelle am Abend verpasst, nimmt den Tag mit in die Nacht.\" srcset=\"https:\/\/www.meine-tcm.com\/wp-content\/uploads\/2026\/01\/laengere-tage-melatonin-seratonin-druck-mai-beitrag-1-280x280.jpg 280w, https:\/\/www.meine-tcm.com\/wp-content\/uploads\/2026\/01\/laengere-tage-melatonin-seratonin-druck-mai-beitrag-1-100x100.jpg 100w, https:\/\/www.meine-tcm.com\/wp-content\/uploads\/2026\/01\/laengere-tage-melatonin-seratonin-druck-mai-beitrag-1-510x510.jpg 510w, https:\/\/www.meine-tcm.com\/wp-content\/uploads\/2026\/01\/laengere-tage-melatonin-seratonin-druck-mai-beitrag-1-400x400.jpg 400w, https:\/\/www.meine-tcm.com\/wp-content\/uploads\/2026\/01\/laengere-tage-melatonin-seratonin-druck-mai-beitrag-1-800x800.jpg 800w, https:\/\/www.meine-tcm.com\/wp-content\/uploads\/2026\/01\/laengere-tage-melatonin-seratonin-druck-mai-beitrag-1-768x768.jpg 768w, https:\/\/www.meine-tcm.com\/wp-content\/uploads\/2026\/01\/laengere-tage-melatonin-seratonin-druck-mai-beitrag-1-1536x1536.jpg 1536w, https:\/\/www.meine-tcm.com\/wp-content\/uploads\/2026\/01\/laengere-tage-melatonin-seratonin-druck-mai-beitrag-1-2048x2048.jpg 2048w, https:\/\/www.meine-tcm.com\/wp-content\/uploads\/2026\/01\/laengere-tage-melatonin-seratonin-druck-mai-beitrag-1-12x12.jpg 12w\" sizes=\"auto, (max-width: 280px) 100vw, 280px\" title=\"Wer die Schwelle am Abend verpasst, nimmt den Tag mit in die Nacht.\" \/>\t\t\t\t\t\t\t<\/a>\n  \t\t\t\t\t\t\t  \t\t\t\t\t\t\t  \t\t\t\t\t\t<\/div>\n  \t\t\t\t\t\t  \t\t\t\t\t<\/div>\n          \t\t\t\t\t<div class=\"box-text text-center\" >\n\t\t\t\t\t<div class=\"box-text-inner blog-post-inner\">\n\n\t\t\t\t\t\n\t\t\t\t\t\t\t\t\t\t\t<p class=\"cat-label  is-xxsmall op-7 uppercase\">\n\t\t\t\t\tConseil MTC de la semaine \t\t\t\t\t<\/p>\n\t\t\t\t\t\t\t\t\t\t<h5 class=\"post-title is-large\">\n\t\t\t\t\t\t<a href=\"https:\/\/www.meine-tcm.com\/fr\/wenn-der-schlaf-nicht-kommt-obwohl-du-muede-bist\/\" class=\"plain\">Wenn der Schlaf nicht kommt, obwohl du m\u00fcde bist<\/a>\n\t\t\t\t\t<\/h5>\n\t\t\t\t\t\t\t\t\t\t<div class=\"is-divider\"><\/div>\n\t\t\t\t\t                    \n\t\t\t\t\t\n\t\t\t\t\t\n\t\t\t\t\t<\/div>\n\t\t\t\t\t<\/div>\n\t\t\t\t\t\t\t\t\t\t\t\t\t\t\t\t<div class=\"badge absolute top post-date badge-outline\">\n\t\t\t\t\t\t\t<div class=\"badge-inner\">\n\t\t\t\t\t\t\t\t<span class=\"post-date-day\">21<\/span><br>\n\t\t\t\t\t\t\t\t<span class=\"post-date-month is-xsmall\">Avr<\/span>\n\t\t\t\t\t\t\t<\/div>\n\t\t\t\t\t\t<\/div>\n\t\t\t\t\t\t\t\t\t<\/div>\n\t\t\t<\/div>\n\t\t<\/div><div class=\"col post-item grid-col grid-col-1-2 large-3 medium-6\" >\n\t\t\t<div class=\"col-inner\">\n\t\t\t\t<div class=\"box box-default box-text-bottom box-blog-post has-hover\">\n            \t\t\t\t\t<div class=\"box-image\" >\n  \t\t\t\t\t\t<div class=\"image-cover\" style=\"padding-top:56%;\">\n\t\t\t\t\t\t\t<a href=\"https:\/\/www.meine-tcm.com\/fr\/warum-du-zwischen-1-und-3-uhr-aufwachst\/\" class=\"plain\" aria-label=\"Pourquoi tu te r\u00e9veilles entre 1h et 3h du matin\">\n\t\t\t\t\t\t\t\t<img loading=\"lazy\" decoding=\"async\" width=\"280\" height=\"280\" src=\"https:\/\/www.meine-tcm.com\/wp-content\/uploads\/2026\/01\/schlafstoerungen-april-beitrag-4-280x280.jpg\" class=\"attachment-thumbnail size-thumbnail wp-post-image\" alt=\"La nuit a un message. L&#039;entends-tu ?\" srcset=\"https:\/\/www.meine-tcm.com\/wp-content\/uploads\/2026\/01\/schlafstoerungen-april-beitrag-4-280x280.jpg 280w, https:\/\/www.meine-tcm.com\/wp-content\/uploads\/2026\/01\/schlafstoerungen-april-beitrag-4-100x100.jpg 100w, https:\/\/www.meine-tcm.com\/wp-content\/uploads\/2026\/01\/schlafstoerungen-april-beitrag-4-510x510.jpg 510w, https:\/\/www.meine-tcm.com\/wp-content\/uploads\/2026\/01\/schlafstoerungen-april-beitrag-4-400x400.jpg 400w, https:\/\/www.meine-tcm.com\/wp-content\/uploads\/2026\/01\/schlafstoerungen-april-beitrag-4-800x800.jpg 800w, https:\/\/www.meine-tcm.com\/wp-content\/uploads\/2026\/01\/schlafstoerungen-april-beitrag-4-768x768.jpg 768w, https:\/\/www.meine-tcm.com\/wp-content\/uploads\/2026\/01\/schlafstoerungen-april-beitrag-4-1536x1536.jpg 1536w, https:\/\/www.meine-tcm.com\/wp-content\/uploads\/2026\/01\/schlafstoerungen-april-beitrag-4-2048x2048.jpg 2048w, https:\/\/www.meine-tcm.com\/wp-content\/uploads\/2026\/01\/schlafstoerungen-april-beitrag-4-12x12.jpg 12w\" sizes=\"auto, (max-width: 280px) 100vw, 280px\" title=\"La nuit a un message. L&#039;entends-tu ?\" \/>\t\t\t\t\t\t\t<\/a>\n  \t\t\t\t\t\t\t  \t\t\t\t\t\t\t  \t\t\t\t\t\t<\/div>\n  \t\t\t\t\t\t  \t\t\t\t\t<\/div>\n          \t\t\t\t\t<div class=\"box-text text-center\" >\n\t\t\t\t\t<div class=\"box-text-inner blog-post-inner\">\n\n\t\t\t\t\t\n\t\t\t\t\t\t\t\t\t\t\t<p class=\"cat-label  is-xxsmall op-7 uppercase\">\n\t\t\t\t\tConseil MTC de la semaine \t\t\t\t\t<\/p>\n\t\t\t\t\t\t\t\t\t\t<h5 class=\"post-title is-large\">\n\t\t\t\t\t\t<a href=\"https:\/\/www.meine-tcm.com\/fr\/warum-du-zwischen-1-und-3-uhr-aufwachst\/\" class=\"plain\">Pourquoi tu te r\u00e9veilles entre 1h et 3h du matin<\/a>\n\t\t\t\t\t<\/h5>\n\t\t\t\t\t\t\t\t\t\t<div class=\"is-divider\"><\/div>\n\t\t\t\t\t                    \n\t\t\t\t\t\n\t\t\t\t\t\n\t\t\t\t\t<\/div>\n\t\t\t\t\t<\/div>\n\t\t\t\t\t\t\t\t\t\t\t\t\t\t\t\t<div class=\"badge absolute top post-date badge-outline\">\n\t\t\t\t\t\t\t<div class=\"badge-inner\">\n\t\t\t\t\t\t\t\t<span class=\"post-date-day\">14<\/span><br>\n\t\t\t\t\t\t\t\t<span class=\"post-date-month is-xsmall\">Avr<\/span>\n\t\t\t\t\t\t\t<\/div>\n\t\t\t\t\t\t<\/div>\n\t\t\t\t\t\t\t\t\t<\/div>\n\t\t\t<\/div>\n\t\t<\/div><div class=\"col post-item grid-col grid-col-1-2 large-3 medium-6\" >\n\t\t\t<div class=\"col-inner\">\n\t\t\t\t<div class=\"box box-default box-text-bottom box-blog-post has-hover\">\n            \t\t\t\t\t<div class=\"box-image\" >\n  \t\t\t\t\t\t<div class=\"image-cover\" style=\"padding-top:56%;\">\n\t\t\t\t\t\t\t<a href=\"https:\/\/www.meine-tcm.com\/fr\/wieder-geschmeidig-werden-in-jedem-alter\/\" class=\"plain\" aria-label=\"Retrouver sa souplesse - \u00e0 tout \u00e2ge\">\n\t\t\t\t\t\t\t\t<img loading=\"lazy\" decoding=\"async\" width=\"280\" height=\"280\" src=\"https:\/\/www.meine-tcm.com\/wp-content\/uploads\/2026\/01\/steifheit-april-beitrag-2-280x280.jpg\" class=\"attachment-thumbnail size-thumbnail wp-post-image\" alt=\"Tu \u00e9tais autrefois un enfant qui dansait. Ton corps ne l&#039;a pas oubli\u00e9.\" srcset=\"https:\/\/www.meine-tcm.com\/wp-content\/uploads\/2026\/01\/steifheit-april-beitrag-2-280x280.jpg 280w, https:\/\/www.meine-tcm.com\/wp-content\/uploads\/2026\/01\/steifheit-april-beitrag-2-100x100.jpg 100w, https:\/\/www.meine-tcm.com\/wp-content\/uploads\/2026\/01\/steifheit-april-beitrag-2-510x510.jpg 510w, https:\/\/www.meine-tcm.com\/wp-content\/uploads\/2026\/01\/steifheit-april-beitrag-2-400x400.jpg 400w, https:\/\/www.meine-tcm.com\/wp-content\/uploads\/2026\/01\/steifheit-april-beitrag-2-800x800.jpg 800w, https:\/\/www.meine-tcm.com\/wp-content\/uploads\/2026\/01\/steifheit-april-beitrag-2-768x768.jpg 768w, https:\/\/www.meine-tcm.com\/wp-content\/uploads\/2026\/01\/steifheit-april-beitrag-2-1536x1536.jpg 1536w, https:\/\/www.meine-tcm.com\/wp-content\/uploads\/2026\/01\/steifheit-april-beitrag-2-2048x2048.jpg 2048w, https:\/\/www.meine-tcm.com\/wp-content\/uploads\/2026\/01\/steifheit-april-beitrag-2-12x12.jpg 12w\" sizes=\"auto, (max-width: 280px) 100vw, 280px\" title=\"Tu \u00e9tais autrefois un enfant qui dansait. Ton corps ne l&#039;a pas oubli\u00e9.\" \/>\t\t\t\t\t\t\t<\/a>\n  \t\t\t\t\t\t\t  \t\t\t\t\t\t\t  \t\t\t\t\t\t<\/div>\n  \t\t\t\t\t\t  \t\t\t\t\t<\/div>\n          \t\t\t\t\t<div class=\"box-text text-center\" >\n\t\t\t\t\t<div class=\"box-text-inner blog-post-inner\">\n\n\t\t\t\t\t\n\t\t\t\t\t\t\t\t\t\t\t<p class=\"cat-label  is-xxsmall op-7 uppercase\">\n\t\t\t\t\tConseil MTC de la semaine \t\t\t\t\t<\/p>\n\t\t\t\t\t\t\t\t\t\t<h5 class=\"post-title is-large\">\n\t\t\t\t\t\t<a href=\"https:\/\/www.meine-tcm.com\/fr\/wieder-geschmeidig-werden-in-jedem-alter\/\" class=\"plain\">Retrouver sa souplesse - \u00e0 tout \u00e2ge<\/a>\n\t\t\t\t\t<\/h5>\n\t\t\t\t\t\t\t\t\t\t<div class=\"is-divider\"><\/div>\n\t\t\t\t\t                    \n\t\t\t\t\t\n\t\t\t\t\t\n\t\t\t\t\t<\/div>\n\t\t\t\t\t<\/div>\n\t\t\t\t\t\t\t\t\t\t\t\t\t\t\t\t<div class=\"badge absolute top post-date badge-outline\">\n\t\t\t\t\t\t\t<div class=\"badge-inner\">\n\t\t\t\t\t\t\t\t<span class=\"post-date-day\">07<\/span><br>\n\t\t\t\t\t\t\t\t<span class=\"post-date-month is-xsmall\">Avr<\/span>\n\t\t\t\t\t\t\t<\/div>\n\t\t\t\t\t\t<\/div>\n\t\t\t\t\t\t\t\t\t<\/div>\n\t\t\t<\/div>\n\t\t<\/div><div class=\"col post-item grid-col grid-col-1-2 large-3 medium-6\" >\n\t\t\t<div class=\"col-inner\">\n\t\t\t\t<div class=\"box box-default box-text-bottom box-blog-post has-hover\">\n            \t\t\t\t\t<div class=\"box-image\" >\n  \t\t\t\t\t\t<div class=\"image-cover\" style=\"padding-top:56%;\">\n\t\t\t\t\t\t\t<a href=\"https:\/\/www.meine-tcm.com\/fr\/wetterfuehlig-das-problem-ist-nicht-das-wetter\/\" class=\"plain\" aria-label=\"Sensible \u00e0 la m\u00e9t\u00e9o ? Le probl\u00e8me n&#039;est pas le temps\">\n\t\t\t\t\t\t\t\t<img loading=\"lazy\" decoding=\"async\" width=\"280\" height=\"280\" src=\"https:\/\/www.meine-tcm.com\/wp-content\/uploads\/2026\/01\/kopfschmerzen-wind-april-beitrag-1-280x280.jpg\" class=\"attachment-thumbnail size-thumbnail wp-post-image\" alt=\"Tu ne peux pas changer le vent. Mais tu peux apprendre \u00e0 fermer ta fen\u00eatre.\" srcset=\"https:\/\/www.meine-tcm.com\/wp-content\/uploads\/2026\/01\/kopfschmerzen-wind-april-beitrag-1-280x280.jpg 280w, https:\/\/www.meine-tcm.com\/wp-content\/uploads\/2026\/01\/kopfschmerzen-wind-april-beitrag-1-100x100.jpg 100w, https:\/\/www.meine-tcm.com\/wp-content\/uploads\/2026\/01\/kopfschmerzen-wind-april-beitrag-1-510x510.jpg 510w, https:\/\/www.meine-tcm.com\/wp-content\/uploads\/2026\/01\/kopfschmerzen-wind-april-beitrag-1-400x400.jpg 400w, https:\/\/www.meine-tcm.com\/wp-content\/uploads\/2026\/01\/kopfschmerzen-wind-april-beitrag-1-800x800.jpg 800w, https:\/\/www.meine-tcm.com\/wp-content\/uploads\/2026\/01\/kopfschmerzen-wind-april-beitrag-1-768x768.jpg 768w, https:\/\/www.meine-tcm.com\/wp-content\/uploads\/2026\/01\/kopfschmerzen-wind-april-beitrag-1-1536x1536.jpg 1536w, https:\/\/www.meine-tcm.com\/wp-content\/uploads\/2026\/01\/kopfschmerzen-wind-april-beitrag-1-2048x2048.jpg 2048w, https:\/\/www.meine-tcm.com\/wp-content\/uploads\/2026\/01\/kopfschmerzen-wind-april-beitrag-1-12x12.jpg 12w\" sizes=\"auto, (max-width: 280px) 100vw, 280px\" title=\"Tu ne peux pas changer le vent. Mais tu peux apprendre \u00e0 fermer ta fen\u00eatre.\" \/>\t\t\t\t\t\t\t<\/a>\n  \t\t\t\t\t\t\t  \t\t\t\t\t\t\t  \t\t\t\t\t\t<\/div>\n  \t\t\t\t\t\t  \t\t\t\t\t<\/div>\n          \t\t\t\t\t<div class=\"box-text text-center\" >\n\t\t\t\t\t<div class=\"box-text-inner blog-post-inner\">\n\n\t\t\t\t\t\n\t\t\t\t\t\t\t\t\t\t\t<p class=\"cat-label  is-xxsmall op-7 uppercase\">\n\t\t\t\t\tConseil MTC de la semaine \t\t\t\t\t<\/p>\n\t\t\t\t\t\t\t\t\t\t<h5 class=\"post-title is-large\">\n\t\t\t\t\t\t<a href=\"https:\/\/www.meine-tcm.com\/fr\/wetterfuehlig-das-problem-ist-nicht-das-wetter\/\" class=\"plain\">Sensible \u00e0 la m\u00e9t\u00e9o ? Le probl\u00e8me n'est pas le temps<\/a>\n\t\t\t\t\t<\/h5>\n\t\t\t\t\t\t\t\t\t\t<div class=\"is-divider\"><\/div>\n\t\t\t\t\t                    \n\t\t\t\t\t\n\t\t\t\t\t\n\t\t\t\t\t<\/div>\n\t\t\t\t\t<\/div>\n\t\t\t\t\t\t\t\t\t\t\t\t\t\t\t\t<div class=\"badge absolute top post-date badge-outline\">\n\t\t\t\t\t\t\t<div class=\"badge-inner\">\n\t\t\t\t\t\t\t\t<span class=\"post-date-day\">31<\/span><br>\n\t\t\t\t\t\t\t\t<span class=\"post-date-month is-xsmall\">Mar<\/span>\n\t\t\t\t\t\t\t<\/div>\n\t\t\t\t\t\t<\/div>\n\t\t\t\t\t\t\t\t\t<\/div>\n\t\t\t<\/div>\n\t\t<\/div><\/div>\n\n\n\t\t<\/div>\n\t\t\t\t\n<style>\n#col-246750417 > .col-inner {\n  max-width: 1060px;\n}\n<\/style>\n\t<\/div>\n\n\t\n\n<\/div>\n\n\t\t<\/div>\n\n\t\t\n<style>\n#section_72063 {\n  padding-top: 0px;\n  padding-bottom: 0px;\n}\n<\/style>\n\t<\/section>\n\t\n\t<div id=\"gap-817346318\" class=\"gap-element clearfix\" style=\"display:block; height:auto;\">\n\t\t\n<style>\n#gap-817346318 {\n  padding-top: 20px;\n}\n<\/style>\n\t<\/div>\n\t\n\n\n\t<section class=\"section h2\" id=\"section_2002045585\">\n\t\t<div class=\"section-bg fill\" >\n\t\t\t\t\t\t\t\t\t\n\t\t\t\n\n\t\t<\/div>\n\n\t\t\n\n\t\t<div class=\"section-content relative\">\n\t\t\t\n\n<div class=\"row row-collapse align-center\"  id=\"row-1015665722\">\n\n\n\t<div id=\"col-1134003058\" class=\"col small-12 large-12\"  >\n\t\t\t\t<div class=\"col-inner text-center\"  >\n\t\t\t\n\t\t\t\n\n<h2>Nos produits les plus populaires<\/h2>\n\n\t\t<\/div>\n\t\t\t\t\n<style>\n#col-1134003058 > .col-inner {\n  max-width: 960px;\n}\n<\/style>\n\t<\/div>\n\n\t\n\n<\/div>\n\n\t\t<\/div>\n\n\t\t\n<style>\n#section_2002045585 {\n  padding-top: 0px;\n  padding-bottom: 0px;\n}\n<\/style>\n\t<\/section>\n\t\n\t<div id=\"gap-1106709464\" class=\"gap-element clearfix\" style=\"display:block; height:auto;\">\n\t\t\n<style>\n#gap-1106709464 {\n  padding-top: 10px;\n}\n<\/style>\n\t<\/div>\n\t\n\n\n\t<section class=\"section top-produkte\" id=\"section_701428125\">\n\t\t<div class=\"section-bg fill\" >\n\t\t\t\t\t\t\t\t\t\n\t\t\t\n\n\t\t<\/div>\n\n\t\t\n\n\t\t<div class=\"section-content relative\">\n\t\t\t\n\n<div class=\"row row-collapse align-center\"  id=\"row-995149030\">\n\n\n\t<div id=\"col-1304265658\" class=\"col small-12 large-12\"  >\n\t\t\t\t<div class=\"col-inner text-left\"  >\n\t\t\t\n\t\t\t\n\n\t\n  \n    <div class=\"row  equalize-box large-columns-5 medium-columns-3 small-columns-2 row-small\" >\n  \n\t     <div class=\"col\" >\n\t\t\t\t\t\t<div class=\"col-inner\">\n\t\t\t\t\t\t\n<div class=\"badge-container absolute left top z-1\">\n\n<\/div>\n\t\t\t\t\t\t<div class=\"product-small box has-hover box-normal box-text-bottom\">\n\t\t\t\t\t\t\t<div class=\"box-image\" >\n\t\t\t\t\t\t\t\t<div class=\"image-zoom\" >\n\t\t\t\t\t\t\t\t\t<a href=\"https:\/\/www.meine-tcm.com\/fr\/produkt\/qi-gong-fuer-anfaenger-und-leicht-fortgeschrittene\/\" aria-label=\"Cours de Qi Gong pour d\u00e9butants et l\u00e9g\u00e8rement avanc\u00e9s\">\n\t\t\t\t\t\t\t\t\t\t<img loading=\"lazy\" decoding=\"async\" width=\"247\" height=\"296\" src=\"https:\/\/www.meine-tcm.com\/wp-content\/uploads\/2014\/08\/qi-gong-kurs-fuer-anfaenger-06-online-ansehen-mobile-247x296.jpg\" class=\"show-on-hover absolute fill hide-for-small back-image\" alt=\"La main tient le smartphone, \u00e0 l&#039;\u00e9cran le portail de cours en ligne de Einfach besser leben.\" aria-hidden=\"true\" title=\"Cours de Qi Gong pour d\u00e9butants de Simplement mieux vivre en ligne\" \/><img loading=\"lazy\" decoding=\"async\" width=\"283\" height=\"400\" src=\"https:\/\/www.meine-tcm.com\/wp-content\/uploads\/2014\/08\/1cover-qi-gong-fuer-anfaenger-283x400.jpg\" class=\"attachment-medium size-medium\" alt=\"Couverture image pour cours de Qi Gong pour d\u00e9butants avec Wolfgang en image\" srcset=\"https:\/\/www.meine-tcm.com\/wp-content\/uploads\/2014\/08\/1cover-qi-gong-fuer-anfaenger-283x400.jpg 283w, https:\/\/www.meine-tcm.com\/wp-content\/uploads\/2014\/08\/1cover-qi-gong-fuer-anfaenger-510x721.jpg 510w, https:\/\/www.meine-tcm.com\/wp-content\/uploads\/2014\/08\/1cover-qi-gong-fuer-anfaenger-566x800.jpg 566w, https:\/\/www.meine-tcm.com\/wp-content\/uploads\/2014\/08\/1cover-qi-gong-fuer-anfaenger-600x848.jpg 600w, https:\/\/www.meine-tcm.com\/wp-content\/uploads\/2014\/08\/1cover-qi-gong-fuer-anfaenger.jpg 764w\" sizes=\"auto, (max-width: 283px) 100vw, 283px\" title=\"Cours de Qi Gong pour d\u00e9butants de Simplement mieux vivre\" \/>\t\t\t\t\t\t\t\t\t<\/a>\n\t\t\t\t\t\t\t\t\t\t\t\t\t\t\t\t\t\t \t\t\t\t\t\t\t\t<\/div>\n\t\t\t\t\t\t\t\t<div class=\"image-tools top right show-on-hover\">\n\t\t\t\t\t\t\t\t\t\t\t\t\t\t\t\t\t<\/div>\n\t\t\t\t\t\t\t\t\t\t\t\t\t\t\t\t\t<div class=\"image-tools grid-tools text-center hide-for-small bottom hover-slide-in show-on-hover\">\n\t\t\t\t\t\t\t\t\t\t<a href=\"#quick-view\" class=\"quick-view\" role=\"button\" data-prod=\"1368\" aria-haspopup=\"dialog\" aria-expanded=\"false\" data-flatsome-role-button>Aper\u00e7u<\/a>\t\t\t\t\t\t\t\t\t<\/div>\n\t\t\t\t\t\t\t\t\t\t\t\t\t\t\t\t\t\t\t\t\t\t\t<\/div>\n\n\t\t\t\t\t\t\t<div class=\"box-text text-center\" >\n\t\t\t\t\t\t\t\t<div class=\"title-wrapper\">\t\t<p class=\"category uppercase is-smaller no-text-overflow product-cat op-8\">\n\t\t\tQi Gong\t\t<\/p>\n\t<p class=\"name product-title woocommerce-loop-product__title\"><a href=\"https:\/\/www.meine-tcm.com\/fr\/produkt\/qi-gong-fuer-anfaenger-und-leicht-fortgeschrittene\/\" class=\"woocommerce-LoopProduct-link woocommerce-loop-product__link\">Cours de Qi Gong pour d\u00e9butants et l\u00e9g\u00e8rement avanc\u00e9s<\/a><\/p><\/div><div class=\"price-wrapper\">\n\t<span class=\"price\"><span class=\"woocommerce-Price-amount amount\"><bdi>25,11&nbsp;<span class=\"woocommerce-Price-currencySymbol\">\u20ac<\/span><\/bdi><\/span><\/span>\n\n\n<\/div>\t<span id=\"woocommerce_loop_add_to_cart_link_describedby_1368\" class=\"screen-reader-text\">\n\t\tCe produit a plusieurs variantes. Les options peuvent \u00eatre choisies sur la page du produit\t<\/span>\n\t\t\t\t\t\t\t<\/div>\n\t\t\t\t\t\t<\/div>\n\t\t\t\t\t\t<\/div>\n\t\t\t\t\t<\/div><div class=\"col\" >\n\t\t\t\t\t\t<div class=\"col-inner\">\n\t\t\t\t\t\t\n<div class=\"badge-container absolute left top z-1\">\n\n<\/div>\n\t\t\t\t\t\t<div class=\"product-small box has-hover box-normal box-text-bottom\">\n\t\t\t\t\t\t\t<div class=\"box-image\" >\n\t\t\t\t\t\t\t\t<div class=\"image-zoom\" >\n\t\t\t\t\t\t\t\t\t<a href=\"https:\/\/www.meine-tcm.com\/fr\/produkt\/akupen-der-geniale-akupunkturstift-mit-videoanleitung\/\" aria-label=\"AkuPen - le stylo d&#039;acupuncture g\u00e9nial avec instructions vid\u00e9o\">\n\t\t\t\t\t\t\t\t\t\t<img loading=\"lazy\" decoding=\"async\" width=\"247\" height=\"296\" src=\"https:\/\/www.meine-tcm.com\/wp-content\/uploads\/2014\/08\/Akupen-weiss-vertikal-3-247x296.jpg\" class=\"show-on-hover absolute fill hide-for-small back-image\" alt=\"AkuPen ouvert\" aria-hidden=\"true\" title=\"AkuPen de Mieux vivre, tout simplement\" \/><img loading=\"lazy\" decoding=\"async\" width=\"283\" height=\"400\" src=\"https:\/\/www.meine-tcm.com\/wp-content\/uploads\/2014\/08\/Akupen-mit-Verpackung-auf-weiss-2400x3392-1-283x400.jpg\" class=\"attachment-medium size-medium\" alt=\"AukPen avec emballage en bois\" srcset=\"https:\/\/www.meine-tcm.com\/wp-content\/uploads\/2014\/08\/Akupen-mit-Verpackung-auf-weiss-2400x3392-1-283x400.jpg 283w, https:\/\/www.meine-tcm.com\/wp-content\/uploads\/2014\/08\/Akupen-mit-Verpackung-auf-weiss-2400x3392-1-scaled-510x721.jpg 510w, https:\/\/www.meine-tcm.com\/wp-content\/uploads\/2014\/08\/Akupen-mit-Verpackung-auf-weiss-2400x3392-1-566x800.jpg 566w, https:\/\/www.meine-tcm.com\/wp-content\/uploads\/2014\/08\/Akupen-mit-Verpackung-auf-weiss-2400x3392-1-768x1085.jpg 768w, https:\/\/www.meine-tcm.com\/wp-content\/uploads\/2014\/08\/Akupen-mit-Verpackung-auf-weiss-2400x3392-1-1087x1536.jpg 1087w, https:\/\/www.meine-tcm.com\/wp-content\/uploads\/2014\/08\/Akupen-mit-Verpackung-auf-weiss-2400x3392-1-1449x2048.jpg 1449w, https:\/\/www.meine-tcm.com\/wp-content\/uploads\/2014\/08\/Akupen-mit-Verpackung-auf-weiss-2400x3392-1-8x12.jpg 8w, https:\/\/www.meine-tcm.com\/wp-content\/uploads\/2014\/08\/Akupen-mit-Verpackung-auf-weiss-2400x3392-1-scaled.jpg 1811w\" sizes=\"auto, (max-width: 283px) 100vw, 283px\" title=\"AkuPen avec instructions vid\u00e9o\" \/>\t\t\t\t\t\t\t\t\t<\/a>\n\t\t\t\t\t\t\t\t\t\t\t\t\t\t\t\t\t\t \t\t\t\t\t\t\t\t<\/div>\n\t\t\t\t\t\t\t\t<div class=\"image-tools top right show-on-hover\">\n\t\t\t\t\t\t\t\t\t\t\t\t\t\t\t\t\t<\/div>\n\t\t\t\t\t\t\t\t\t\t\t\t\t\t\t\t\t<div class=\"image-tools grid-tools text-center hide-for-small bottom hover-slide-in show-on-hover\">\n\t\t\t\t\t\t\t\t\t\t<a href=\"#quick-view\" class=\"quick-view\" role=\"button\" data-prod=\"1365\" aria-haspopup=\"dialog\" aria-expanded=\"false\" data-flatsome-role-button>Aper\u00e7u<\/a>\t\t\t\t\t\t\t\t\t<\/div>\n\t\t\t\t\t\t\t\t\t\t\t\t\t\t\t\t\t\t\t\t\t\t\t<\/div>\n\n\t\t\t\t\t\t\t<div class=\"box-text text-center\" >\n\t\t\t\t\t\t\t\t<div class=\"title-wrapper\">\t\t<p class=\"category uppercase is-smaller no-text-overflow product-cat op-8\">\n\t\t\tAkuPen\t\t<\/p>\n\t<p class=\"name product-title woocommerce-loop-product__title\"><a href=\"https:\/\/www.meine-tcm.com\/fr\/produkt\/akupen-der-geniale-akupunkturstift-mit-videoanleitung\/\" class=\"woocommerce-LoopProduct-link woocommerce-loop-product__link\">AkuPen - le stylo d'acupuncture g\u00e9nial avec instructions vid\u00e9o<\/a><\/p><\/div><div class=\"price-wrapper\">\n\t<span class=\"price\"><span class=\"woocommerce-Price-amount amount\"><bdi>80,57&nbsp;<span class=\"woocommerce-Price-currencySymbol\">\u20ac<\/span><\/bdi><\/span><\/span>\n\n\n<\/div>\t<span id=\"woocommerce_loop_add_to_cart_link_describedby_1365\" class=\"screen-reader-text\">\n\t\t\t<\/span>\n\t\t\t\t\t\t\t<\/div>\n\t\t\t\t\t\t<\/div>\n\t\t\t\t\t\t<\/div>\n\t\t\t\t\t<\/div><div class=\"col\" >\n\t\t\t\t\t\t<div class=\"col-inner\">\n\t\t\t\t\t\t\n<div class=\"badge-container absolute left top z-1\">\n\n<\/div>\n\t\t\t\t\t\t<div class=\"product-small box has-hover box-normal box-text-bottom\">\n\t\t\t\t\t\t\t<div class=\"box-image\" >\n\t\t\t\t\t\t\t\t<div class=\"image-zoom\" >\n\t\t\t\t\t\t\t\t\t<a href=\"https:\/\/www.meine-tcm.com\/fr\/produkt\/qi-gong-kurs-18-figuren-der-harmonie\/\" aria-label=\"Cours de Qi Gong II - Les 18 figures de l&#039;harmonie\">\n\t\t\t\t\t\t\t\t\t\t<img loading=\"lazy\" decoding=\"async\" width=\"247\" height=\"296\" src=\"https:\/\/www.meine-tcm.com\/wp-content\/uploads\/2014\/08\/qi-gong-kurs-18-figuren-der-harmonie-05-smartphone-247x296.jpg\" class=\"show-on-hover absolute fill hide-for-small back-image\" alt=\"La main tient le smartphone, \u00e0 l&#039;\u00e9cran le portail de cours en ligne de Einfach besser leben.\" aria-hidden=\"true\" title=\"Cours vid\u00e9o en ligne de Einfach besser leben\" \/><img loading=\"lazy\" decoding=\"async\" width=\"283\" height=\"400\" src=\"https:\/\/www.meine-tcm.com\/wp-content\/uploads\/2014\/08\/qi-gong-kurs-18-figuren-der-harmonie-01-283x400.jpg\" class=\"attachment-medium size-medium\" alt=\"Image de couverture pour le cours de Qi Qong moderne - Les 18 figures de l&#039;harmonie\" srcset=\"https:\/\/www.meine-tcm.com\/wp-content\/uploads\/2014\/08\/qi-gong-kurs-18-figuren-der-harmonie-01-283x400.jpg 283w, https:\/\/www.meine-tcm.com\/wp-content\/uploads\/2014\/08\/qi-gong-kurs-18-figuren-der-harmonie-01-510x721.jpg 510w, https:\/\/www.meine-tcm.com\/wp-content\/uploads\/2014\/08\/qi-gong-kurs-18-figuren-der-harmonie-01-566x800.jpg 566w, https:\/\/www.meine-tcm.com\/wp-content\/uploads\/2014\/08\/qi-gong-kurs-18-figuren-der-harmonie-01-600x848.jpg 600w, https:\/\/www.meine-tcm.com\/wp-content\/uploads\/2014\/08\/qi-gong-kurs-18-figuren-der-harmonie-01.jpg 764w\" sizes=\"auto, (max-width: 283px) 100vw, 283px\" title=\"Cours de Qi Qong - Les 18 figures de l&#039;harmonie\" \/>\t\t\t\t\t\t\t\t\t<\/a>\n\t\t\t\t\t\t\t\t\t\t\t\t\t\t\t\t\t\t \t\t\t\t\t\t\t\t<\/div>\n\t\t\t\t\t\t\t\t<div class=\"image-tools top right show-on-hover\">\n\t\t\t\t\t\t\t\t\t\t\t\t\t\t\t\t\t<\/div>\n\t\t\t\t\t\t\t\t\t\t\t\t\t\t\t\t\t<div class=\"image-tools grid-tools text-center hide-for-small bottom hover-slide-in show-on-hover\">\n\t\t\t\t\t\t\t\t\t\t<a href=\"#quick-view\" class=\"quick-view\" role=\"button\" data-prod=\"1376\" aria-haspopup=\"dialog\" aria-expanded=\"false\" data-flatsome-role-button>Aper\u00e7u<\/a>\t\t\t\t\t\t\t\t\t<\/div>\n\t\t\t\t\t\t\t\t\t\t\t\t\t\t\t\t\t\t\t\t\t\t\t<\/div>\n\n\t\t\t\t\t\t\t<div class=\"box-text text-center\" >\n\t\t\t\t\t\t\t\t<div class=\"title-wrapper\">\t\t<p class=\"category uppercase is-smaller no-text-overflow product-cat op-8\">\n\t\t\tQi Gong\t\t<\/p>\n\t<p class=\"name product-title woocommerce-loop-product__title\"><a href=\"https:\/\/www.meine-tcm.com\/fr\/produkt\/qi-gong-kurs-18-figuren-der-harmonie\/\" class=\"woocommerce-LoopProduct-link woocommerce-loop-product__link\">Cours de Qi Gong II - Les 18 figures de l'harmonie<\/a><\/p><\/div><div class=\"price-wrapper\">\n\t<span class=\"price\"><span class=\"woocommerce-Price-amount amount\"><bdi>35,19&nbsp;<span class=\"woocommerce-Price-currencySymbol\">\u20ac<\/span><\/bdi><\/span><\/span>\n\n\n<\/div>\t<span id=\"woocommerce_loop_add_to_cart_link_describedby_1376\" class=\"screen-reader-text\">\n\t\tCe produit a plusieurs variantes. Les options peuvent \u00eatre choisies sur la page du produit\t<\/span>\n\t\t\t\t\t\t\t<\/div>\n\t\t\t\t\t\t<\/div>\n\t\t\t\t\t\t<\/div>\n\t\t\t\t\t<\/div><div class=\"col\" >\n\t\t\t\t\t\t<div class=\"col-inner\">\n\t\t\t\t\t\t\n<div class=\"badge-container absolute left top z-1\">\n\n<\/div>\n\t\t\t\t\t\t<div class=\"product-small box has-hover box-normal box-text-bottom\">\n\t\t\t\t\t\t\t<div class=\"box-image\" >\n\t\t\t\t\t\t\t\t<div class=\"image-zoom\" >\n\t\t\t\t\t\t\t\t\t<a href=\"https:\/\/www.meine-tcm.com\/fr\/produkt\/qi-gong-kurs-8-brokate\/\" aria-label=\"Les 8 brocards - Le cours de qi gong moderne I\">\n\t\t\t\t\t\t\t\t\t\t<img loading=\"lazy\" decoding=\"async\" width=\"247\" height=\"296\" src=\"https:\/\/www.meine-tcm.com\/wp-content\/uploads\/2014\/06\/qi-gong-kurs-8-brokate-07-smartphone-247x296.jpg\" class=\"show-on-hover absolute fill hide-for-small back-image\" alt=\"La main tient le smartphone, \u00e0 l&#039;\u00e9cran le portail de cours en ligne de Einfach besser leben.\" aria-hidden=\"true\" title=\"Cours vid\u00e9o en ligne de Einfach besser leben\" \/><img loading=\"lazy\" decoding=\"async\" width=\"283\" height=\"400\" src=\"https:\/\/www.meine-tcm.com\/wp-content\/uploads\/2014\/06\/1qi-gong-i-283x400.jpg\" class=\"attachment-medium size-medium\" alt=\"Couverture Image du cours de Qi Gong moderne 8 brocards avec Wolfgang\" srcset=\"https:\/\/www.meine-tcm.com\/wp-content\/uploads\/2014\/06\/1qi-gong-i-283x400.jpg 283w, https:\/\/www.meine-tcm.com\/wp-content\/uploads\/2014\/06\/1qi-gong-i-510x720.jpg 510w, https:\/\/www.meine-tcm.com\/wp-content\/uploads\/2014\/06\/1qi-gong-i-566x800.jpg 566w, https:\/\/www.meine-tcm.com\/wp-content\/uploads\/2014\/06\/1qi-gong-i-768x1085.jpg 768w, https:\/\/www.meine-tcm.com\/wp-content\/uploads\/2014\/06\/1qi-gong-i-600x847.jpg 600w, https:\/\/www.meine-tcm.com\/wp-content\/uploads\/2014\/06\/1qi-gong-i.jpg 1062w\" sizes=\"auto, (max-width: 283px) 100vw, 283px\" title=\"Le cours de Qi Gong moderne 8 brocards de Vivre mieux, tout simplement\" \/>\t\t\t\t\t\t\t\t\t<\/a>\n\t\t\t\t\t\t\t\t\t\t\t\t\t\t\t\t\t\t \t\t\t\t\t\t\t\t<\/div>\n\t\t\t\t\t\t\t\t<div class=\"image-tools top right show-on-hover\">\n\t\t\t\t\t\t\t\t\t\t\t\t\t\t\t\t\t<\/div>\n\t\t\t\t\t\t\t\t\t\t\t\t\t\t\t\t\t<div class=\"image-tools grid-tools text-center hide-for-small bottom hover-slide-in show-on-hover\">\n\t\t\t\t\t\t\t\t\t\t<a href=\"#quick-view\" class=\"quick-view\" role=\"button\" data-prod=\"1416\" aria-haspopup=\"dialog\" aria-expanded=\"false\" data-flatsome-role-button>Aper\u00e7u<\/a>\t\t\t\t\t\t\t\t\t<\/div>\n\t\t\t\t\t\t\t\t\t\t\t\t\t\t\t\t\t\t\t\t\t\t\t<\/div>\n\n\t\t\t\t\t\t\t<div class=\"box-text text-center\" >\n\t\t\t\t\t\t\t\t<div class=\"title-wrapper\">\t\t<p class=\"category uppercase is-smaller no-text-overflow product-cat op-8\">\n\t\t\tQi Gong\t\t<\/p>\n\t<p class=\"name product-title woocommerce-loop-product__title\"><a href=\"https:\/\/www.meine-tcm.com\/fr\/produkt\/qi-gong-kurs-8-brokate\/\" class=\"woocommerce-LoopProduct-link woocommerce-loop-product__link\">Les 8 brocards - Le cours de qi gong moderne I<\/a><\/p><\/div><div class=\"price-wrapper\">\n\t<span class=\"price\"><span class=\"woocommerce-Price-amount amount\"><bdi>25,11&nbsp;<span class=\"woocommerce-Price-currencySymbol\">\u20ac<\/span><\/bdi><\/span><\/span>\n\n\n<\/div>\t<span id=\"woocommerce_loop_add_to_cart_link_describedby_1416\" class=\"screen-reader-text\">\n\t\tCe produit a plusieurs variantes. Les options peuvent \u00eatre choisies sur la page du produit\t<\/span>\n\t\t\t\t\t\t\t<\/div>\n\t\t\t\t\t\t<\/div>\n\t\t\t\t\t\t<\/div>\n\t\t\t\t\t<\/div><div class=\"col\" >\n\t\t\t\t\t\t<div class=\"col-inner\">\n\t\t\t\t\t\t\n<div class=\"badge-container absolute left top z-1\">\n\n<\/div>\n\t\t\t\t\t\t<div class=\"product-small box has-hover box-normal box-text-bottom\">\n\t\t\t\t\t\t\t<div class=\"box-image\" >\n\t\t\t\t\t\t\t\t<div class=\"image-zoom\" >\n\t\t\t\t\t\t\t\t\t<a href=\"https:\/\/www.meine-tcm.com\/fr\/produkt\/weidinger-w08-warme-mitte\/\" aria-label=\"Weidinger W08 - Centre chaud\">\n\t\t\t\t\t\t\t\t\t\t<img loading=\"lazy\" decoding=\"async\" width=\"247\" height=\"296\" src=\"https:\/\/www.meine-tcm.com\/wp-content\/uploads\/2024\/04\/weidinger-w08-warme-mitte-240-tabletten-1-247x296.jpg\" class=\"show-on-hover absolute fill hide-for-small back-image\" alt=\"M\u00e9lange d&#039;herbes MTC W08 - Centre chaud du Dr Weidinger\" aria-hidden=\"true\" title=\"M\u00e9lange d&#039;herbes MTC W08 - Centre chaud du Dr Weidinger\" \/><img loading=\"lazy\" decoding=\"async\" width=\"400\" height=\"400\" src=\"https:\/\/www.meine-tcm.com\/wp-content\/uploads\/2024\/04\/weidinger-w08-warme-mitte-240-tabletten-400x400.jpg\" class=\"attachment-medium size-medium\" alt=\"M\u00e9lange d&#039;herbes MTC W08 - Centre chaud du Dr Weidinger\" srcset=\"https:\/\/www.meine-tcm.com\/wp-content\/uploads\/2024\/04\/weidinger-w08-warme-mitte-240-tabletten-400x400.jpg 400w, https:\/\/www.meine-tcm.com\/wp-content\/uploads\/2024\/04\/weidinger-w08-warme-mitte-240-tabletten-100x100.jpg 100w, https:\/\/www.meine-tcm.com\/wp-content\/uploads\/2024\/04\/weidinger-w08-warme-mitte-240-tabletten-510x510.jpg 510w, https:\/\/www.meine-tcm.com\/wp-content\/uploads\/2024\/04\/weidinger-w08-warme-mitte-240-tabletten-800x800.jpg 800w, https:\/\/www.meine-tcm.com\/wp-content\/uploads\/2024\/04\/weidinger-w08-warme-mitte-240-tabletten-280x280.jpg 280w, https:\/\/www.meine-tcm.com\/wp-content\/uploads\/2024\/04\/weidinger-w08-warme-mitte-240-tabletten-768x768.jpg 768w, https:\/\/www.meine-tcm.com\/wp-content\/uploads\/2024\/04\/weidinger-w08-warme-mitte-240-tabletten-12x12.jpg 12w, https:\/\/www.meine-tcm.com\/wp-content\/uploads\/2024\/04\/weidinger-w08-warme-mitte-240-tabletten.jpg 1200w\" sizes=\"auto, (max-width: 400px) 100vw, 400px\" title=\"M\u00e9lange d&#039;herbes MTC W08 - Centre chaud du Dr Weidinger\" \/>\t\t\t\t\t\t\t\t\t<\/a>\n\t\t\t\t\t\t\t\t\t\t\t\t\t\t\t\t\t\t \t\t\t\t\t\t\t\t<\/div>\n\t\t\t\t\t\t\t\t<div class=\"image-tools top right show-on-hover\">\n\t\t\t\t\t\t\t\t\t\t\t\t\t\t\t\t\t<\/div>\n\t\t\t\t\t\t\t\t\t\t\t\t\t\t\t\t\t<div class=\"image-tools grid-tools text-center hide-for-small bottom hover-slide-in show-on-hover\">\n\t\t\t\t\t\t\t\t\t\t<a href=\"#quick-view\" class=\"quick-view\" role=\"button\" data-prod=\"1295\" aria-haspopup=\"dialog\" aria-expanded=\"false\" data-flatsome-role-button>Aper\u00e7u<\/a>\t\t\t\t\t\t\t\t\t<\/div>\n\t\t\t\t\t\t\t\t\t\t\t\t\t\t\t\t\t\t\t\t\t\t\t<\/div>\n\n\t\t\t\t\t\t\t<div class=\"box-text text-center\" >\n\t\t\t\t\t\t\t\t<div class=\"title-wrapper\">\t\t<p class=\"category uppercase is-smaller no-text-overflow product-cat op-8\">\n\t\t\tHerbes de MTC\t\t<\/p>\n\t<p class=\"name product-title woocommerce-loop-product__title\"><a href=\"https:\/\/www.meine-tcm.com\/fr\/produkt\/weidinger-w08-warme-mitte\/\" class=\"woocommerce-LoopProduct-link woocommerce-loop-product__link\">Weidinger W08 - Centre chaud<\/a><\/p><p class=\"woocommerce-loop-product__subtitle wp-subtitle\">TCM m\u00e9lange d'herbes<\/p><\/div><div class=\"price-wrapper\">\n\t<span class=\"price\"><span class=\"woocommerce-Price-amount amount\"><bdi>62,50&nbsp;<span class=\"woocommerce-Price-currencySymbol\">\u20ac<\/span><\/bdi><\/span><\/span>\n\n\n<\/div>\t<span id=\"woocommerce_loop_add_to_cart_link_describedby_1295\" class=\"screen-reader-text\">\n\t\t\t<\/span>\n\t\t\t\t\t\t\t<\/div>\n\t\t\t\t\t\t<\/div>\n\t\t\t\t\t\t<\/div>\n\t\t\t\t\t<\/div><\/div>\n\n\n\t\t<\/div>\n\t\t\t\t\n<style>\n#col-1304265658 > .col-inner {\n  max-width: 1200px;\n}\n<\/style>\n\t<\/div>\n\n\t\n\n<\/div>\n\n\t\t<\/div>\n\n\t\t\n<style>\n#section_701428125 {\n  padding-top: 0px;\n  padding-bottom: 0px;\n}\n<\/style>\n\t<\/section>\n\t\n\n\n<style>\nh2 {\ntext-align: left;\n}\n\nsection.one-image .img {\nmargin-bottom: 0 !important;\n}\n\nsection.one-image img {\n    border-radius: 15px;\n}\n<\/style>\n\n\n\n\n<p><\/p>","protected":false},"excerpt":{"rendered":"<p>Dehors, il fait encore froid. L'hiver s'accroche. Mais ton corps ?<br \/>\nIl le sent depuis longtemps. Quelque chose veut se d\u00e9tacher.<\/p>\n<p>Peut-\u00eatre le remarqueras-tu : Une fatigue qui n'a pas de raison d'\u00eatre. Une pression derri\u00e8re les tempes. Une irritation qui vient de nulle part. Une peau qui devient impure. Un sommeil qui ne r\u00e9cup\u00e8re pas.<\/p>\n<p>Ce n'est pas de l'imagination. C'est ton corps qui veut faire le m\u00e9nage - avant m\u00eame l'arriv\u00e9e du printemps. Ton foie a demand\u00e9 un grand nettoyage.<br \/>\nLa question est de savoir si tu l'aideras ou si tu t'y accrocheras.<\/p>","protected":false},"author":3859,"featured_media":24336,"comment_status":"open","ping_status":"open","sticky":false,"template":"","format":"standard","meta":{"_acf_changed":false,"footnotes":""},"categories":[300],"tags":[],"class_list":["post-24335","post","type-post","status-publish","format-standard","has-post-thumbnail","hentry","category-tcm-tipp-der-woche"],"acf":[],"yoast_head":"<!-- This site is optimized with the Yoast SEO plugin v27.3 - https:\/\/yoast.com\/product\/yoast-seo-wordpress\/ -->\n<title>Leber entgiften im Fr\u00fchling: TCM\u2013Tipps ohne Extrem<\/title>\n<meta name=\"description\" content=\"Fr\u00fchlingsm\u00fcdigkeit, Kopfschmerzen, Gereiztheit? Deine Leber r\u00e4umt auf. Erfahre, wie du sie aus TCM-Sicht unterst\u00fctzt \u2014 ohne Saftkur oder Fasten.\" \/>\n<meta name=\"robots\" content=\"index, follow, max-snippet:-1, max-image-preview:large, max-video-preview:-1\" \/>\n<link rel=\"canonical\" href=\"https:\/\/www.meine-tcm.com\/fr\/fatigue-malgre-le-printemps-ton-foie-a-besoin-daide\/\" \/>\n<meta property=\"og:locale\" content=\"fr_FR\" \/>\n<meta property=\"og:type\" content=\"article\" \/>\n<meta property=\"og:title\" content=\"Leber entgiften im Fr\u00fchling: TCM\u2013Tipps ohne Extrem\" \/>\n<meta property=\"og:description\" content=\"Fr\u00fchlingsm\u00fcdigkeit, Kopfschmerzen, Gereiztheit? Deine Leber r\u00e4umt auf. Erfahre, wie du sie aus TCM-Sicht unterst\u00fctzt \u2014 ohne Saftkur oder Fasten.\" \/>\n<meta property=\"og:url\" content=\"https:\/\/www.meine-tcm.com\/fr\/fatigue-malgre-le-printemps-ton-foie-a-besoin-daide\/\" \/>\n<meta property=\"og:site_name\" content=\"meine TCM | Traditionelle Chinesische Medizin einfach erkl\u00e4rt\" \/>\n<meta property=\"article:published_time\" content=\"2026-03-03T06:00:00+00:00\" \/>\n<meta property=\"og:image\" content=\"https:\/\/www.meine-tcm.com\/wp-content\/uploads\/2025\/12\/maerz-leberreinigung-beitrag-1.jpg\" \/>\n\t<meta property=\"og:image:width\" content=\"2160\" \/>\n\t<meta property=\"og:image:height\" content=\"2160\" \/>\n\t<meta property=\"og:image:type\" content=\"image\/jpeg\" \/>\n<meta name=\"author\" content=\"Marina\" \/>\n<meta name=\"twitter:card\" content=\"summary_large_image\" \/>\n<meta name=\"twitter:label1\" content=\"\u00c9crit par\" \/>\n\t<meta name=\"twitter:data1\" content=\"Marina\" \/>\n\t<meta name=\"twitter:label2\" content=\"Dur\u00e9e de lecture estim\u00e9e\" \/>\n\t<meta name=\"twitter:data2\" content=\"9 minutes\" \/>\n<script type=\"application\/ld+json\" class=\"yoast-schema-graph\">{\"@context\":\"https:\\\/\\\/schema.org\",\"@graph\":[{\"@type\":\"Article\",\"@id\":\"https:\\\/\\\/www.meine-tcm.com\\\/muede-trotz-fruehling-deine-leber-braucht-hilfe\\\/#article\",\"isPartOf\":{\"@id\":\"https:\\\/\\\/www.meine-tcm.com\\\/muede-trotz-fruehling-deine-leber-braucht-hilfe\\\/\"},\"author\":{\"name\":\"Marina\",\"@id\":\"https:\\\/\\\/www.meine-tcm.com\\\/#\\\/schema\\\/person\\\/76da350caed5aad1d9998ba607d86f28\"},\"headline\":\"Leber entgiften im Fr\u00fchling\",\"datePublished\":\"2026-03-03T06:00:00+00:00\",\"mainEntityOfPage\":{\"@id\":\"https:\\\/\\\/www.meine-tcm.com\\\/muede-trotz-fruehling-deine-leber-braucht-hilfe\\\/\"},\"wordCount\":1775,\"commentCount\":0,\"publisher\":{\"@id\":\"https:\\\/\\\/www.meine-tcm.com\\\/#organization\"},\"image\":{\"@id\":\"https:\\\/\\\/www.meine-tcm.com\\\/muede-trotz-fruehling-deine-leber-braucht-hilfe\\\/#primaryimage\"},\"thumbnailUrl\":\"https:\\\/\\\/www.meine-tcm.com\\\/wp-content\\\/uploads\\\/2025\\\/12\\\/maerz-leberreinigung-beitrag-1.jpg\",\"articleSection\":[\"TCM Tipp der Woche\"],\"inLanguage\":\"fr-FR\",\"potentialAction\":[{\"@type\":\"CommentAction\",\"name\":\"Comment\",\"target\":[\"https:\\\/\\\/www.meine-tcm.com\\\/muede-trotz-fruehling-deine-leber-braucht-hilfe\\\/#respond\"]}]},{\"@type\":\"WebPage\",\"@id\":\"https:\\\/\\\/www.meine-tcm.com\\\/muede-trotz-fruehling-deine-leber-braucht-hilfe\\\/\",\"url\":\"https:\\\/\\\/www.meine-tcm.com\\\/muede-trotz-fruehling-deine-leber-braucht-hilfe\\\/\",\"name\":\"Leber entgiften im Fr\u00fchling: TCM\u2013Tipps ohne Extrem\",\"isPartOf\":{\"@id\":\"https:\\\/\\\/www.meine-tcm.com\\\/#website\"},\"primaryImageOfPage\":{\"@id\":\"https:\\\/\\\/www.meine-tcm.com\\\/muede-trotz-fruehling-deine-leber-braucht-hilfe\\\/#primaryimage\"},\"image\":{\"@id\":\"https:\\\/\\\/www.meine-tcm.com\\\/muede-trotz-fruehling-deine-leber-braucht-hilfe\\\/#primaryimage\"},\"thumbnailUrl\":\"https:\\\/\\\/www.meine-tcm.com\\\/wp-content\\\/uploads\\\/2025\\\/12\\\/maerz-leberreinigung-beitrag-1.jpg\",\"datePublished\":\"2026-03-03T06:00:00+00:00\",\"description\":\"Fr\u00fchlingsm\u00fcdigkeit, Kopfschmerzen, Gereiztheit? Deine Leber r\u00e4umt auf. Erfahre, wie du sie aus TCM-Sicht unterst\u00fctzt \u2014 ohne Saftkur oder Fasten.\",\"breadcrumb\":{\"@id\":\"https:\\\/\\\/www.meine-tcm.com\\\/muede-trotz-fruehling-deine-leber-braucht-hilfe\\\/#breadcrumb\"},\"inLanguage\":\"fr-FR\",\"potentialAction\":[{\"@type\":\"ReadAction\",\"target\":[\"https:\\\/\\\/www.meine-tcm.com\\\/muede-trotz-fruehling-deine-leber-braucht-hilfe\\\/\"]}]},{\"@type\":\"ImageObject\",\"inLanguage\":\"fr-FR\",\"@id\":\"https:\\\/\\\/www.meine-tcm.com\\\/muede-trotz-fruehling-deine-leber-braucht-hilfe\\\/#primaryimage\",\"url\":\"https:\\\/\\\/www.meine-tcm.com\\\/wp-content\\\/uploads\\\/2025\\\/12\\\/maerz-leberreinigung-beitrag-1.jpg\",\"contentUrl\":\"https:\\\/\\\/www.meine-tcm.com\\\/wp-content\\\/uploads\\\/2025\\\/12\\\/maerz-leberreinigung-beitrag-1.jpg\",\"width\":2160,\"height\":2160,\"caption\":\"Was du nicht losl\u00e4sst, l\u00e4sst dich nicht los.\"},{\"@type\":\"BreadcrumbList\",\"@id\":\"https:\\\/\\\/www.meine-tcm.com\\\/muede-trotz-fruehling-deine-leber-braucht-hilfe\\\/#breadcrumb\",\"itemListElement\":[{\"@type\":\"ListItem\",\"position\":1,\"name\":\"Home\",\"item\":\"https:\\\/\\\/www.meine-tcm.com\\\/\"},{\"@type\":\"ListItem\",\"position\":2,\"name\":\"Leber entgiften im Fr\u00fchling\"}]},{\"@type\":\"WebSite\",\"@id\":\"https:\\\/\\\/www.meine-tcm.com\\\/#website\",\"url\":\"https:\\\/\\\/www.meine-tcm.com\\\/\",\"name\":\"meine TCM | Traditionelle Chinesische Medizin einfach erkl\u00e4rt\",\"description\":\"Einfach gesund bleiben\",\"publisher\":{\"@id\":\"https:\\\/\\\/www.meine-tcm.com\\\/#organization\"},\"potentialAction\":[{\"@type\":\"SearchAction\",\"target\":{\"@type\":\"EntryPoint\",\"urlTemplate\":\"https:\\\/\\\/www.meine-tcm.com\\\/?s={search_term_string}\"},\"query-input\":{\"@type\":\"PropertyValueSpecification\",\"valueRequired\":true,\"valueName\":\"search_term_string\"}}],\"inLanguage\":\"fr-FR\"},{\"@type\":\"Organization\",\"@id\":\"https:\\\/\\\/www.meine-tcm.com\\\/#organization\",\"name\":\"meine-TCM.com \u2014 Traditionelle chinesische Medizin einfach erkl\u00e4rt\",\"url\":\"https:\\\/\\\/www.meine-tcm.com\\\/\",\"logo\":{\"@type\":\"ImageObject\",\"inLanguage\":\"fr-FR\",\"@id\":\"https:\\\/\\\/www.meine-tcm.com\\\/#\\\/schema\\\/logo\\\/image\\\/\",\"url\":\"https:\\\/\\\/www.meine-tcm.com\\\/wp-content\\\/uploads\\\/2022\\\/08\\\/meine-tcm-traditionelle-chinesische-medizin-einfach-erklaert.png\",\"contentUrl\":\"https:\\\/\\\/www.meine-tcm.com\\\/wp-content\\\/uploads\\\/2022\\\/08\\\/meine-tcm-traditionelle-chinesische-medizin-einfach-erklaert.png\",\"width\":559,\"height\":479,\"caption\":\"meine-TCM.com \u2014 Traditionelle chinesische Medizin einfach erkl\u00e4rt\"},\"image\":{\"@id\":\"https:\\\/\\\/www.meine-tcm.com\\\/#\\\/schema\\\/logo\\\/image\\\/\"},\"sameAs\":[\"https:\\\/\\\/www.instagram.com\\\/meinetcm\\\/\",\"https:\\\/\\\/www.youtube.com\\\/@EinfachbesserLeben\"]},{\"@type\":\"Person\",\"@id\":\"https:\\\/\\\/www.meine-tcm.com\\\/#\\\/schema\\\/person\\\/76da350caed5aad1d9998ba607d86f28\",\"name\":\"Marina\"}]}<\/script>\n<!-- \/ Yoast SEO plugin. -->","yoast_head_json":{"title":"D\u00e9toxifier son foie au printemps : des conseils de MTC sans extr\u00eame","description":"Fatigue printani\u00e8re, maux de t\u00eate, irritabilit\u00e9 ? Ton foie fait le m\u00e9nage. D\u00e9couvre comment le soutenir du point de vue de la MTC - sans cure de jus ni je\u00fbne.","robots":{"index":"index","follow":"follow","max-snippet":"max-snippet:-1","max-image-preview":"max-image-preview:large","max-video-preview":"max-video-preview:-1"},"canonical":"https:\/\/www.meine-tcm.com\/fr\/fatigue-malgre-le-printemps-ton-foie-a-besoin-daide\/","og_locale":"fr_FR","og_type":"article","og_title":"Leber entgiften im Fr\u00fchling: TCM\u2013Tipps ohne Extrem","og_description":"Fr\u00fchlingsm\u00fcdigkeit, Kopfschmerzen, Gereiztheit? Deine Leber r\u00e4umt auf. Erfahre, wie du sie aus TCM-Sicht unterst\u00fctzt \u2014 ohne Saftkur oder Fasten.","og_url":"https:\/\/www.meine-tcm.com\/fr\/fatigue-malgre-le-printemps-ton-foie-a-besoin-daide\/","og_site_name":"meine TCM | Traditionelle Chinesische Medizin einfach erkl\u00e4rt","article_published_time":"2026-03-03T06:00:00+00:00","og_image":[{"width":2160,"height":2160,"url":"https:\/\/www.meine-tcm.com\/wp-content\/uploads\/2025\/12\/maerz-leberreinigung-beitrag-1.jpg","type":"image\/jpeg"}],"author":"Marina","twitter_card":"summary_large_image","twitter_misc":{"\u00c9crit par":"Marina","Dur\u00e9e de lecture estim\u00e9e":"9 minutes"},"schema":{"@context":"https:\/\/schema.org","@graph":[{"@type":"Article","@id":"https:\/\/www.meine-tcm.com\/muede-trotz-fruehling-deine-leber-braucht-hilfe\/#article","isPartOf":{"@id":"https:\/\/www.meine-tcm.com\/muede-trotz-fruehling-deine-leber-braucht-hilfe\/"},"author":{"name":"Marina","@id":"https:\/\/www.meine-tcm.com\/#\/schema\/person\/76da350caed5aad1d9998ba607d86f28"},"headline":"Leber entgiften im Fr\u00fchling","datePublished":"2026-03-03T06:00:00+00:00","mainEntityOfPage":{"@id":"https:\/\/www.meine-tcm.com\/muede-trotz-fruehling-deine-leber-braucht-hilfe\/"},"wordCount":1775,"commentCount":0,"publisher":{"@id":"https:\/\/www.meine-tcm.com\/#organization"},"image":{"@id":"https:\/\/www.meine-tcm.com\/muede-trotz-fruehling-deine-leber-braucht-hilfe\/#primaryimage"},"thumbnailUrl":"https:\/\/www.meine-tcm.com\/wp-content\/uploads\/2025\/12\/maerz-leberreinigung-beitrag-1.jpg","articleSection":["TCM Tipp der Woche"],"inLanguage":"fr-FR","potentialAction":[{"@type":"CommentAction","name":"Comment","target":["https:\/\/www.meine-tcm.com\/muede-trotz-fruehling-deine-leber-braucht-hilfe\/#respond"]}]},{"@type":"WebPage","@id":"https:\/\/www.meine-tcm.com\/muede-trotz-fruehling-deine-leber-braucht-hilfe\/","url":"https:\/\/www.meine-tcm.com\/muede-trotz-fruehling-deine-leber-braucht-hilfe\/","name":"D\u00e9toxifier son foie au printemps : des conseils de MTC sans extr\u00eame","isPartOf":{"@id":"https:\/\/www.meine-tcm.com\/#website"},"primaryImageOfPage":{"@id":"https:\/\/www.meine-tcm.com\/muede-trotz-fruehling-deine-leber-braucht-hilfe\/#primaryimage"},"image":{"@id":"https:\/\/www.meine-tcm.com\/muede-trotz-fruehling-deine-leber-braucht-hilfe\/#primaryimage"},"thumbnailUrl":"https:\/\/www.meine-tcm.com\/wp-content\/uploads\/2025\/12\/maerz-leberreinigung-beitrag-1.jpg","datePublished":"2026-03-03T06:00:00+00:00","description":"Fatigue printani\u00e8re, maux de t\u00eate, irritabilit\u00e9 ? Ton foie fait le m\u00e9nage. D\u00e9couvre comment le soutenir du point de vue de la MTC - sans cure de jus ni je\u00fbne.","breadcrumb":{"@id":"https:\/\/www.meine-tcm.com\/muede-trotz-fruehling-deine-leber-braucht-hilfe\/#breadcrumb"},"inLanguage":"fr-FR","potentialAction":[{"@type":"ReadAction","target":["https:\/\/www.meine-tcm.com\/muede-trotz-fruehling-deine-leber-braucht-hilfe\/"]}]},{"@type":"ImageObject","inLanguage":"fr-FR","@id":"https:\/\/www.meine-tcm.com\/muede-trotz-fruehling-deine-leber-braucht-hilfe\/#primaryimage","url":"https:\/\/www.meine-tcm.com\/wp-content\/uploads\/2025\/12\/maerz-leberreinigung-beitrag-1.jpg","contentUrl":"https:\/\/www.meine-tcm.com\/wp-content\/uploads\/2025\/12\/maerz-leberreinigung-beitrag-1.jpg","width":2160,"height":2160,"caption":"Was du nicht losl\u00e4sst, l\u00e4sst dich nicht los."},{"@type":"BreadcrumbList","@id":"https:\/\/www.meine-tcm.com\/muede-trotz-fruehling-deine-leber-braucht-hilfe\/#breadcrumb","itemListElement":[{"@type":"ListItem","position":1,"name":"Home","item":"https:\/\/www.meine-tcm.com\/"},{"@type":"ListItem","position":2,"name":"Leber entgiften im Fr\u00fchling"}]},{"@type":"WebSite","@id":"https:\/\/www.meine-tcm.com\/#website","url":"https:\/\/www.meine-tcm.com\/","name":"meine MTC | La m\u00e9decine traditionnelle chinoise expliqu\u00e9e simplement","description":"Rester en bonne sant\u00e9, tout simplement","publisher":{"@id":"https:\/\/www.meine-tcm.com\/#organization"},"potentialAction":[{"@type":"SearchAction","target":{"@type":"EntryPoint","urlTemplate":"https:\/\/www.meine-tcm.com\/?s={search_term_string}"},"query-input":{"@type":"PropertyValueSpecification","valueRequired":true,"valueName":"search_term_string"}}],"inLanguage":"fr-FR"},{"@type":"Organization","@id":"https:\/\/www.meine-tcm.com\/#organization","name":"mon-TCM.com - La m\u00e9decine traditionnelle chinoise expliqu\u00e9e simplement","url":"https:\/\/www.meine-tcm.com\/","logo":{"@type":"ImageObject","inLanguage":"fr-FR","@id":"https:\/\/www.meine-tcm.com\/#\/schema\/logo\/image\/","url":"https:\/\/www.meine-tcm.com\/wp-content\/uploads\/2022\/08\/meine-tcm-traditionelle-chinesische-medizin-einfach-erklaert.png","contentUrl":"https:\/\/www.meine-tcm.com\/wp-content\/uploads\/2022\/08\/meine-tcm-traditionelle-chinesische-medizin-einfach-erklaert.png","width":559,"height":479,"caption":"meine-TCM.com \u2014 Traditionelle chinesische Medizin einfach erkl\u00e4rt"},"image":{"@id":"https:\/\/www.meine-tcm.com\/#\/schema\/logo\/image\/"},"sameAs":["https:\/\/www.instagram.com\/meinetcm\/","https:\/\/www.youtube.com\/@EinfachbesserLeben"]},{"@type":"Person","@id":"https:\/\/www.meine-tcm.com\/#\/schema\/person\/76da350caed5aad1d9998ba607d86f28","name":"Marina"}]}},"wps_subtitle":"So unterst\u00fctzt du deinen K\u00f6rper jetzt richtig","_links":{"self":[{"href":"https:\/\/www.meine-tcm.com\/fr\/wp-json\/wp\/v2\/posts\/24335","targetHints":{"allow":["GET"]}}],"collection":[{"href":"https:\/\/www.meine-tcm.com\/fr\/wp-json\/wp\/v2\/posts"}],"about":[{"href":"https:\/\/www.meine-tcm.com\/fr\/wp-json\/wp\/v2\/types\/post"}],"author":[{"embeddable":true,"href":"https:\/\/www.meine-tcm.com\/fr\/wp-json\/wp\/v2\/users\/3859"}],"replies":[{"embeddable":true,"href":"https:\/\/www.meine-tcm.com\/fr\/wp-json\/wp\/v2\/comments?post=24335"}],"version-history":[{"count":20,"href":"https:\/\/www.meine-tcm.com\/fr\/wp-json\/wp\/v2\/posts\/24335\/revisions"}],"predecessor-version":[{"id":26329,"href":"https:\/\/www.meine-tcm.com\/fr\/wp-json\/wp\/v2\/posts\/24335\/revisions\/26329"}],"wp:featuredmedia":[{"embeddable":true,"href":"https:\/\/www.meine-tcm.com\/fr\/wp-json\/wp\/v2\/media\/24336"}],"wp:attachment":[{"href":"https:\/\/www.meine-tcm.com\/fr\/wp-json\/wp\/v2\/media?parent=24335"}],"wp:term":[{"taxonomy":"category","embeddable":true,"href":"https:\/\/www.meine-tcm.com\/fr\/wp-json\/wp\/v2\/categories?post=24335"},{"taxonomy":"post_tag","embeddable":true,"href":"https:\/\/www.meine-tcm.com\/fr\/wp-json\/wp\/v2\/tags?post=24335"}],"curies":[{"name":"wp","href":"https:\/\/api.w.org\/{rel}","templated":true}]}}