{"id":25008,"date":"2026-04-14T07:00:00","date_gmt":"2026-04-14T05:00:00","guid":{"rendered":"https:\/\/www.meine-tcm.com\/?p=25008"},"modified":"2026-07-23T10:57:16","modified_gmt":"2026-07-23T08:57:16","slug":"por-que-te-despiertas-entre-la-1-y-las-3-de-la-madrugada","status":"publish","type":"post","link":"https:\/\/www.meine-tcm.com\/es\/warum-du-zwischen-1-und-3-uhr-aufwachst\/","title":{"rendered":"Por qu\u00e9 te despiertas entre la 1 y las 3 de la madrugada"},"content":{"rendered":"<section class=\"section main-teaser\" id=\"section_1996195535\">\n\t\t<div class=\"section-bg fill\" >\n\t\t\t\t\t\t\t\t\t\n\t\t\t\n\n\t\t<\/div>\n\n\t\t\n\n\t\t<div class=\"section-content relative\">\n\t\t\t\n<div class=\"row row-collapse align-center\"  id=\"row-532968807\">\n\n\t<div id=\"col-338443793\" class=\"col small-12 large-12\"  >\n\t\t\t\t<div class=\"col-inner text-center\"  >\n\t\t\t\n\t\t\t\n<p class=\"teaser\">Cuando duermes, no todo permanece quieto. Algo dentro de ti sigue movi\u00e9ndose, en silencio, organiz\u00e1ndose, buscando. La MTC dice: El <strong>Hun<\/strong> vaga por la noche.<\/p>\n<p class=\"teaser\">Es la parte que sue\u00f1a, ordena, procesa, \u201esigue\u201c por dentro, incluso cuando est\u00e1s tumbado. Y entre <strong>1 y 3 en punto<\/strong> este perro est\u00e1 estrechamente emparentado con el <strong>H\u00edgado<\/strong>.<\/p>\n<p class=\"teaser\">Si sigues despert\u00e1ndote exactamente a esa hora, no es tanto una coincidencia como un indicio: algo en tu sistema no encuentra un camino claro de vuelta a las profundidades. Quiz\u00e1 haya un atasco. Quiz\u00e1 demasiada presi\u00f3n.<br>Quiz\u00e1s demasiado poco espacio para dejarse llevar.<\/p>\n<p class=\"teaser\">La buena noticia es que el patr\u00f3n suele ser comprensible y, por tanto, puede cambiarse.<br>Porque si reconoces el mensaje de la noche, puedes empezar a cuidar tu sue\u00f1o de forma diferente durante el d\u00eda.<\/p>\n\t\t<\/div>\n\t\t\t\t\n<style>\n#col-338443793 > .col-inner {\n  max-width: 800px;\n}\n<\/style>\n\t<\/div>\n\n\t\n<\/div>\n\t\t<\/div>\n\n\t\t\n<style>\n#section_1996195535 {\n  padding-top: 0px;\n  padding-bottom: 0px;\n}\n<\/style>\n\t<\/section>\n\t\n\t<div id=\"gap-860846316\" class=\"gap-element clearfix\" style=\"display:block; height:auto;\">\n\t\t\n<style>\n#gap-860846316 {\n  padding-top: 40px;\n}\n<\/style>\n\t<\/div>\n\t\n\n\t<section class=\"section one-image\" id=\"section_1944180320\">\n\t\t<div class=\"section-bg fill\" >\n\t\t\t\t\t\t\t\t\t\n\t\t\t\n\n\t\t<\/div>\n\n\t\t\n\n\t\t<div class=\"section-content relative\">\n\t\t\t\n<div class=\"row row-collapse align-center\"  id=\"row-53738830\">\n\n\t<div id=\"col-581745500\" class=\"col small-12 large-12\"  >\n\t\t\t\t<div class=\"col-inner text-center\"  >\n\t\t\t\n\t\t\t\n\t<div class=\"img has-hover x md-x lg-x y md-y lg-y\" id=\"image_1126016505\">\n\t\t\t\t\t\t\t\t<div class=\"img-inner dark\" >\n\t\t\t<img loading=\"lazy\" decoding=\"async\" width=\"2160\" height=\"2160\" src=\"https:\/\/www.meine-tcm.com\/wp-content\/uploads\/2026\/01\/schlafstoerungen-april-beitrag-4.jpg\" class=\"attachment-original size-original\" alt=\"La noche tiene un mensaje. \u00bfPuedes o\u00edrlo?\" srcset=\"https:\/\/www.meine-tcm.com\/wp-content\/uploads\/2026\/01\/schlafstoerungen-april-beitrag-4.jpg 2160w, https:\/\/www.meine-tcm.com\/wp-content\/uploads\/2026\/01\/schlafstoerungen-april-beitrag-4-100x100.jpg 100w, https:\/\/www.meine-tcm.com\/wp-content\/uploads\/2026\/01\/schlafstoerungen-april-beitrag-4-800x800.jpg 800w, https:\/\/www.meine-tcm.com\/wp-content\/uploads\/2026\/01\/schlafstoerungen-april-beitrag-4-400x400.jpg 400w, https:\/\/www.meine-tcm.com\/wp-content\/uploads\/2026\/01\/schlafstoerungen-april-beitrag-4-280x280.jpg 280w, https:\/\/www.meine-tcm.com\/wp-content\/uploads\/2026\/01\/schlafstoerungen-april-beitrag-4-768x768.jpg 768w, https:\/\/www.meine-tcm.com\/wp-content\/uploads\/2026\/01\/schlafstoerungen-april-beitrag-4-1536x1536.jpg 1536w, https:\/\/www.meine-tcm.com\/wp-content\/uploads\/2026\/01\/schlafstoerungen-april-beitrag-4-2048x2048.jpg 2048w, https:\/\/www.meine-tcm.com\/wp-content\/uploads\/2026\/01\/schlafstoerungen-april-beitrag-4-12x12.jpg 12w\" sizes=\"auto, (max-width: 2160px) 100vw, 2160px\" title=\"La noche tiene un mensaje. \u00bfPuedes o\u00edrlo?\" \/>\t\t\t\t\t\t\n\t\t\t\t\t<\/div>\n\t\t\t\t\t\t\t\t\n<style>\n#image_1126016505 {\n  width: 100%;\n}\n<\/style>\n\t<\/div>\n\t\n<p class=\"caption\">La noche tiene un MENSAJE. \u00bfLo oyes?<\/p>\n\t\t<\/div>\n\t\t\t\t\n<style>\n#col-581745500 > .col-inner {\n  border-radius: 10px;\n  max-width: 640px;\n}\n<\/style>\n\t<\/div>\n\n\t\n<\/div>\n\t\t<\/div>\n\n\t\t\n<style>\n#section_1944180320 {\n  padding-top: 0px;\n  padding-bottom: 0px;\n}\n<\/style>\n\t<\/section>\n\t\n\t<div id=\"gap-438595346\" class=\"gap-element clearfix\" style=\"display:block; height:auto;\">\n\t\t\n<style>\n#gap-438595346 {\n  padding-top: 40px;\n}\n<\/style>\n\t<\/div>\n\t\n\n\t<section class=\"section text\" id=\"section_1591028506\">\n\t\t<div class=\"section-bg fill\" >\n\t\t\t\t\t\t\t\t\t\n\t\t\t\n\n\t\t<\/div>\n\n\t\t\n\n\t\t<div class=\"section-content relative\">\n\t\t\t\n<div class=\"row row-collapse align-center\"  id=\"row-1397365607\">\n\n\t<div id=\"col-2127079025\" class=\"col small-12 large-12\"  >\n\t\t\t\t<div class=\"col-inner text-left\"  >\n\t\t\t\n\t\t\t\n<h2><strong>\ud83c\udf43 El h\u00edgado en la MTC: algo m\u00e1s que \u201edesintoxicaci\u00f3n\u201c<\/strong><\/h2>\n<p>En la medicina cl\u00e1sica, el h\u00edgado (gan) es el centro de atenci\u00f3n:<\/p>\n<ul>\n<li><strong>General de Qi<\/strong> (\u758f\u6cc4 - \u201eShu Xie\u201c: libre flujo, desbloqueo, difusi\u00f3n)<\/li>\n<li><strong>Almacenamiento de la sangre<\/strong> (\u85cf\u8840 - \u201eCang Xue\u201c: recoger, retener, distribuir sangre)<\/li>\n<li><strong>Ra\u00edz de los tendones<\/strong> (flexibilidad, tensi\u00f3n, calambres)<\/li>\n<li>estrechamente relacionada con la <strong>Hun<\/strong> (\u9b42) - el \u201eesp\u00edritu errante\u201c que se mueve a trav\u00e9s de los sue\u00f1os durante el sue\u00f1o<\/li>\n<li>Organizaci\u00f3n socia del <strong>Ves\u00edcula Biliar<\/strong> (Decisi\u00f3n, valor, \u201eel s\u00ed y el no\u201c)<\/li>\n<\/ul>\n<p>Cuando el h\u00edgado est\u00e1 libre, se siente como:<br><strong>Anchura, movilidad, direcci\u00f3n clara, sue\u00f1o tranquilo.<\/strong><\/p>\n<p>Cuando est\u00e1 bloqueado, se siente como:<br><strong>Presi\u00f3n, congesti\u00f3n, irritabilidad, calor interno, sue\u00f1os inquietos.<\/strong><\/p>\n<h2><strong>\u00bfPor qu\u00e9 de 1 a 3 en particular?<\/strong><\/h2>\n<p>El reloj de \u00f3rgano no es \u201em\u00e1gico\u201c, sino un modelo de MTC que visualiza el ritmo.<\/p>\n<p><strong>1-3 horas = hora del h\u00edgado<\/strong><\/p>\n<p>Lo ideal ser\u00eda que durante estas horas ocurriera lo siguiente:<\/p>\n<ul>\n<li><strong>La sangre vuelve al h\u00edgado<\/strong> (Regeneraci\u00f3n)<\/li>\n<li><strong>Qi se mueve \u201een segundo plano\u201c<\/strong> (sin que te despiertes)<\/li>\n<li><strong>Hun puede moverse en el sue\u00f1o<\/strong>, sin arrancarte de tu sue\u00f1o<\/li>\n<\/ul>\n<p>Sin embargo, cuando el Qi se estanca o se genera calor, el \u201etrabajo silencioso\u201c se convierte en\u201c <strong>Trabajo ruidoso<\/strong>.<br>Y te despiertas.<\/p>\n<h2><strong>\ud83d\udd0d La clave: entender primero, <em>entonces<\/em> actuar<\/strong><\/h2>\n<p>Mucha gente lee \u201etiempo de h\u00edgado\u201c e inmediatamente piensa en \u201edesintoxicaci\u00f3n\u201c.<br>En MTC, sin embargo, el n\u00facleo m\u00e1s com\u00fan es: <strong>Fluidez y tensi\u00f3n<\/strong>.<\/p>\n<p>As\u00ed que la pregunta m\u00e1s importante no es:<br>\u201e\u00bfQu\u00e9 tengo que omitir?\u201c<br>Sino m\u00e1s bien: <strong>\u201e\u00bfQu\u00e9 se est\u00e1 acumulando y por qu\u00e9?\u201c<\/strong><\/p>\n<h2><strong>\ud83d\udd0d Los 4 patrones de MTC m\u00e1s comunes detr\u00e1s del despertar de 1-3 en punto<\/strong><\/h2>\n<h3><strong>1) Estancamiento del Qi del h\u00edgado<\/strong><\/h3>\n<p>El cl\u00e1sico para las personas que aguantan mucho durante el d\u00eda:<br>trabajar, salir adelante, tragar, sonre\u00edr, seguir adelante.<\/p>\n<p><strong>Signos t\u00edpicos:<\/strong><\/p>\n<ul>\n<li>Despertar a las 1-3, los pensamientos dan vueltas<\/li>\n<li>Suspiros, presi\u00f3n en el pecho\/costillas, \u201enudo en la garganta\u201c<\/li>\n<li>Reizbarkeit, Anspannung vor der Periode, Verspannung im Kopf<\/li>\n<li>Cambios en el apetito, flatulencia, \u201eest\u00f3mago nervioso\u201c<\/li>\n<\/ul>\n<p><strong>Idea de TCM:<\/strong> mover, descongestionar, suavizar.<\/p>\n<p><strong>Minicomprobaci\u00f3n:<\/strong><br>Si te despiertas por la noche e inmediatamente piensas \u201eTodav\u00eda tengo que...\u201c. -- esto suele indicar estancamiento.<\/p>\n<h3><strong>2) Fuego hep\u00e1tico \/ yang hep\u00e1tico ascendente<\/strong><\/h3>\n<p>Si el estancamiento persiste durante m\u00e1s tiempo, puede volverse \u201ecaliente\u201c.<br>Oder abends kommen Ausl\u00f6ser dazu (Alkohol, scharf, Stress, sp\u00e4tes Arbeiten).<\/p>\n<p><strong>Signos t\u00edpicos:<\/strong><\/p>\n<ul>\n<li>te despiertas e inmediatamente est\u00e1s completamente despierto<\/li>\n<li>Calor en la cabeza, ojos rojos, sed, sabor amargo<\/li>\n<li>Pensamientos r\u00e1pidos, impaciencia interior<\/li>\n<li>evtl. Druck im Kopf, Nacken\u2013Schulter\u2013Spannung<\/li>\n<\/ul>\n<p><strong>Idea de TCM:<\/strong> enfriar, guiar hacia abajo, calmar a Shen.<\/p>\n<p><strong>Minicomprobaci\u00f3n:<\/strong><br>Si tu cabeza parece \u201ecaliente\u201c por la noche o \u201eexplotas\u201c por dentro, es que hay calor de por medio.<\/p>\n<h3><strong>3) Deficiencia hepatobiliar<\/strong><\/h3>\n<p>No se trata tanto de \u201edemasiada presi\u00f3n\u201c como de <strong>muy poca sustancia<\/strong>.<br>Si la sangre no se almacena bien, el sue\u00f1o se vuelve m\u00e1s f\u00e1cil, sobre todo durante el periodo hep\u00e1tico.<\/p>\n<p><strong>Signos t\u00edpicos:<\/strong><\/p>\n<ul>\n<li>sue\u00f1o ligero, muchos sue\u00f1os, despertares frecuentes<\/li>\n<li>Ojos secos, u\u00f1as quebradizas, labios p\u00e1lidos<\/li>\n<li>Mareos, espasmos musculares, entumecimiento<\/li>\n<li>en las mujeres: sangrado escaso o irregular<\/li>\n<\/ul>\n<p><strong>Idea de TCM:<\/strong> Nutrir la sangre, proteger el yin, acumular por la noche.<\/p>\n<p><strong>Minicomprobaci\u00f3n:<\/strong><br>Si est\u00e1 \u201ecansado de vac\u00edo\u201c y sigue durmiendo inquieto, suele haber una falta de sustancia.<\/p>\n<h3><strong>4) Desarmon\u00eda h\u00edgado-bazo (la madera ataca a la tierra)<\/strong><\/h3>\n<p>Muy com\u00fan y a menudo subestimada:<br>Si el centro es d\u00e9bil (qi del bazo), no puede \u201eamortiguar\u201c el flujo libre.<br>Entonces se acumula m\u00e1s r\u00e1pido - y se pone inquieto por la noche.<\/p>\n<p><strong>Signos t\u00edpicos:<\/strong><\/p>\n<ul>\n<li>Despertar 1-3 horas + Digesti\u00f3n sensible<\/li>\n<li>Sensaci\u00f3n de plenitud, heces blandas, est\u00f3mago hinchado<\/li>\n<li>Cavilaciones durante el d\u00eda, \u201etop-heaviness\u201c.\u201c<\/li>\n<li>Fluctuaciones de energ\u00eda, apetito voraz<\/li>\n<\/ul>\n<p><strong>Idea de TCM:<\/strong> Fortalecer el centro para ablandar el h\u00edgado.<\/p>\n<p><strong>Minicomprobaci\u00f3n:<\/strong><br>Cuando el estr\u00e9s \u201egolpea las tripas\u201c de inmediato... la tierra de madera suele estar implicada.<\/p>\n<h2>\ud83e\udde0 <strong>El puente occidental<\/strong><\/h2>\n<p>TCM habla de <strong>Flujo, sangre y orden interior<\/strong>. Die westliche Sicht nutzt andere W\u00f6rter \u2014 meint oft \u00c4hnliches: <strong>Regulaci\u00f3n del estr\u00e9s y estabilidad<\/strong>.<\/p>\n<p>Compa\u00f1eros frecuentes durante el despertar de 1-3 horas:<br>- <strong>Eje cortisol\/HPA:<\/strong> El sistema se activa demasiado pronto en situaciones de estr\u00e9s<br>- <strong>Az\u00facar en sangre:<\/strong> comidas tard\u00edas, alcohol o dulces \u2192 residuos \u2192 adrenalina \u2192 despierto<br>- <strong>Sistema nervioso:<\/strong> Demasiado \u201emodo diurno\u201c (sistema nervioso simp\u00e1tico) \u2192 El sue\u00f1o sigue siendo superficial<br>- <strong>Metabolismo hep\u00e1tico:<\/strong> \u00dcberlastung (schweres Essen, Alkohol) kann die Nacht unruhiger machen<\/p>\n<p>N\u00facleo: No \u201eroto\u201c - m\u00e1s bien <strong>Demasiada activaci\u00f3n, poco alivio<\/strong>.<\/p>\n<p>Y aqu\u00ed es precisamente donde entran los siguientes pasos.<\/p>\n<h2><strong>\ud83d\udda4 Los 5 pilares para tener noches de h\u00edgado tranquilas<\/strong><\/h2>\n<h3><strong>1\ufe0f\u20e3 Alimentos como \u201ecuidado nocturno del h\u00edgado\u201c<\/strong><\/h3>\n<p><strong>Qu\u00e9:<\/strong> No te enciendas por la noche, no acumules, pero alivia.<br><strong>Por qu\u00e9 (TCM):<\/strong> Si el centro (bazo\/est\u00f3mago) tiene que trabajar mucho por la noche, se producen f\u00e1cilmente congesti\u00f3n y calor. Esto hace que la hora del h\u00edgado sea m\u00e1s \u201eruidosa\u201c. Los alimentos ligeros y calientes favorecen la sangre y el yin sin sobrecargar el sistema.<\/p>\n<p><strong>C\u00f3mo (pr\u00e1ctico):<\/strong><\/p>\n<ul>\n<li>\u00daltima comida importante <strong>2-3 horas<\/strong> antes de dormir<\/li>\n<li>caliente, cocido, sencillo: sopa, sopa de arroz, verduras al vapor, un poco de arroz\/millet<\/li>\n<li>m\u00e1s bien \u201epoco, pero nutritivo\u201c en lugar de \u201emucho, pero pesado\u201c.\u201c<\/li>\n<li>Evitar el alcohol por la noche si es posible (calma brevemente, activa m\u00e1s tarde)<\/li>\n<\/ul>\n<p><strong>Minirregla:<\/strong> Si suele estar despierto por la noche, prepare la cena <strong>un paso m\u00e1s ligero<\/strong>.<\/p>\n<h3><strong>2\ufe0f\u20e3 Deja que Shen se hunda antes de que empiece la noche<\/strong><\/h3>\n<p><strong>Qu\u00e9:<\/strong> No fuerce la \u201edesconexi\u00f3n\u201c, sino gu\u00ede el sistema nervioso hacia la seguridad.<br><strong>Por qu\u00e9 (TCM):<\/strong> El sue\u00f1o se vuelve profundo cuando <strong>Shen<\/strong> se hunde. Si Shen se queda arriba (demasiada entrada, demasiados bucles abiertos), el h\u00edgado se encarga de la clasificaci\u00f3n por la noche... y te despiertas.<\/p>\n<p><strong>C\u00f3mo (ritual de 3 minutos):<\/strong><\/p>\n<ul>\n<li>1 mano en la zona del coraz\u00f3n, 1 mano en el bajo vientre<\/li>\n<li>10 respiraciones, <strong>Exhale por m\u00e1s tiempo<\/strong> como inhalaci\u00f3n<\/li>\n<li>una frase: \u201eEl d\u00eda ha terminado. Lo dejo ir\u201c.\u201c<\/li>\n<\/ul>\n<p><strong>Consejo extra:<\/strong> Todo lo que alimenta tu \u201etodav\u00eda tengo que...\u201c pertenece a <strong>antes de<\/strong> este ritual - no a la cama.<\/p>\n<h3><strong>3\ufe0f\u20e3 Mover el qi del h\u00edgado - como el agua, no como el fuego<\/strong><\/h3>\n<p><strong>Qu\u00e9:<\/strong> Movimiento suave por la noche que libera tensiones sin excitarte.<br><strong>Por qu\u00e9 (TCM):<\/strong> El Qi de h\u00edgado necesita fluir. Si se ha aguantado mucho durante el d\u00eda, el cuerpo quiere \u201edescongestionarse\u201c por la noche. Sin embargo, un exceso de ejercicio suele provocar de nuevo calor, que puede activarse por la noche.<\/p>\n<p><strong>C\u00f3mo (5-10 minutos):<\/strong><\/p>\n<ul>\n<li>Paseo tranquilo<\/li>\n<li>Rotaciones suaves de la columna vertebral<\/li>\n<li>Sacudidas suaves (brazos, hombros, piernas)<\/li>\n<li>Abrir el espacio de las costillas sin tirar<\/li>\n<\/ul>\n<p><strong>Mini test:<\/strong> Despu\u00e9s deber\u00e1 <strong>m\u00e1s<\/strong> sentir - no m\u00e1s despierto.<\/p>\n<h3><strong>4\ufe0f\u20e3 Acupresi\u00f3n - dirigida en lugar de \u201epresionar todo\u201c.\u201c<\/strong><\/h3>\n<p><strong>Qu\u00e9:<\/strong> 1-2 puntos son suficientes si encajan.<br><strong>Por qu\u00e9 (TCM):<\/strong> Est\u00e1s enviando una se\u00f1al clara al sistema: <strong>Qi puede fluir de nuevo<\/strong>, Shen se deja hundir, el calor se deja descender.<\/p>\n<p><strong>C\u00f3mo (2-4 minutos por la noche):<\/strong><br>- <strong>Le 03 (T\u00e0i Ch\u014dng)<\/strong>mueve el qi del h\u00edgado, libera la presi\u00f3n<br>- <strong>HK 06 (N\u00e8i Gu\u0101n)<\/strong>: beruhigt den Brustraum, hilft beim Runterfahren<br>- con calor\/irritabilidad: <strong>Le 02 (X\u00edng Ji\u0101n)<\/strong> suplemento<br>- con un fuerte carrusel de pensamientos: <strong>He 07 (Sh\u00e9n M\u00e9n)<\/strong> suplemento<\/p>\n<p><strong>Aplicaci\u00f3n:<\/strong> Respire tranquilamente durante 60-90 segundos por punto, en ambos lados.<br><strong>Protocolo nocturno (al despertarse):<\/strong> En primer lugar <strong>He 07 o HK 06<\/strong>, entonces <strong>Hd 03<\/strong>.<\/p>\n<p>\ud83e\udded Puedes encontrar todos los puntos con instrucciones detalladas en nuestro atlas de acupuntura gratuito: \ud83d\udc49 <a href=\"https:\/\/www.meine-tcm.com\/es\/atlas-de-acupuntura\/\" target=\"_blank\" rel=\"noopener\">www.meine-tcm.com\/akupunkturatlas<\/a><\/p>\n<h3><strong>5\ufe0f\u20e3 Vor dem \u201eTor&#8220; schlafen \u2013 Timing ist alles<\/strong><\/h3>\n<p><strong>Qu\u00e9:<\/strong> No quiero dormirme en el tiempo del h\u00edgado.<br><strong>Por qu\u00e9 (TCM):<\/strong> 23-1 horas (ves\u00edcula biliar) es la preparaci\u00f3n para la profundidad. Si se pierde esta \u201epuerta\u201c, a menudo ya no entrar en el sue\u00f1o profundo correctamente - y el tiempo de h\u00edgado se vuelve susceptible a la interrupci\u00f3n.<\/p>\n<p><strong>C\u00f3mo (horario sencillo):<\/strong><\/p>\n<ul>\n<li>21:00: Bajar las luces, reducir la pantalla<\/li>\n<li>21:30: Inicio del ritual nocturno<\/li>\n<li>22:00-22:30: en la cama<\/li>\n<li>Objetivo: <strong>dormir antes de las 23:00<\/strong><\/li>\n<\/ul>\n<p><strong>Minirregla:<\/strong> Para muchos, dormir antes de medianoche es la \u201ebase m\u00e1s estable\u201c.<\/p>\n<p>Para que no hagas \u201etodo a la vez\u201c a partir de los cinco pilares, aqu\u00ed tienes dos peque\u00f1as herramientas: primero un mini-chequeo para clasificarlos - y luego una rutina de 90 segundos para el momento en que te despiertas por la noche.<\/p>\n<h3><strong>\ud83d\udd0e Mini check: \u00bfQu\u00e9 patr\u00f3n tienes m\u00e1s probabilidades de tener?<\/strong><\/h3>\n<p>- <strong>Pensamientos en c\u00edrculos + presi\u00f3n en pecho\/costillas + suspiros<\/strong> \u2192 m\u00e1s bien <em>Estancamiento del Qi del h\u00edgado<\/em> (Pilar 3 + <strong>Le 3<\/strong>)<br>- <strong>Cabeza caliente + sed + inmediatamente despierto<\/strong> \u2192 m\u00e1s bien <em>H\u00edgado-Fuego\/H\u00edgado-Yang<\/em> (Pilar 1 m\u00e1s ligero + <strong>Le 2<\/strong> + cabeza fr\u00eda\/pies calientes)<br>- <strong>sue\u00f1o ligero + muchos sue\u00f1os + \u201ecansancio vac\u00edo\u201c<\/strong> \u2192 m\u00e1s bien <em>Deficiencia hepatobiliar<\/em> (Pilar 1 nutritivo + pilar 5 \u201edelante de la puerta\u201c)<br>- <strong>Digesti\u00f3n sensible + vientre hinchado \/ inapetencia + melancol\u00eda<\/strong> \u2192 m\u00e1s bien <em>La madera ataca al suelo<\/em> (reforzar pilar 1 + centro)<\/p>\n<h3><strong>\ud83c\udf19 Mini rutina: Si te despiertas entre la 1 y las 3 de la madrugada (90 segundos).<\/strong><\/h3>\n<ol>\n<li><strong>Exhala m\u00e1s tiempo:<\/strong> 4 on - 8 off (5 respiraciones)<\/li>\n<li><strong>HK 06 (N\u00e8i Gu\u0101n):<\/strong> 30 segundos por lado - calmar la zona del pecho<\/li>\n<li><strong>Le 03 (T\u00e0i Ch\u014dng):<\/strong> 30 segundos por lado - mover el qi del h\u00edgado<\/li>\n<\/ol>\n<p>Entonces: ojos suaves, mand\u00edbula relajada, hombros ca\u00eddos. No luches, regula.<\/p>\n<h2>\ud83d\udcab <strong>El mensaje m\u00e1s profundo<\/strong><\/h2>\n<p>Los problemas hep\u00e1ticos rara vez son s\u00f3lo \u201ebioqu\u00edmicos\u201c.<br>A menudo son tambi\u00e9n una cuesti\u00f3n de vida:<\/p>\n<p>- \u00bfD\u00f3nde estoy reteniendo demasiado?<br>- \u00bfD\u00f3nde digo \u201es\u00ed\u201c aunque mi cuerpo diga \u201eno\u201c?<br>- \u00bfD\u00f3nde hay poco espacio en mi vida cotidiana?<\/p>\n<p>El h\u00edgado es el general.<br>Quiere direcci\u00f3n, pero necesita espacio.<\/p>\n<p>Y a veces despertarse entre la 1 y las 3 de la madrugada no es un error.<br>Pero una pista: es hora de quitarle presi\u00f3n al sistema.<\/p>\n<p>Si quieres, mira s\u00f3lo una cosa hoy:<br>\u00bfQu\u00e9 hay en ti que hace ruido por la noche y qu\u00e9 habr\u00eda necesitado espacio durante el d\u00eda?<\/p>\n<h2>\ud83d\udccc <strong>Recomendado<\/strong><\/h2>\n<p>\ud83e\udd8b <strong>\u00bfC\u00f3mo est\u00e1 tu h\u00edgado?<\/strong><br>An\u00e1lisis gratuito de medicina tradicional china: descubre qu\u00e9 patrones predominan actualmente en tu caso.<br>\ud83d\udc49 <a href=\"https:\/\/www.meine-tcm.com\/es\/analisis-tcm\/\" target=\"_blank\" rel=\"noopener\">www.meine-tcm.com\/tcm-analyse<\/a><\/p>\n<p>\ud83d\udcdc <strong>Bolet\u00edn - Sabidur\u00eda TCM mensual:<\/strong> Der Gelbe Kaiser, Qi Bo und Dr. Weber teilen jeden Monat, worauf es in der aktuellen Jahreszeit ankommt.<br>\ud83d\udc49 <a href=\"https:\/\/www.meine-tcm.com\/es\/inscripcion-al-boletin\/\" target=\"_blank\" rel=\"noopener\">www.meine-tcm.com\/newsletter-anmeldung<\/a><\/p>\n<hr>\n<p><em>Hinweis: Dieser Beitrag ist allgemeine TCM\u2013 und Lebensstil\u2013Information und ersetzt keine \u00e4rztliche Beratung. Bei anhaltenden Schlafst\u00f6rungen, starker Ersch\u00f6pfung oder wenn dich das n\u00e4chtliche Aufwachen sehr belastet, sprich bitte mit deinem Arzt oder deiner TCM\u2013Therapeutin.<\/em><\/p>\n\t\t<\/div>\n\t\t\t\t\n<style>\n#col-2127079025 > .col-inner {\n  max-width: 800px;\n}\n<\/style>\n\t<\/div>\n\n\t\n<\/div>\n\t\t<\/div>\n\n\t\t\n<style>\n#section_1591028506 {\n  padding-top: 0px;\n  padding-bottom: 0px;\n}\n<\/style>\n\t<\/section>\n\t\n\t<div id=\"gap-374433547\" class=\"gap-element clearfix\" style=\"display:block; height:auto;\">\n\t\t\n<style>\n#gap-374433547 {\n  padding-top: 60px;\n}\n<\/style>\n\t<\/div>\n\t\n\n\t<section class=\"section quote\" id=\"section_1608485714\">\n\t\t<div class=\"section-bg fill\" >\n\t\t\t\t\t\t\t\t\t\n\t\t\t\n\n\t\t<\/div>\n\n\t\t\n\n\t\t<div class=\"section-content relative\">\n\t\t\t\n<div class=\"row row-collapse align-center\"  id=\"row-1008776191\">\n\n\t<div id=\"col-1424514214\" class=\"col small-12 large-12\"  >\n\t\t\t\t<div class=\"col-inner text-center\"  >\n\t\t\t\n\t\t\t\n<p>Dormir no es desconectar. Dormir es volver a casa, a un cuerpo que puede organizarse de nuevo.<\/p>\n<p class=\"quote-from\">Autor: Desconocido<\/p>\n\t\t<\/div>\n\t\t\t\t\n<style>\n#col-1424514214 > .col-inner {\n  max-width: 600px;\n}\n<\/style>\n\t<\/div>\n\n\t\n<\/div>\n\t\t<\/div>\n\n\t\t\n<style>\n#section_1608485714 {\n  padding-top: 60px;\n  padding-bottom: 60px;\n  background-color: rgb(255, 244, 217);\n}\n<\/style>\n\t<\/section>\n\t\n\t<div id=\"gap-2025608797\" class=\"gap-element clearfix\" style=\"display:block; height:auto;\">\n\t\t\n<style>\n#gap-2025608797 {\n  padding-top: 60px;\n}\n<\/style>\n\t<\/div>\n\t\n\n\t<section class=\"section h2\" id=\"section_1569587909\">\n\t\t<div class=\"section-bg fill\" >\n\t\t\t\t\t\t\t\t\t\n\t\t\t\n\n\t\t<\/div>\n\n\t\t\n\n\t\t<div class=\"section-content relative\">\n\t\t\t\n<div class=\"row row-collapse align-center\"  id=\"row-1638325639\">\n\n\t<div id=\"col-203344698\" class=\"col small-12 large-12\"  >\n\t\t\t\t<div class=\"col-inner text-center\"  >\n\t\t\t\n\t\t\t\n<h2>Otros consejos y art\u00edculos interesantes<\/h2>\n\t\t<\/div>\n\t\t\t\t\n<style>\n#col-203344698 > .col-inner {\n  max-width: 960px;\n}\n<\/style>\n\t<\/div>\n\n\t\n<\/div>\n\t\t<\/div>\n\n\t\t\n<style>\n#section_1569587909 {\n  padding-top: 0px;\n  padding-bottom: 0px;\n}\n<\/style>\n\t<\/section>\n\t\n\n\t<section class=\"section blogposts-overview\" id=\"section_1498795746\">\n\t\t<div class=\"section-bg fill\" >\n\t\t\t\t\t\t\t\t\t\n\t\t\t\n\n\t\t<\/div>\n\n\t\t\n\n\t\t<div class=\"section-content relative\">\n\t\t\t\n<div class=\"row\"  id=\"row-794314205\">\n\n\t<div id=\"col-438838346\" class=\"col small-12 large-12\"  >\n\t\t\t\t<div class=\"col-inner text-center\"  >\n\t\t\t\n\t\t\t\n  <style>\n    #row-1680139832 .grid-col-1{height: 600px}\n    #row-1680139832 .grid-col-1-2{height: 300px}\n    #row-1680139832 .grid-col-1-3{height:200px}\n    #row-1680139832 .grid-col-2-3{height: 400px}\n    #row-1680139832 .grid-col-1-4{height: 150px}\n    #row-1680139832 .grid-col-3-4{height: 450px}\n\n\n        \/* Tablet *\/\n    @media (max-width: 850px){\n      #row-1680139832 .grid-col-1{height: 400px}\n      #row-1680139832 .grid-col-1-2{height: 200px}\n      #row-1680139832 .grid-col-1-3{height:133.33333333333px}\n      #row-1680139832 .grid-col-2-3{height: 266.66666666667px}\n      #row-1680139832 .grid-col-1-4{height: 100px}\n      #row-1680139832 .grid-col-3-4{height: 300px}\n    }\n    \n        \/* Mobile *\/\n    @media (max-width: 550px){\n      #row-1680139832 .grid-col-1{height: 400px}\n      #row-1680139832 .grid-col-1-2{height: 200px}\n      #row-1680139832 .grid-col-1-3{height:133.33333333333px}\n      #row-1680139832 .grid-col-2-3{height: 266.66666666667px}\n      #row-1680139832 .grid-col-1-4{height: 100px}\n      #row-1680139832 .grid-col-3-4{height: 300px}\n    }\n    \n\n  <\/style>\n  \n  \n    <div id=\"row-1680139832\" class=\"row row-small row-full-width row-grid\" data-packery-options='{\"itemSelector\": \".col\", \"gutter\": 0, \"presentageWidth\" : true}'>\n\n  <div class=\"col post-item grid-col grid-col-1 large-6 medium-12\" >\n\t\t\t<div class=\"col-inner\">\n\t\t\t\t<div class=\"box box-default box-text-bottom box-blog-post has-hover\">\n            \t\t\t\t\t<div class=\"box-image\" >\n  \t\t\t\t\t\t<div class=\"image-cover\" style=\"padding-top:56%;\">\n\t\t\t\t\t\t\t<a href=\"https:\/\/www.meine-tcm.com\/es\/birnen-dattel-suppe-herbst\/\" class=\"plain\" aria-label=\"Das Herbstgetr\u00e4nk der alten Meister\">\n\t\t\t\t\t\t\t\t<img loading=\"lazy\" decoding=\"async\" width=\"400\" height=\"400\" src=\"https:\/\/www.meine-tcm.com\/wp-content\/uploads\/2026\/08\/birnensuppe-B-glas-928-400x400.jpg\" class=\"attachment-medium size-medium wp-post-image\" alt=\"Birnen\u2013Dattel\u2013Suppe\" srcset=\"https:\/\/www.meine-tcm.com\/wp-content\/uploads\/2026\/08\/birnensuppe-B-glas-928-400x400.jpg 400w, https:\/\/www.meine-tcm.com\/wp-content\/uploads\/2026\/08\/birnensuppe-B-glas-928-800x800.jpg 800w, https:\/\/www.meine-tcm.com\/wp-content\/uploads\/2026\/08\/birnensuppe-B-glas-928-280x280.jpg 280w, https:\/\/www.meine-tcm.com\/wp-content\/uploads\/2026\/08\/birnensuppe-B-glas-928-768x768.jpg 768w, https:\/\/www.meine-tcm.com\/wp-content\/uploads\/2026\/08\/birnensuppe-B-glas-928-12x12.jpg 12w, https:\/\/www.meine-tcm.com\/wp-content\/uploads\/2026\/08\/birnensuppe-B-glas-928-100x100.jpg 100w, https:\/\/www.meine-tcm.com\/wp-content\/uploads\/2026\/08\/birnensuppe-B-glas-928.jpg 928w\" sizes=\"auto, (max-width: 400px) 100vw, 400px\" title=\"Birnen\u2013Dattel\u2013Suppe TCM Rezept\" \/>\t\t\t\t\t\t\t<\/a>\n  \t\t\t\t\t\t\t  \t\t\t\t\t\t\t  \t\t\t\t\t\t<\/div>\n  \t\t\t\t\t\t  \t\t\t\t\t<\/div>\n          \t\t\t\t\t<div class=\"box-text text-center\" >\n\t\t\t\t\t<div class=\"box-text-inner blog-post-inner\">\n\n\t\t\t\t\t\n\t\t\t\t\t\t\t\t\t\t\t<p class=\"cat-label  is-xxsmall op-7 uppercase\">\n\t\t\t\t\tNutrici\u00f3n \t\t\t\t\t<\/p>\n\t\t\t\t\t\t\t\t\t\t<h5 class=\"post-title is-large\">\n\t\t\t\t\t\t<a href=\"https:\/\/www.meine-tcm.com\/es\/birnen-dattel-suppe-herbst\/\" class=\"plain\">Das Herbstgetr\u00e4nk der alten Meister<\/a>\n\t\t\t\t\t<\/h5>\n\t\t\t\t\t\t\t\t\t\t<div class=\"is-divider\"><\/div>\n\t\t\t\t\t\t\t\t\t\t<p class=\"from_the_blog_excerpt\">\n\t\t\t\t\t\tBei uns isst man Birnen roh. In China kocht man sie \u2014 im Herbst fast t\u00e4glich, zusammen mit roten Datteln. Warum\u2026\t\t\t\t\t<\/p>\n\t\t\t\t\t                    \n\t\t\t\t\t\n\t\t\t\t\t\n\t\t\t\t\t<\/div>\n\t\t\t\t\t<\/div>\n\t\t\t\t\t\t\t\t\t\t\t\t\t\t\t\t<div class=\"badge absolute top post-date badge-outline\">\n\t\t\t\t\t\t\t<div class=\"badge-inner\">\n\t\t\t\t\t\t\t\t<span class=\"post-date-day\">28<\/span><br>\n\t\t\t\t\t\t\t\t<span class=\"post-date-month is-xsmall\">Hace<\/span>\n\t\t\t\t\t\t\t<\/div>\n\t\t\t\t\t\t<\/div>\n\t\t\t\t\t\t\t\t\t<\/div>\n\t\t\t<\/div>\n\t\t<\/div><div class=\"col post-item grid-col grid-col-1 large-3 medium-6\" >\n\t\t\t<div class=\"col-inner\">\n\t\t\t\t<div class=\"box box-default box-text-bottom box-blog-post has-hover\">\n            \t\t\t\t\t<div class=\"box-image\" >\n  \t\t\t\t\t\t<div class=\"image-cover\" style=\"padding-top:56%;\">\n\t\t\t\t\t\t\t<a href=\"https:\/\/www.meine-tcm.com\/es\/herbst-trockenheit-kratzender-hals-trockene-haut-traege-verdauung\/\" class=\"plain\" aria-label=\"Der Hals kratzt, die Haut spannt, die Verdauung stockt \u2014 im Herbst hat das eine gemeinsame Ursache\">\n\t\t\t\t\t\t\t\t<img loading=\"lazy\" decoding=\"async\" width=\"536\" height=\"400\" src=\"https:\/\/www.meine-tcm.com\/wp-content\/uploads\/2026\/08\/3-weisen-september-2026-behind-the-scenes-1066-536x400.jpg\" class=\"attachment-medium size-medium wp-post-image\" alt=\"Q\u00ed B\u00f3 | El Emperador Amarillo Huangdi | Dr Weber\" srcset=\"https:\/\/www.meine-tcm.com\/wp-content\/uploads\/2026\/08\/3-weisen-september-2026-behind-the-scenes-1066-536x400.jpg 536w, https:\/\/www.meine-tcm.com\/wp-content\/uploads\/2026\/08\/3-weisen-september-2026-behind-the-scenes-1066-768x573.jpg 768w, https:\/\/www.meine-tcm.com\/wp-content\/uploads\/2026\/08\/3-weisen-september-2026-behind-the-scenes-1066-16x12.jpg 16w, https:\/\/www.meine-tcm.com\/wp-content\/uploads\/2026\/08\/3-weisen-september-2026-behind-the-scenes-1066-800x597.jpg 800w, https:\/\/www.meine-tcm.com\/wp-content\/uploads\/2026\/08\/3-weisen-september-2026-behind-the-scenes-1066.jpg 1066w\" sizes=\"auto, (max-width: 536px) 100vw, 536px\" title=\"Frag den Gelben Kaiser Shooting (BTS) - September 2026\" \/>\t\t\t\t\t\t\t<\/a>\n  \t\t\t\t\t\t\t  \t\t\t\t\t\t\t  \t\t\t\t\t\t<\/div>\n  \t\t\t\t\t\t  \t\t\t\t\t<\/div>\n          \t\t\t\t\t<div class=\"box-text text-center\" >\n\t\t\t\t\t<div class=\"box-text-inner blog-post-inner\">\n\n\t\t\t\t\t\n\t\t\t\t\t\t\t\t\t\t\t<p class=\"cat-label  is-xxsmall op-7 uppercase\">\n\t\t\t\t\tLa MTC explicada \t\t\t\t\t<\/p>\n\t\t\t\t\t\t\t\t\t\t<h5 class=\"post-title is-large\">\n\t\t\t\t\t\t<a href=\"https:\/\/www.meine-tcm.com\/es\/herbst-trockenheit-kratzender-hals-trockene-haut-traege-verdauung\/\" class=\"plain\">Der Hals kratzt, die Haut spannt, die Verdauung stockt \u2014 im Herbst hat das eine gemeinsame Ursache<\/a>\n\t\t\t\t\t<\/h5>\n\t\t\t\t\t\t\t\t\t\t<div class=\"is-divider\"><\/div>\n\t\t\t\t\t\t\t\t\t\t<p class=\"from_the_blog_excerpt\">\n\t\t\t\t\t\tMorgens ist der Hals rau, ein trockenes H\u00fcsteln will nicht weggehen. Die Haut spannt und schuppt. Und die Verdauung wird z\u00e4h,\u2026\t\t\t\t\t<\/p>\n\t\t\t\t\t                    \n\t\t\t\t\t\n\t\t\t\t\t\n\t\t\t\t\t<\/div>\n\t\t\t\t\t<\/div>\n\t\t\t\t\t\t\t\t\t\t\t\t\t\t\t\t<div class=\"badge absolute top post-date badge-outline\">\n\t\t\t\t\t\t\t<div class=\"badge-inner\">\n\t\t\t\t\t\t\t\t<span class=\"post-date-day\">28<\/span><br>\n\t\t\t\t\t\t\t\t<span class=\"post-date-month is-xsmall\">Hace<\/span>\n\t\t\t\t\t\t\t<\/div>\n\t\t\t\t\t\t<\/div>\n\t\t\t\t\t\t\t\t\t<\/div>\n\t\t\t<\/div>\n\t\t<\/div><div class=\"col post-item grid-col grid-col-1-2 large-3 medium-6\" >\n\t\t\t<div class=\"col-inner\">\n\t\t\t\t<div class=\"box box-default box-text-bottom box-blog-post has-hover\">\n            \t\t\t\t\t<div class=\"box-image\" >\n  \t\t\t\t\t\t<div class=\"image-cover\" style=\"padding-top:56%;\">\n\t\t\t\t\t\t\t<a href=\"https:\/\/www.meine-tcm.com\/es\/weisse-lebensmittel-herbst-tcm\/\" class=\"plain\" aria-label=\"Der Herbst entscheidet, wie du durch den Winter kommst\">\n\t\t\t\t\t\t\t\t<img loading=\"lazy\" decoding=\"async\" width=\"280\" height=\"280\" src=\"https:\/\/www.meine-tcm.com\/wp-content\/uploads\/2026\/06\/weisse-medizin-des-herbstes-oktober-woche-2-280x280.jpg\" class=\"attachment-thumbnail size-thumbnail wp-post-image\" alt=\"Was der Herbst den Bl\u00e4ttern nimmt, nimmt er auch dir. N\u00e4hre dein Yin, bevor der Wind es davontr\u00e4gt.\" srcset=\"https:\/\/www.meine-tcm.com\/wp-content\/uploads\/2026\/06\/weisse-medizin-des-herbstes-oktober-woche-2-280x280.jpg 280w, https:\/\/www.meine-tcm.com\/wp-content\/uploads\/2026\/06\/weisse-medizin-des-herbstes-oktober-woche-2-400x400.jpg 400w, https:\/\/www.meine-tcm.com\/wp-content\/uploads\/2026\/06\/weisse-medizin-des-herbstes-oktober-woche-2-800x800.jpg 800w, https:\/\/www.meine-tcm.com\/wp-content\/uploads\/2026\/06\/weisse-medizin-des-herbstes-oktober-woche-2-768x768.jpg 768w, https:\/\/www.meine-tcm.com\/wp-content\/uploads\/2026\/06\/weisse-medizin-des-herbstes-oktober-woche-2-1536x1536.jpg 1536w, https:\/\/www.meine-tcm.com\/wp-content\/uploads\/2026\/06\/weisse-medizin-des-herbstes-oktober-woche-2-2048x2048.jpg 2048w, https:\/\/www.meine-tcm.com\/wp-content\/uploads\/2026\/06\/weisse-medizin-des-herbstes-oktober-woche-2-12x12.jpg 12w, https:\/\/www.meine-tcm.com\/wp-content\/uploads\/2026\/06\/weisse-medizin-des-herbstes-oktober-woche-2-100x100.jpg 100w\" sizes=\"auto, (max-width: 280px) 100vw, 280px\" title=\"Was der Herbst den Bl\u00e4ttern nimmt, nimmt er auch dir. N\u00e4hre dein Yin, bevor der Wind es davontr\u00e4gt.\" \/>\t\t\t\t\t\t\t<\/a>\n  \t\t\t\t\t\t\t  \t\t\t\t\t\t\t  \t\t\t\t\t\t<\/div>\n  \t\t\t\t\t\t  \t\t\t\t\t<\/div>\n          \t\t\t\t\t<div class=\"box-text text-center\" >\n\t\t\t\t\t<div class=\"box-text-inner blog-post-inner\">\n\n\t\t\t\t\t\n\t\t\t\t\t\t\t\t\t\t\t<p class=\"cat-label  is-xxsmall op-7 uppercase\">\n\t\t\t\t\tConsejo TCM de la semana \t\t\t\t\t<\/p>\n\t\t\t\t\t\t\t\t\t\t<h5 class=\"post-title is-large\">\n\t\t\t\t\t\t<a href=\"https:\/\/www.meine-tcm.com\/es\/weisse-lebensmittel-herbst-tcm\/\" class=\"plain\">Der Herbst entscheidet, wie du durch den Winter kommst<\/a>\n\t\t\t\t\t<\/h5>\n\t\t\t\t\t\t\t\t\t\t<div class=\"is-divider\"><\/div>\n\t\t\t\t\t                    \n\t\t\t\t\t\n\t\t\t\t\t\n\t\t\t\t\t<\/div>\n\t\t\t\t\t<\/div>\n\t\t\t\t\t\t\t\t\t\t\t\t\t\t\t\t<div class=\"badge absolute top post-date badge-outline\">\n\t\t\t\t\t\t\t<div class=\"badge-inner\">\n\t\t\t\t\t\t\t\t<span class=\"post-date-day\">26<\/span><br>\n\t\t\t\t\t\t\t\t<span class=\"post-date-month is-xsmall\">Hace<\/span>\n\t\t\t\t\t\t\t<\/div>\n\t\t\t\t\t\t<\/div>\n\t\t\t\t\t\t\t\t\t<\/div>\n\t\t\t<\/div>\n\t\t<\/div><div class=\"col post-item grid-col grid-col-1-2 large-3 medium-6\" >\n\t\t\t<div class=\"col-inner\">\n\t\t\t\t<div class=\"box box-default box-text-bottom box-blog-post has-hover\">\n            \t\t\t\t\t<div class=\"box-image\" >\n  \t\t\t\t\t\t<div class=\"image-cover\" style=\"padding-top:56%;\">\n\t\t\t\t\t\t\t<a href=\"https:\/\/www.meine-tcm.com\/es\/warum-loslassen-im-kopf-nicht-funktioniert\/\" class=\"plain\" aria-label=\"Warum Loslassen im Kopf nicht funktioniert\">\n\t\t\t\t\t\t\t\t<img loading=\"lazy\" decoding=\"async\" width=\"280\" height=\"280\" src=\"https:\/\/www.meine-tcm.com\/wp-content\/uploads\/2026\/08\/seufzen-august-woche-3-1-280x280.jpg\" class=\"attachment-thumbnail size-thumbnail wp-post-image\" alt=\"Dein K\u00f6rper wei\u00df, wie Loslassen geht. Es hei\u00dft Seufzen.\" srcset=\"https:\/\/www.meine-tcm.com\/wp-content\/uploads\/2026\/08\/seufzen-august-woche-3-1-280x280.jpg 280w, https:\/\/www.meine-tcm.com\/wp-content\/uploads\/2026\/08\/seufzen-august-woche-3-1-400x400.jpg 400w, https:\/\/www.meine-tcm.com\/wp-content\/uploads\/2026\/08\/seufzen-august-woche-3-1-800x800.jpg 800w, https:\/\/www.meine-tcm.com\/wp-content\/uploads\/2026\/08\/seufzen-august-woche-3-1-768x768.jpg 768w, https:\/\/www.meine-tcm.com\/wp-content\/uploads\/2026\/08\/seufzen-august-woche-3-1-1536x1536.jpg 1536w, https:\/\/www.meine-tcm.com\/wp-content\/uploads\/2026\/08\/seufzen-august-woche-3-1-2048x2048.jpg 2048w, https:\/\/www.meine-tcm.com\/wp-content\/uploads\/2026\/08\/seufzen-august-woche-3-1-12x12.jpg 12w, https:\/\/www.meine-tcm.com\/wp-content\/uploads\/2026\/08\/seufzen-august-woche-3-1-100x100.jpg 100w\" sizes=\"auto, (max-width: 280px) 100vw, 280px\" title=\"Dein K\u00f6rper wei\u00df, wie Loslassen geht. Es hei\u00dft Seufzen.\" \/>\t\t\t\t\t\t\t<\/a>\n  \t\t\t\t\t\t\t  \t\t\t\t\t\t\t  \t\t\t\t\t\t<\/div>\n  \t\t\t\t\t\t  \t\t\t\t\t<\/div>\n          \t\t\t\t\t<div class=\"box-text text-center\" >\n\t\t\t\t\t<div class=\"box-text-inner blog-post-inner\">\n\n\t\t\t\t\t\n\t\t\t\t\t\t\t\t\t\t\t<p class=\"cat-label  is-xxsmall op-7 uppercase\">\n\t\t\t\t\tConsejo TCM de la semana \t\t\t\t\t<\/p>\n\t\t\t\t\t\t\t\t\t\t<h5 class=\"post-title is-large\">\n\t\t\t\t\t\t<a href=\"https:\/\/www.meine-tcm.com\/es\/warum-loslassen-im-kopf-nicht-funktioniert\/\" class=\"plain\">Warum Loslassen im Kopf nicht funktioniert<\/a>\n\t\t\t\t\t<\/h5>\n\t\t\t\t\t\t\t\t\t\t<div class=\"is-divider\"><\/div>\n\t\t\t\t\t                    \n\t\t\t\t\t\n\t\t\t\t\t\n\t\t\t\t\t<\/div>\n\t\t\t\t\t<\/div>\n\t\t\t\t\t\t\t\t\t\t\t\t\t\t\t\t<div class=\"badge absolute top post-date badge-outline\">\n\t\t\t\t\t\t\t<div class=\"badge-inner\">\n\t\t\t\t\t\t\t\t<span class=\"post-date-day\">18<\/span><br>\n\t\t\t\t\t\t\t\t<span class=\"post-date-month is-xsmall\">Hace<\/span>\n\t\t\t\t\t\t\t<\/div>\n\t\t\t\t\t\t<\/div>\n\t\t\t\t\t\t\t\t\t<\/div>\n\t\t\t<\/div>\n\t\t<\/div><div class=\"col post-item grid-col grid-col-1-2 large-3 medium-6\" >\n\t\t\t<div class=\"col-inner\">\n\t\t\t\t<div class=\"box box-default box-text-bottom box-blog-post has-hover\">\n            \t\t\t\t\t<div class=\"box-image\" >\n  \t\t\t\t\t\t<div class=\"image-cover\" style=\"padding-top:56%;\">\n\t\t\t\t\t\t\t<a href=\"https:\/\/www.meine-tcm.com\/es\/der-weg-aus-dem-gedankenkreis\/\" class=\"plain\" aria-label=\"El camino para salir del c\u00edrculo vicioso de los pensamientos\">\n\t\t\t\t\t\t\t\t<img loading=\"lazy\" decoding=\"async\" width=\"280\" height=\"280\" src=\"https:\/\/www.meine-tcm.com\/wp-content\/uploads\/2026\/07\/gruebeln-august-woche-2-1-280x280.jpg\" class=\"attachment-thumbnail size-thumbnail wp-post-image\" alt=\"Hay pensamientos que no se resuelven. Hay que deshacerse de ellos.\" srcset=\"https:\/\/www.meine-tcm.com\/wp-content\/uploads\/2026\/07\/gruebeln-august-woche-2-1-280x280.jpg 280w, https:\/\/www.meine-tcm.com\/wp-content\/uploads\/2026\/07\/gruebeln-august-woche-2-1-400x400.jpg 400w, https:\/\/www.meine-tcm.com\/wp-content\/uploads\/2026\/07\/gruebeln-august-woche-2-1-800x800.jpg 800w, https:\/\/www.meine-tcm.com\/wp-content\/uploads\/2026\/07\/gruebeln-august-woche-2-1-768x768.jpg 768w, https:\/\/www.meine-tcm.com\/wp-content\/uploads\/2026\/07\/gruebeln-august-woche-2-1-1536x1536.jpg 1536w, https:\/\/www.meine-tcm.com\/wp-content\/uploads\/2026\/07\/gruebeln-august-woche-2-1-2048x2048.jpg 2048w, https:\/\/www.meine-tcm.com\/wp-content\/uploads\/2026\/07\/gruebeln-august-woche-2-1-12x12.jpg 12w, https:\/\/www.meine-tcm.com\/wp-content\/uploads\/2026\/07\/gruebeln-august-woche-2-1-100x100.jpg 100w\" sizes=\"auto, (max-width: 280px) 100vw, 280px\" title=\"Hay pensamientos que no se resuelven. Hay que deshacerse de ellos.\" \/>\t\t\t\t\t\t\t<\/a>\n  \t\t\t\t\t\t\t  \t\t\t\t\t\t\t  \t\t\t\t\t\t<\/div>\n  \t\t\t\t\t\t  \t\t\t\t\t<\/div>\n          \t\t\t\t\t<div class=\"box-text text-center\" >\n\t\t\t\t\t<div class=\"box-text-inner blog-post-inner\">\n\n\t\t\t\t\t\n\t\t\t\t\t\t\t\t\t\t\t<p class=\"cat-label  is-xxsmall op-7 uppercase\">\n\t\t\t\t\tConsejo TCM de la semana \t\t\t\t\t<\/p>\n\t\t\t\t\t\t\t\t\t\t<h5 class=\"post-title is-large\">\n\t\t\t\t\t\t<a href=\"https:\/\/www.meine-tcm.com\/es\/der-weg-aus-dem-gedankenkreis\/\" class=\"plain\">El camino para salir del c\u00edrculo vicioso de los pensamientos<\/a>\n\t\t\t\t\t<\/h5>\n\t\t\t\t\t\t\t\t\t\t<div class=\"is-divider\"><\/div>\n\t\t\t\t\t                    \n\t\t\t\t\t\n\t\t\t\t\t\n\t\t\t\t\t<\/div>\n\t\t\t\t\t<\/div>\n\t\t\t\t\t\t\t\t\t\t\t\t\t\t\t\t<div class=\"badge absolute top post-date badge-outline\">\n\t\t\t\t\t\t\t<div class=\"badge-inner\">\n\t\t\t\t\t\t\t\t<span class=\"post-date-day\">12<\/span><br>\n\t\t\t\t\t\t\t\t<span class=\"post-date-month is-xsmall\">Hace<\/span>\n\t\t\t\t\t\t\t<\/div>\n\t\t\t\t\t\t<\/div>\n\t\t\t\t\t\t\t\t\t<\/div>\n\t\t\t<\/div>\n\t\t<\/div><div class=\"col post-item grid-col grid-col-1-2 large-3 medium-6\" >\n\t\t\t<div class=\"col-inner\">\n\t\t\t\t<div class=\"box box-default box-text-bottom box-blog-post has-hover\">\n            \t\t\t\t\t<div class=\"box-image\" >\n  \t\t\t\t\t\t<div class=\"image-cover\" style=\"padding-top:56%;\">\n\t\t\t\t\t\t\t<a href=\"https:\/\/www.meine-tcm.com\/es\/es-ist-zeit-zu-ernten\/\" class=\"plain\" aria-label=\"Es hora de cosechar\">\n\t\t\t\t\t\t\t\t<img loading=\"lazy\" decoding=\"async\" width=\"280\" height=\"280\" src=\"https:\/\/www.meine-tcm.com\/wp-content\/uploads\/2026\/07\/dojo-august-woche-1-280x280.jpeg\" class=\"attachment-thumbnail size-thumbnail wp-post-image\" alt=\"Ya no tienes que sembrar nada m\u00e1s. Es hora de cosechar.\" srcset=\"https:\/\/www.meine-tcm.com\/wp-content\/uploads\/2026\/07\/dojo-august-woche-1-280x280.jpeg 280w, https:\/\/www.meine-tcm.com\/wp-content\/uploads\/2026\/07\/dojo-august-woche-1-400x400.jpeg 400w, https:\/\/www.meine-tcm.com\/wp-content\/uploads\/2026\/07\/dojo-august-woche-1-800x800.jpeg 800w, https:\/\/www.meine-tcm.com\/wp-content\/uploads\/2026\/07\/dojo-august-woche-1-768x768.jpeg 768w, https:\/\/www.meine-tcm.com\/wp-content\/uploads\/2026\/07\/dojo-august-woche-1-12x12.jpeg 12w, https:\/\/www.meine-tcm.com\/wp-content\/uploads\/2026\/07\/dojo-august-woche-1-100x100.jpeg 100w, https:\/\/www.meine-tcm.com\/wp-content\/uploads\/2026\/07\/dojo-august-woche-1.jpeg 1280w\" sizes=\"auto, (max-width: 280px) 100vw, 280px\" title=\"Ya no tienes que sembrar nada m\u00e1s. Es hora de cosechar.\" \/>\t\t\t\t\t\t\t<\/a>\n  \t\t\t\t\t\t\t  \t\t\t\t\t\t\t  \t\t\t\t\t\t<\/div>\n  \t\t\t\t\t\t  \t\t\t\t\t<\/div>\n          \t\t\t\t\t<div class=\"box-text text-center\" >\n\t\t\t\t\t<div class=\"box-text-inner blog-post-inner\">\n\n\t\t\t\t\t\n\t\t\t\t\t\t\t\t\t\t\t<p class=\"cat-label  is-xxsmall op-7 uppercase\">\n\t\t\t\t\tConsejo TCM de la semana \t\t\t\t\t<\/p>\n\t\t\t\t\t\t\t\t\t\t<h5 class=\"post-title is-large\">\n\t\t\t\t\t\t<a href=\"https:\/\/www.meine-tcm.com\/es\/es-ist-zeit-zu-ernten\/\" class=\"plain\">Es hora de cosechar<\/a>\n\t\t\t\t\t<\/h5>\n\t\t\t\t\t\t\t\t\t\t<div class=\"is-divider\"><\/div>\n\t\t\t\t\t                    \n\t\t\t\t\t\n\t\t\t\t\t\n\t\t\t\t\t<\/div>\n\t\t\t\t\t<\/div>\n\t\t\t\t\t\t\t\t\t\t\t\t\t\t\t\t<div class=\"badge absolute top post-date badge-outline\">\n\t\t\t\t\t\t\t<div class=\"badge-inner\">\n\t\t\t\t\t\t\t\t<span class=\"post-date-day\">04<\/span><br>\n\t\t\t\t\t\t\t\t<span class=\"post-date-month is-xsmall\">Hace<\/span>\n\t\t\t\t\t\t\t<\/div>\n\t\t\t\t\t\t<\/div>\n\t\t\t\t\t\t\t\t\t<\/div>\n\t\t\t<\/div>\n\t\t<\/div><div class=\"col post-item grid-col grid-col-1-2 large-3 medium-6\" >\n\t\t\t<div class=\"col-inner\">\n\t\t\t\t<div class=\"box box-default box-text-bottom box-blog-post has-hover\">\n            \t\t\t\t\t<div class=\"box-image\" >\n  \t\t\t\t\t\t<div class=\"image-cover\" style=\"padding-top:56%;\">\n\t\t\t\t\t\t\t<a href=\"https:\/\/www.meine-tcm.com\/es\/gruebeln-schlaegt-auf-den-magen\/\" class=\"plain\" aria-label=\"C\u00f3mo afecta el dar vueltas a las cosas a tu digesti\u00f3n\u2026 y c\u00f3mo volver a sentirte ligero\">\n\t\t\t\t\t\t\t\t<img loading=\"lazy\" decoding=\"async\" width=\"280\" height=\"280\" src=\"https:\/\/www.meine-tcm.com\/wp-content\/uploads\/2026\/07\/3weisen-leichte-mitte-behind-the-scenes-1066-280x280.jpg\" class=\"attachment-thumbnail size-thumbnail wp-post-image\" alt=\"Q\u00ed B\u00f3 | El Emperador Amarillo Huangdi | Dr Weber\" srcset=\"https:\/\/www.meine-tcm.com\/wp-content\/uploads\/2026\/07\/3weisen-leichte-mitte-behind-the-scenes-1066-280x280.jpg 280w, https:\/\/www.meine-tcm.com\/wp-content\/uploads\/2026\/07\/3weisen-leichte-mitte-behind-the-scenes-1066-100x100.jpg 100w\" sizes=\"auto, (max-width: 280px) 100vw, 280px\" title=\"Sesi\u00f3n fotogr\u00e1fica de \u00abPreg\u00fantale al Emperador Amarillo\u00bb (detr\u00e1s de las c\u00e1maras) - agosto de 2026\" \/>\t\t\t\t\t\t\t<\/a>\n  \t\t\t\t\t\t\t  \t\t\t\t\t\t\t  \t\t\t\t\t\t<\/div>\n  \t\t\t\t\t\t  \t\t\t\t\t<\/div>\n          \t\t\t\t\t<div class=\"box-text text-center\" >\n\t\t\t\t\t<div class=\"box-text-inner blog-post-inner\">\n\n\t\t\t\t\t\n\t\t\t\t\t\t\t\t\t\t\t<p class=\"cat-label  is-xxsmall op-7 uppercase\">\n\t\t\t\t\tGeneral \t\t\t\t\t<\/p>\n\t\t\t\t\t\t\t\t\t\t<h5 class=\"post-title is-large\">\n\t\t\t\t\t\t<a href=\"https:\/\/www.meine-tcm.com\/es\/gruebeln-schlaegt-auf-den-magen\/\" class=\"plain\">C\u00f3mo afecta el dar vueltas a las cosas a tu digesti\u00f3n\u2026 y c\u00f3mo volver a sentirte ligero<\/a>\n\t\t\t\t\t<\/h5>\n\t\t\t\t\t\t\t\t\t\t<div class=\"is-divider\"><\/div>\n\t\t\t\t\t                    \n\t\t\t\t\t\n\t\t\t\t\t\n\t\t\t\t\t<\/div>\n\t\t\t\t\t<\/div>\n\t\t\t\t\t\t\t\t\t\t\t\t\t\t\t\t<div class=\"badge absolute top post-date badge-outline\">\n\t\t\t\t\t\t\t<div class=\"badge-inner\">\n\t\t\t\t\t\t\t\t<span class=\"post-date-day\">31<\/span><br>\n\t\t\t\t\t\t\t\t<span class=\"post-date-month is-xsmall\">Julio<\/span>\n\t\t\t\t\t\t\t<\/div>\n\t\t\t\t\t\t<\/div>\n\t\t\t\t\t\t\t\t\t<\/div>\n\t\t\t<\/div>\n\t\t<\/div><div class=\"col post-item grid-col grid-col-1-2 large-3 medium-6\" >\n\t\t\t<div class=\"col-inner\">\n\t\t\t\t<div class=\"box box-default box-text-bottom box-blog-post has-hover\">\n            \t\t\t\t\t<div class=\"box-image\" >\n  \t\t\t\t\t\t<div class=\"image-cover\" style=\"padding-top:56%;\">\n\t\t\t\t\t\t\t<a href=\"https:\/\/www.meine-tcm.com\/es\/leichte-mitte-atem-gruebeln\/\" class=\"plain\" aria-label=\"La respiraci\u00f3n que tu cuerpo conoce desde hace tiempo\">\n\t\t\t\t\t\t\t\t<img loading=\"lazy\" decoding=\"async\" width=\"280\" height=\"280\" src=\"https:\/\/www.meine-tcm.com\/wp-content\/uploads\/2026\/07\/august-newsletter-mitte-gruebeln-leitfaden-1-280x280.jpg\" class=\"attachment-thumbnail size-thumbnail wp-post-image\" alt=\"Deja de darle vueltas al asunto, simplemente respira hondo.\" srcset=\"https:\/\/www.meine-tcm.com\/wp-content\/uploads\/2026\/07\/august-newsletter-mitte-gruebeln-leitfaden-1-280x280.jpg 280w, https:\/\/www.meine-tcm.com\/wp-content\/uploads\/2026\/07\/august-newsletter-mitte-gruebeln-leitfaden-1-400x400.jpg 400w, https:\/\/www.meine-tcm.com\/wp-content\/uploads\/2026\/07\/august-newsletter-mitte-gruebeln-leitfaden-1-800x800.jpg 800w, https:\/\/www.meine-tcm.com\/wp-content\/uploads\/2026\/07\/august-newsletter-mitte-gruebeln-leitfaden-1-768x768.jpg 768w, https:\/\/www.meine-tcm.com\/wp-content\/uploads\/2026\/07\/august-newsletter-mitte-gruebeln-leitfaden-1-1536x1536.jpg 1536w, https:\/\/www.meine-tcm.com\/wp-content\/uploads\/2026\/07\/august-newsletter-mitte-gruebeln-leitfaden-1-2048x2048.jpg 2048w, https:\/\/www.meine-tcm.com\/wp-content\/uploads\/2026\/07\/august-newsletter-mitte-gruebeln-leitfaden-1-12x12.jpg 12w, https:\/\/www.meine-tcm.com\/wp-content\/uploads\/2026\/07\/august-newsletter-mitte-gruebeln-leitfaden-1-100x100.jpg 100w\" sizes=\"auto, (max-width: 280px) 100vw, 280px\" title=\"Deja de darle vueltas al asunto, simplemente respira hondo.\" \/>\t\t\t\t\t\t\t<\/a>\n  \t\t\t\t\t\t\t  \t\t\t\t\t\t\t  \t\t\t\t\t\t<\/div>\n  \t\t\t\t\t\t  \t\t\t\t\t<\/div>\n          \t\t\t\t\t<div class=\"box-text text-center\" >\n\t\t\t\t\t<div class=\"box-text-inner blog-post-inner\">\n\n\t\t\t\t\t\n\t\t\t\t\t\t\t\t\t\t\t<p class=\"cat-label  is-xxsmall op-7 uppercase\">\n\t\t\t\t\tMindfulness en general \t\t\t\t\t<\/p>\n\t\t\t\t\t\t\t\t\t\t<h5 class=\"post-title is-large\">\n\t\t\t\t\t\t<a href=\"https:\/\/www.meine-tcm.com\/es\/leichte-mitte-atem-gruebeln\/\" class=\"plain\">La respiraci\u00f3n que tu cuerpo conoce desde hace tiempo<\/a>\n\t\t\t\t\t<\/h5>\n\t\t\t\t\t\t\t\t\t\t<div class=\"is-divider\"><\/div>\n\t\t\t\t\t                    \n\t\t\t\t\t\n\t\t\t\t\t\n\t\t\t\t\t<\/div>\n\t\t\t\t\t<\/div>\n\t\t\t\t\t\t\t\t\t\t\t\t\t\t\t\t<div class=\"badge absolute top post-date badge-outline\">\n\t\t\t\t\t\t\t<div class=\"badge-inner\">\n\t\t\t\t\t\t\t\t<span class=\"post-date-day\">31<\/span><br>\n\t\t\t\t\t\t\t\t<span class=\"post-date-month is-xsmall\">Julio<\/span>\n\t\t\t\t\t\t\t<\/div>\n\t\t\t\t\t\t<\/div>\n\t\t\t\t\t\t\t\t\t<\/div>\n\t\t\t<\/div>\n\t\t<\/div><\/div>\n\t\t<\/div>\n\t\t\t\t\n<style>\n#col-438838346 > .col-inner {\n  max-width: 1060px;\n}\n<\/style>\n\t<\/div>\n\n\t\n<\/div>\n\t\t<\/div>\n\n\t\t\n<style>\n#section_1498795746 {\n  padding-top: 0px;\n  padding-bottom: 0px;\n}\n<\/style>\n\t<\/section>\n\t\n\t<div id=\"gap-1147675553\" class=\"gap-element clearfix\" style=\"display:block; height:auto;\">\n\t\t\n<style>\n#gap-1147675553 {\n  padding-top: 20px;\n}\n<\/style>\n\t<\/div>\n\t\n\n\t<section class=\"section h2\" id=\"section_1956186481\">\n\t\t<div class=\"section-bg fill\" >\n\t\t\t\t\t\t\t\t\t\n\t\t\t\n\n\t\t<\/div>\n\n\t\t\n\n\t\t<div class=\"section-content relative\">\n\t\t\t\n<div class=\"row row-collapse align-center\"  id=\"row-317715970\">\n\n\t<div id=\"col-1725001209\" class=\"col small-12 large-12\"  >\n\t\t\t\t<div class=\"col-inner text-center\"  >\n\t\t\t\n\t\t\t\n<h2>Nuestros productos m\u00e1s populares<\/h2>\n\t\t<\/div>\n\t\t\t\t\n<style>\n#col-1725001209 > .col-inner {\n  max-width: 960px;\n}\n<\/style>\n\t<\/div>\n\n\t\n<\/div>\n\t\t<\/div>\n\n\t\t\n<style>\n#section_1956186481 {\n  padding-top: 0px;\n  padding-bottom: 0px;\n}\n<\/style>\n\t<\/section>\n\t\n\t<div id=\"gap-1202146715\" class=\"gap-element clearfix\" style=\"display:block; height:auto;\">\n\t\t\n<style>\n#gap-1202146715 {\n  padding-top: 10px;\n}\n<\/style>\n\t<\/div>\n\t\n\n\t<section class=\"section top-produkte\" id=\"section_1647202756\">\n\t\t<div class=\"section-bg fill\" >\n\t\t\t\t\t\t\t\t\t\n\t\t\t\n\n\t\t<\/div>\n\n\t\t\n\n\t\t<div class=\"section-content relative\">\n\t\t\t\n<div class=\"row row-collapse align-center\"  id=\"row-1703697174\">\n\n\t<div id=\"col-1505375226\" class=\"col small-12 large-12\"  >\n\t\t\t\t<div class=\"col-inner text-left\"  >\n\t\t\t\n\t\t\t\n\t\n  \n    <div class=\"row  equalize-box large-columns-5 medium-columns-3 small-columns-2 row-small\" >\n  \n\t     <div class=\"col\" >\n\t\t\t\t\t\t<div class=\"col-inner\">\n\t\t\t\t\t\t\n<div class=\"badge-container absolute left top z-1\">\n\n<\/div>\n\t\t\t\t\t\t<div class=\"product-small box has-hover box-normal box-text-bottom\">\n\t\t\t\t\t\t\t<div class=\"box-image\" >\n\t\t\t\t\t\t\t\t<div class=\"image-zoom\" >\n\t\t\t\t\t\t\t\t\t<a href=\"https:\/\/www.meine-tcm.com\/es\/produkt\/akupen-der-geniale-akupressurstift-mit-videoanleitung\/\" aria-label=\"Selbst\u2013Akupressur lernen: die AkuPen\u2013Videothek mit \u00fcber 100 Anleitungsvideos\">\n\t\t\t\t\t\t\t\t\t\t<img loading=\"lazy\" decoding=\"async\" width=\"400\" height=\"480\" src=\"https:\/\/www.meine-tcm.com\/wp-content\/uploads\/2014\/08\/Akupen-weiss-vertikal-3-400x480.jpg\" class=\"show-on-hover absolute fill hide-for-small back-image\" alt=\"AkuPen abierto\" aria-hidden=\"true\" title=\"AkuPen de Einfach besser leben\" \/><img loading=\"lazy\" decoding=\"async\" width=\"283\" height=\"400\" src=\"https:\/\/www.meine-tcm.com\/wp-content\/uploads\/2014\/08\/Akupen-mit-Verpackung-auf-weiss-2400x3392-1-283x400.jpg\" class=\"attachment-medium size-medium\" alt=\"AukPen con embalaje de madera\" srcset=\"https:\/\/www.meine-tcm.com\/wp-content\/uploads\/2014\/08\/Akupen-mit-Verpackung-auf-weiss-2400x3392-1-283x400.jpg 283w, https:\/\/www.meine-tcm.com\/wp-content\/uploads\/2014\/08\/Akupen-mit-Verpackung-auf-weiss-2400x3392-1-scaled-800x1131.jpg 800w, https:\/\/www.meine-tcm.com\/wp-content\/uploads\/2014\/08\/Akupen-mit-Verpackung-auf-weiss-2400x3392-1-566x800.jpg 566w, https:\/\/www.meine-tcm.com\/wp-content\/uploads\/2014\/08\/Akupen-mit-Verpackung-auf-weiss-2400x3392-1-768x1085.jpg 768w, https:\/\/www.meine-tcm.com\/wp-content\/uploads\/2014\/08\/Akupen-mit-Verpackung-auf-weiss-2400x3392-1-1087x1536.jpg 1087w, https:\/\/www.meine-tcm.com\/wp-content\/uploads\/2014\/08\/Akupen-mit-Verpackung-auf-weiss-2400x3392-1-1449x2048.jpg 1449w, https:\/\/www.meine-tcm.com\/wp-content\/uploads\/2014\/08\/Akupen-mit-Verpackung-auf-weiss-2400x3392-1-8x12.jpg 8w, https:\/\/www.meine-tcm.com\/wp-content\/uploads\/2014\/08\/Akupen-mit-Verpackung-auf-weiss-2400x3392-1-scaled.jpg 1811w\" sizes=\"auto, (max-width: 283px) 100vw, 283px\" title=\"AkuPen con instrucciones en v\u00eddeo\" \/>\t\t\t\t\t\t\t\t\t<\/a>\n\t\t\t\t\t\t\t\t\t\t\t\t\t\t\t\t\t\t \t\t\t\t\t\t\t\t<\/div>\n\t\t\t\t\t\t\t\t<div class=\"image-tools top right show-on-hover\">\n\t\t\t\t\t\t\t\t\t\t\t\t\t\t\t\t\t<\/div>\n\t\t\t\t\t\t\t\t\t\t\t\t\t\t\t\t\t<div class=\"image-tools grid-tools text-center hide-for-small bottom hover-slide-in show-on-hover\">\n\t\t\t\t\t\t\t\t\t\t<a href=\"#quick-view\" class=\"quick-view\" role=\"button\" data-prod=\"1365\" aria-haspopup=\"dialog\" aria-expanded=\"false\" data-flatsome-role-button>Vista R\u00e1pida<\/a>\t\t\t\t\t\t\t\t\t<\/div>\n\t\t\t\t\t\t\t\t\t\t\t\t\t\t\t\t\t\t\t\t\t\t\t<\/div>\n\n\t\t\t\t\t\t\t<div class=\"box-text text-center\" >\n\t\t\t\t\t\t\t\t<div class=\"title-wrapper\">\t\t<p class=\"category uppercase is-smaller no-text-overflow product-cat op-8\">\n\t\t\tAkuPen\t\t<\/p>\n\t<p class=\"name product-title woocommerce-loop-product__title\"><a href=\"https:\/\/www.meine-tcm.com\/es\/produkt\/akupen-der-geniale-akupressurstift-mit-videoanleitung\/\" class=\"woocommerce-LoopProduct-link woocommerce-loop-product__link\">Selbst\u2013Akupressur lernen: die AkuPen\u2013Videothek mit \u00fcber 100 Anleitungsvideos<\/a><\/p><\/div><div class=\"price-wrapper\">\n\t<span class=\"price\"><span class=\"woocommerce-Price-amount amount\"><bdi>80,57&nbsp;<span class=\"woocommerce-Price-currencySymbol\" translate=\"no\">\u20ac<\/span><\/bdi><\/span><\/span>\n\n\n<\/div>\t<span id=\"woocommerce_loop_add_to_cart_link_describedby_1365\" class=\"screen-reader-text\">\n\t\t\t<\/span>\n\t\t\t\t\t\t\t<\/div>\n\t\t\t\t\t\t<\/div>\n\t\t\t\t\t\t<\/div>\n\t\t\t\t\t<\/div><div class=\"col\" >\n\t\t\t\t\t\t<div class=\"col-inner\">\n\t\t\t\t\t\t\n<div class=\"badge-container absolute left top z-1\">\n<div class=\"callout badge badge-circle\"><div class=\"badge-inner secondary on-sale\"><span class=\"onsale\" data-no-translation=\"\" data-trp-gettext=\"\">\u00a1Oferta!<\/span><\/div><\/div>\n<\/div>\n\t\t\t\t\t\t<div class=\"product-small box has-hover box-normal box-text-bottom\">\n\t\t\t\t\t\t\t<div class=\"box-image\" >\n\t\t\t\t\t\t\t\t<div class=\"image-zoom\" >\n\t\t\t\t\t\t\t\t\t<a href=\"https:\/\/www.meine-tcm.com\/es\/produkt\/qi-gong-bundle-mit-den-besten-3-qi-gong-kursen\/\" aria-label=\"Qi Gong - Paquete con los 3 mejores cursos de Qi Gong\">\n\t\t\t\t\t\t\t\t\t\t<img loading=\"lazy\" decoding=\"async\" width=\"400\" height=\"480\" src=\"https:\/\/www.meine-tcm.com\/wp-content\/uploads\/2014\/06\/qi-gong-kurs-8-brokate-07-smartphone-400x480.jpg\" class=\"show-on-hover absolute fill hide-for-small back-image\" alt=\"La mano sostiene un smartphone, en la pantalla el portal de cursos en l\u00ednea de Einfach besser leben\" aria-hidden=\"true\" title=\"Cursos de v\u00eddeo en l\u00ednea de Einfach besser leben\" \/><img loading=\"lazy\" decoding=\"async\" width=\"283\" height=\"400\" src=\"https:\/\/www.meine-tcm.com\/wp-content\/uploads\/2020\/09\/qi-gong-kurse-bundle-283x400.jpg\" class=\"attachment-medium size-medium\" alt=\"Foto con las portadas de tres cursos de Qi Gong de Einfach besser Leben\" srcset=\"https:\/\/www.meine-tcm.com\/wp-content\/uploads\/2020\/09\/qi-gong-kurse-bundle-283x400.jpg 283w, https:\/\/www.meine-tcm.com\/wp-content\/uploads\/2020\/09\/qi-gong-kurse-bundle-510x721.jpg 510w, https:\/\/www.meine-tcm.com\/wp-content\/uploads\/2020\/09\/qi-gong-kurse-bundle-566x800.jpg 566w, https:\/\/www.meine-tcm.com\/wp-content\/uploads\/2020\/09\/qi-gong-kurse-bundle.jpg 600w\" sizes=\"auto, (max-width: 283px) 100vw, 283px\" title=\"Cursos de Qi Gong en l\u00ednea\" \/>\t\t\t\t\t\t\t\t\t<\/a>\n\t\t\t\t\t\t\t\t\t\t\t\t\t\t\t\t\t\t \t\t\t\t\t\t\t\t<\/div>\n\t\t\t\t\t\t\t\t<div class=\"image-tools top right show-on-hover\">\n\t\t\t\t\t\t\t\t\t\t\t\t\t\t\t\t\t<\/div>\n\t\t\t\t\t\t\t\t\t\t\t\t\t\t\t\t\t<div class=\"image-tools grid-tools text-center hide-for-small bottom hover-slide-in show-on-hover\">\n\t\t\t\t\t\t\t\t\t\t<a href=\"#quick-view\" class=\"quick-view\" role=\"button\" data-prod=\"1583\" aria-haspopup=\"dialog\" aria-expanded=\"false\" data-flatsome-role-button>Vista R\u00e1pida<\/a>\t\t\t\t\t\t\t\t\t<\/div>\n\t\t\t\t\t\t\t\t\t\t\t\t\t\t\t\t\t\t\t\t\t\t\t<\/div>\n\n\t\t\t\t\t\t\t<div class=\"box-text text-center\" >\n\t\t\t\t\t\t\t\t<div class=\"title-wrapper\">\t\t<p class=\"category uppercase is-smaller no-text-overflow product-cat op-8\">\n\t\t\tQi Gong\t\t<\/p>\n\t<p class=\"name product-title woocommerce-loop-product__title\"><a href=\"https:\/\/www.meine-tcm.com\/es\/produkt\/qi-gong-bundle-mit-den-besten-3-qi-gong-kursen\/\" class=\"woocommerce-LoopProduct-link woocommerce-loop-product__link\">Qi Gong - Paquete con los 3 mejores cursos de Qi Gong<\/a><\/p><\/div><div class=\"price-wrapper\">\n\t<span class=\"price\"><del aria-hidden=\"true\"><span class=\"woocommerce-Price-amount amount\"><bdi>85,41&nbsp;<span class=\"woocommerce-Price-currencySymbol\" translate=\"no\">\u20ac<\/span><\/bdi><\/span><\/del> <span class=\"screen-reader-text\" data-no-translation=\"\" data-trp-gettext=\"\">El precio original era: 85,41&nbsp;&euro;.<\/span><ins aria-hidden=\"true\"><span class=\"woocommerce-Price-amount amount\"><bdi>72,60&nbsp;<span class=\"woocommerce-Price-currencySymbol\" translate=\"no\">\u20ac<\/span><\/bdi><\/span><\/ins><span class=\"screen-reader-text\" data-no-translation=\"\" data-trp-gettext=\"\">El precio actual es: 72,60&nbsp;&euro;.<\/span><\/span>\n\n\n<\/div>\t<span id=\"woocommerce_loop_add_to_cart_link_describedby_1583\" class=\"screen-reader-text\">\n\t\t\t<\/span>\n\t\t\t\t\t\t\t<\/div>\n\t\t\t\t\t\t<\/div>\n\t\t\t\t\t\t<\/div>\n\t\t\t\t\t<\/div><div class=\"col\" >\n\t\t\t\t\t\t<div class=\"col-inner\">\n\t\t\t\t\t\t\n<div class=\"badge-container absolute left top z-1\">\n\n<\/div>\n\t\t\t\t\t\t<div class=\"product-small box has-hover box-normal box-text-bottom\">\n\t\t\t\t\t\t\t<div class=\"box-image\" >\n\t\t\t\t\t\t\t\t<div class=\"image-zoom\" >\n\t\t\t\t\t\t\t\t\t<a href=\"https:\/\/www.meine-tcm.com\/es\/produkt\/qi-gong-kurs-18-figuren-der-harmonie\/\" aria-label=\"Curso de Qi Gong II - Las 18 figuras de la armon\u00eda\">\n\t\t\t\t\t\t\t\t\t\t<img loading=\"lazy\" decoding=\"async\" width=\"400\" height=\"480\" src=\"https:\/\/www.meine-tcm.com\/wp-content\/uploads\/2014\/08\/qi-gong-kurs-18-figuren-der-harmonie-05-smartphone-400x480.jpg\" class=\"show-on-hover absolute fill hide-for-small back-image\" alt=\"La mano sostiene un smartphone, en la pantalla el portal de cursos en l\u00ednea de Einfach besser leben\" aria-hidden=\"true\" title=\"Cursos de v\u00eddeo en l\u00ednea de Einfach besser leben\" \/><img loading=\"lazy\" decoding=\"async\" width=\"283\" height=\"400\" src=\"https:\/\/www.meine-tcm.com\/wp-content\/uploads\/2014\/08\/qi-gong-kurs-18-figuren-der-harmonie-01-283x400.jpg\" class=\"attachment-medium size-medium\" alt=\"Portada del curso de Qi Qong moderno - Las 18 figuras de la armon\u00eda\" srcset=\"https:\/\/www.meine-tcm.com\/wp-content\/uploads\/2014\/08\/qi-gong-kurs-18-figuren-der-harmonie-01-283x400.jpg 283w, https:\/\/www.meine-tcm.com\/wp-content\/uploads\/2014\/08\/qi-gong-kurs-18-figuren-der-harmonie-01-510x721.jpg 510w, https:\/\/www.meine-tcm.com\/wp-content\/uploads\/2014\/08\/qi-gong-kurs-18-figuren-der-harmonie-01-566x800.jpg 566w, https:\/\/www.meine-tcm.com\/wp-content\/uploads\/2014\/08\/qi-gong-kurs-18-figuren-der-harmonie-01-600x848.jpg 600w, https:\/\/www.meine-tcm.com\/wp-content\/uploads\/2014\/08\/qi-gong-kurs-18-figuren-der-harmonie-01.jpg 764w\" sizes=\"auto, (max-width: 283px) 100vw, 283px\" title=\"Curso de Qi Qong - Las 18 figuras de la armon\u00eda\" \/>\t\t\t\t\t\t\t\t\t<\/a>\n\t\t\t\t\t\t\t\t\t\t\t\t\t\t\t\t\t\t \t\t\t\t\t\t\t\t<\/div>\n\t\t\t\t\t\t\t\t<div class=\"image-tools top right show-on-hover\">\n\t\t\t\t\t\t\t\t\t\t\t\t\t\t\t\t\t<\/div>\n\t\t\t\t\t\t\t\t\t\t\t\t\t\t\t\t\t<div class=\"image-tools grid-tools text-center hide-for-small bottom hover-slide-in show-on-hover\">\n\t\t\t\t\t\t\t\t\t\t<a href=\"#quick-view\" class=\"quick-view\" role=\"button\" data-prod=\"1376\" aria-haspopup=\"dialog\" aria-expanded=\"false\" data-flatsome-role-button>Vista R\u00e1pida<\/a>\t\t\t\t\t\t\t\t\t<\/div>\n\t\t\t\t\t\t\t\t\t\t\t\t\t\t\t\t\t\t\t\t\t\t\t<\/div>\n\n\t\t\t\t\t\t\t<div class=\"box-text text-center\" >\n\t\t\t\t\t\t\t\t<div class=\"title-wrapper\">\t\t<p class=\"category uppercase is-smaller no-text-overflow product-cat op-8\">\n\t\t\tQi Gong\t\t<\/p>\n\t<p class=\"name product-title woocommerce-loop-product__title\"><a href=\"https:\/\/www.meine-tcm.com\/es\/produkt\/qi-gong-kurs-18-figuren-der-harmonie\/\" class=\"woocommerce-LoopProduct-link woocommerce-loop-product__link\">Curso de Qi Gong II - Las 18 figuras de la armon\u00eda<\/a><\/p><\/div><div class=\"price-wrapper\">\n\t<span class=\"price\"><span class=\"woocommerce-Price-amount amount\"><bdi>35,19&nbsp;<span class=\"woocommerce-Price-currencySymbol\" translate=\"no\">\u20ac<\/span><\/bdi><\/span><\/span>\n\n\n<\/div>\t<span id=\"woocommerce_loop_add_to_cart_link_describedby_1376\" class=\"screen-reader-text\">\n\t\tEste producto tiene m\u00faltiples variantes. Las opciones se pueden elegir en la p\u00e1gina de producto\t<\/span>\n\t\t\t\t\t\t\t<\/div>\n\t\t\t\t\t\t<\/div>\n\t\t\t\t\t\t<\/div>\n\t\t\t\t\t<\/div><div class=\"col\" >\n\t\t\t\t\t\t<div class=\"col-inner\">\n\t\t\t\t\t\t\n<div class=\"badge-container absolute left top z-1\">\n<div class=\"callout badge badge-circle\"><div class=\"badge-inner secondary on-sale\"><span class=\"onsale\">-29%<\/span><\/div><\/div>\n<\/div>\n\t\t\t\t\t\t<div class=\"product-small box has-hover box-normal box-text-bottom\">\n\t\t\t\t\t\t\t<div class=\"box-image\" >\n\t\t\t\t\t\t\t\t<div class=\"image-zoom\" >\n\t\t\t\t\t\t\t\t\t<a href=\"https:\/\/www.meine-tcm.com\/es\/produkt\/meridian-yoga-fuer-mehr-energie-und-vitalitaet\/\" aria-label=\"Meridian Yoga para m\u00e1s energ\u00eda y vitalidad - curso en l\u00ednea\">\n\t\t\t\t\t\t\t\t\t\t<img loading=\"lazy\" decoding=\"async\" width=\"283\" height=\"400\" src=\"https:\/\/www.meine-tcm.com\/wp-content\/uploads\/2019\/09\/meridian-yoga-inlay-aussen-v1-764x1080-1-283x400.jpg\" class=\"attachment-medium size-medium\" alt=\"Cubrir el curso en l\u00ednea de Meridian Yoga con Kati en la postura de Meridian Yoga\" srcset=\"https:\/\/www.meine-tcm.com\/wp-content\/uploads\/2019\/09\/meridian-yoga-inlay-aussen-v1-764x1080-1-283x400.jpg 283w, https:\/\/www.meine-tcm.com\/wp-content\/uploads\/2019\/09\/meridian-yoga-inlay-aussen-v1-764x1080-1-510x721.jpg 510w, https:\/\/www.meine-tcm.com\/wp-content\/uploads\/2019\/09\/meridian-yoga-inlay-aussen-v1-764x1080-1-566x800.jpg 566w, https:\/\/www.meine-tcm.com\/wp-content\/uploads\/2019\/09\/meridian-yoga-inlay-aussen-v1-764x1080-1-600x848.jpg 600w, https:\/\/www.meine-tcm.com\/wp-content\/uploads\/2019\/09\/meridian-yoga-inlay-aussen-v1-764x1080-1.jpg 764w\" sizes=\"auto, (max-width: 283px) 100vw, 283px\" title=\"Curso en l\u00ednea de Meridian Yoga con calendario de formaci\u00f3n\" \/>\t\t\t\t\t\t\t\t\t<\/a>\n\t\t\t\t\t\t\t\t\t\t\t\t\t\t\t\t\t\t \t\t\t\t\t\t\t\t<\/div>\n\t\t\t\t\t\t\t\t<div class=\"image-tools top right show-on-hover\">\n\t\t\t\t\t\t\t\t\t\t\t\t\t\t\t\t\t<\/div>\n\t\t\t\t\t\t\t\t\t\t\t\t\t\t\t\t\t<div class=\"image-tools grid-tools text-center hide-for-small bottom hover-slide-in show-on-hover\">\n\t\t\t\t\t\t\t\t\t\t<a href=\"#quick-view\" class=\"quick-view\" role=\"button\" data-prod=\"1363\" aria-haspopup=\"dialog\" aria-expanded=\"false\" data-flatsome-role-button>Vista R\u00e1pida<\/a>\t\t\t\t\t\t\t\t\t<\/div>\n\t\t\t\t\t\t\t\t\t\t\t\t\t\t\t\t\t\t\t\t\t\t\t<\/div>\n\n\t\t\t\t\t\t\t<div class=\"box-text text-center\" >\n\t\t\t\t\t\t\t\t<div class=\"title-wrapper\">\t\t<p class=\"category uppercase is-smaller no-text-overflow product-cat op-8\">\n\t\t\tYoga\t\t<\/p>\n\t<p class=\"name product-title woocommerce-loop-product__title\"><a href=\"https:\/\/www.meine-tcm.com\/es\/produkt\/meridian-yoga-fuer-mehr-energie-und-vitalitaet\/\" class=\"woocommerce-LoopProduct-link woocommerce-loop-product__link\">Meridian Yoga para m\u00e1s energ\u00eda y vitalidad - curso en l\u00ednea<\/a><\/p><\/div><div class=\"price-wrapper\">\n\t<span class=\"price\"><del aria-hidden=\"true\"><span class=\"woocommerce-Price-amount amount\"><bdi>70,49&nbsp;<span class=\"woocommerce-Price-currencySymbol\" translate=\"no\">\u20ac<\/span><\/bdi><\/span><\/del> <span class=\"screen-reader-text\" data-no-translation=\"\" data-trp-gettext=\"\">El precio original era: 70,49&nbsp;&euro;.<\/span><ins aria-hidden=\"true\"><span class=\"woocommerce-Price-amount amount\"><bdi>50,32&nbsp;<span class=\"woocommerce-Price-currencySymbol\" translate=\"no\">\u20ac<\/span><\/bdi><\/span><\/ins><span class=\"screen-reader-text\" data-no-translation=\"\" data-trp-gettext=\"\">El precio actual es: 50,32&nbsp;&euro;.<\/span><\/span>\n\n\n<\/div>\t<span id=\"woocommerce_loop_add_to_cart_link_describedby_1363\" class=\"screen-reader-text\">\n\t\t\t<\/span>\n\t\t\t\t\t\t\t<\/div>\n\t\t\t\t\t\t<\/div>\n\t\t\t\t\t\t<\/div>\n\t\t\t\t\t<\/div><div class=\"col\" >\n\t\t\t\t\t\t<div class=\"col-inner\">\n\t\t\t\t\t\t\n<div class=\"badge-container absolute left top z-1\">\n\n<\/div>\n\t\t\t\t\t\t<div class=\"product-small box has-hover box-normal box-text-bottom\">\n\t\t\t\t\t\t\t<div class=\"box-image\" >\n\t\t\t\t\t\t\t\t<div class=\"image-zoom\" >\n\t\t\t\t\t\t\t\t\t<a href=\"https:\/\/www.meine-tcm.com\/es\/produkt\/dein-ganzheitliches-rueckentraining-1\/\" aria-label=\"Su entrenamiento integral de la espalda\">\n\t\t\t\t\t\t\t\t\t\t<img loading=\"lazy\" decoding=\"async\" width=\"400\" height=\"480\" src=\"https:\/\/www.meine-tcm.com\/wp-content\/uploads\/2014\/07\/ganzheitliches-rueckentraining-kurs-06-smartphone-400x480.jpg\" class=\"show-on-hover absolute fill hide-for-small back-image\" alt=\"La mano sostiene un smartphone, en la pantalla el portal de cursos en l\u00ednea de Einfach besser leben\" aria-hidden=\"true\" title=\"Cursos de v\u00eddeo en l\u00ednea de Einfach besser leben\" \/><img loading=\"lazy\" decoding=\"async\" width=\"283\" height=\"400\" src=\"https:\/\/www.meine-tcm.com\/wp-content\/uploads\/2014\/07\/ganzheitliches-rueckentraining-kurs-01-283x400.jpg\" class=\"attachment-medium size-medium\" alt=\"Imagen de portada del DVD Su DVD de entrenamiento hol\u00edstico de la espalda con Wolfgang\" srcset=\"https:\/\/www.meine-tcm.com\/wp-content\/uploads\/2014\/07\/ganzheitliches-rueckentraining-kurs-01-283x400.jpg 283w, https:\/\/www.meine-tcm.com\/wp-content\/uploads\/2014\/07\/ganzheitliches-rueckentraining-kurs-01-510x721.jpg 510w, https:\/\/www.meine-tcm.com\/wp-content\/uploads\/2014\/07\/ganzheitliches-rueckentraining-kurs-01-566x800.jpg 566w, https:\/\/www.meine-tcm.com\/wp-content\/uploads\/2014\/07\/ganzheitliches-rueckentraining-kurs-01-600x848.jpg 600w, https:\/\/www.meine-tcm.com\/wp-content\/uploads\/2014\/07\/ganzheitliches-rueckentraining-kurs-01.jpg 764w\" sizes=\"auto, (max-width: 283px) 100vw, 283px\" title=\"Su curso hol\u00edstico de entrenamiento de la espalda en DVD\" \/>\t\t\t\t\t\t\t\t\t<\/a>\n\t\t\t\t\t\t\t\t\t\t\t\t\t\t\t\t\t\t \t\t\t\t\t\t\t\t<\/div>\n\t\t\t\t\t\t\t\t<div class=\"image-tools top right show-on-hover\">\n\t\t\t\t\t\t\t\t\t\t\t\t\t\t\t\t\t<\/div>\n\t\t\t\t\t\t\t\t\t\t\t\t\t\t\t\t\t<div class=\"image-tools grid-tools text-center hide-for-small bottom hover-slide-in show-on-hover\">\n\t\t\t\t\t\t\t\t\t\t<a href=\"#quick-view\" class=\"quick-view\" role=\"button\" data-prod=\"1406\" aria-haspopup=\"dialog\" aria-expanded=\"false\" data-flatsome-role-button>Vista R\u00e1pida<\/a>\t\t\t\t\t\t\t\t\t<\/div>\n\t\t\t\t\t\t\t\t\t\t\t\t\t\t\t\t\t\t\t\t\t\t\t<\/div>\n\n\t\t\t\t\t\t\t<div class=\"box-text text-center\" >\n\t\t\t\t\t\t\t\t<div class=\"title-wrapper\">\t\t<p class=\"category uppercase is-smaller no-text-overflow product-cat op-8\">\n\t\t\tDolor de espalda\t\t<\/p>\n\t<p class=\"name product-title woocommerce-loop-product__title\"><a href=\"https:\/\/www.meine-tcm.com\/es\/produkt\/dein-ganzheitliches-rueckentraining-1\/\" class=\"woocommerce-LoopProduct-link woocommerce-loop-product__link\">Su entrenamiento integral de la espalda<\/a><\/p><\/div><div class=\"price-wrapper\">\n\t<span class=\"price\"><span class=\"woocommerce-Price-amount amount\"><bdi>25,11&nbsp;<span class=\"woocommerce-Price-currencySymbol\" translate=\"no\">\u20ac<\/span><\/bdi><\/span><\/span>\n\n\n<\/div>\t<span id=\"woocommerce_loop_add_to_cart_link_describedby_1406\" class=\"screen-reader-text\">\n\t\tEste producto tiene m\u00faltiples variantes. Las opciones se pueden elegir en la p\u00e1gina de producto\t<\/span>\n\t\t\t\t\t\t\t<\/div>\n\t\t\t\t\t\t<\/div>\n\t\t\t\t\t\t<\/div>\n\t\t\t\t\t<\/div><\/div>\n\t\t<\/div>\n\t\t\t\t\n<style>\n#col-1505375226 > .col-inner {\n  max-width: 1200px;\n}\n<\/style>\n\t<\/div>\n\n\t\n<\/div>\n\t\t<\/div>\n\n\t\t\n<style>\n#section_1647202756 {\n  padding-top: 0px;\n  padding-bottom: 0px;\n}\n<\/style>\n\t<\/section>\n\t\n\n\nh2 {\ntext-align: left;\n}\nsection.one-image .img {\nmargin-bottom: 0 !important;\n}\nsection.one-image img {\n    border-radius: 15px;\n}","protected":false},"excerpt":{"rendered":"<p>Wenn du schl\u00e4fst, bleibt nicht alles still. Etwas in dir bewegt sich weiter \u2014 leise, ordnend, suchend. In der TCM hei\u00dft es: Der Hun wandert in der Nacht.<\/p>\n<p>Er ist der Teil, der tr\u00e4umt, sortiert, verarbeitet, innerlich \u201eweitergeht&#8220;, auch wenn du liegst. Und zwischen 1 und 3 Uhr steht dieser Hun in enger Beziehung zur Leber.<\/p>","protected":false},"author":3859,"featured_media":25010,"comment_status":"open","ping_status":"open","sticky":false,"template":"","format":"standard","meta":{"_acf_changed":false,"footnotes":""},"categories":[300],"tags":[],"class_list":["post-25008","post","type-post","status-publish","format-standard","has-post-thumbnail","hentry","category-tcm-tipp-der-woche"],"acf":[],"yoast_head":"<!-- This site is optimized with the Yoast SEO plugin v28.3 - https:\/\/yoast.com\/product\/yoast-seo-wordpress\/ -->\n<title>Nachts aufwachen zwischen 1 und 3 Uhr? Die Leber ist schuld<\/title>\n<meta name=\"description\" content=\"Immer zwischen 1 und 3 Uhr wach? Die TCM erkl\u00e4rt warum \u2014 mit Organuhr, 5 S\u00e4ulen f\u00fcr besseren Schlaf und 4 Akupressur-Punkten.\" \/>\n<meta name=\"robots\" content=\"index, follow, max-snippet:-1, max-image-preview:large, max-video-preview:-1\" \/>\n<link rel=\"canonical\" href=\"https:\/\/www.meine-tcm.com\/es\/por-que-te-despiertas-entre-la-1-y-las-3-de-la-madrugada\/\" \/>\n<meta property=\"og:locale\" content=\"es_ES\" \/>\n<meta property=\"og:type\" content=\"article\" \/>\n<meta property=\"og:title\" content=\"Nachts aufwachen zwischen 1 und 3 Uhr? Die Leber ist schuld\" \/>\n<meta property=\"og:description\" content=\"Immer zwischen 1 und 3 Uhr wach? Die TCM erkl\u00e4rt warum \u2014 mit Organuhr, 5 S\u00e4ulen f\u00fcr besseren Schlaf und 4 Akupressur-Punkten.\" \/>\n<meta property=\"og:url\" content=\"https:\/\/www.meine-tcm.com\/es\/por-que-te-despiertas-entre-la-1-y-las-3-de-la-madrugada\/\" \/>\n<meta property=\"og:site_name\" content=\"meine TCM | Traditionelle Chinesische Medizin einfach erkl\u00e4rt\" \/>\n<meta property=\"article:published_time\" content=\"2026-04-14T05:00:00+00:00\" \/>\n<meta property=\"article:modified_time\" content=\"2026-07-23T08:57:16+00:00\" \/>\n<meta property=\"og:image\" content=\"https:\/\/www.meine-tcm.com\/wp-content\/uploads\/2026\/01\/schlafstoerungen-april-beitrag-4.jpg\" \/>\n\t<meta property=\"og:image:width\" content=\"2160\" \/>\n\t<meta property=\"og:image:height\" content=\"2160\" \/>\n\t<meta property=\"og:image:type\" content=\"image\/jpeg\" \/>\n<meta name=\"author\" content=\"Marina\" \/>\n<meta name=\"twitter:card\" content=\"summary_large_image\" \/>\n<meta name=\"twitter:label1\" content=\"Escrito por\" \/>\n\t<meta name=\"twitter:data1\" content=\"Marina\" \/>\n\t<meta name=\"twitter:label2\" content=\"Tiempo de lectura\" \/>\n\t<meta name=\"twitter:data2\" content=\"10 minutos\" \/>\n<script type=\"application\/ld+json\" class=\"yoast-schema-graph\">{\"@context\":\"https:\\\/\\\/schema.org\",\"@graph\":[{\"@type\":\"Article\",\"@id\":\"https:\\\/\\\/www.meine-tcm.com\\\/warum-du-zwischen-1-und-3-uhr-aufwachst\\\/#article\",\"isPartOf\":{\"@id\":\"https:\\\/\\\/www.meine-tcm.com\\\/warum-du-zwischen-1-und-3-uhr-aufwachst\\\/\"},\"author\":{\"name\":\"Marina\",\"@id\":\"https:\\\/\\\/www.meine-tcm.com\\\/#\\\/schema\\\/person\\\/76da350caed5aad1d9998ba607d86f28\"},\"headline\":\"Warum du zwischen 1 und 3 Uhr aufwachst\",\"datePublished\":\"2026-04-14T05:00:00+00:00\",\"dateModified\":\"2026-07-23T08:57:16+00:00\",\"mainEntityOfPage\":{\"@id\":\"https:\\\/\\\/www.meine-tcm.com\\\/warum-du-zwischen-1-und-3-uhr-aufwachst\\\/\"},\"wordCount\":1919,\"commentCount\":0,\"publisher\":{\"@id\":\"https:\\\/\\\/www.meine-tcm.com\\\/#organization\"},\"image\":{\"@id\":\"https:\\\/\\\/www.meine-tcm.com\\\/warum-du-zwischen-1-und-3-uhr-aufwachst\\\/#primaryimage\"},\"thumbnailUrl\":\"https:\\\/\\\/www.meine-tcm.com\\\/wp-content\\\/uploads\\\/2026\\\/01\\\/schlafstoerungen-april-beitrag-4.jpg\",\"articleSection\":[\"TCM Tipp der Woche\"],\"inLanguage\":\"es\",\"potentialAction\":[{\"@type\":\"CommentAction\",\"name\":\"Comment\",\"target\":[\"https:\\\/\\\/www.meine-tcm.com\\\/warum-du-zwischen-1-und-3-uhr-aufwachst\\\/#respond\"]}]},{\"@type\":\"WebPage\",\"@id\":\"https:\\\/\\\/www.meine-tcm.com\\\/warum-du-zwischen-1-und-3-uhr-aufwachst\\\/\",\"url\":\"https:\\\/\\\/www.meine-tcm.com\\\/warum-du-zwischen-1-und-3-uhr-aufwachst\\\/\",\"name\":\"Nachts aufwachen zwischen 1 und 3 Uhr? Die Leber ist schuld\",\"isPartOf\":{\"@id\":\"https:\\\/\\\/www.meine-tcm.com\\\/#website\"},\"primaryImageOfPage\":{\"@id\":\"https:\\\/\\\/www.meine-tcm.com\\\/warum-du-zwischen-1-und-3-uhr-aufwachst\\\/#primaryimage\"},\"image\":{\"@id\":\"https:\\\/\\\/www.meine-tcm.com\\\/warum-du-zwischen-1-und-3-uhr-aufwachst\\\/#primaryimage\"},\"thumbnailUrl\":\"https:\\\/\\\/www.meine-tcm.com\\\/wp-content\\\/uploads\\\/2026\\\/01\\\/schlafstoerungen-april-beitrag-4.jpg\",\"datePublished\":\"2026-04-14T05:00:00+00:00\",\"dateModified\":\"2026-07-23T08:57:16+00:00\",\"description\":\"Immer zwischen 1 und 3 Uhr wach? Die TCM erkl\u00e4rt warum \u2014 mit Organuhr, 5 S\u00e4ulen f\u00fcr besseren Schlaf und 4 Akupressur-Punkten.\",\"breadcrumb\":{\"@id\":\"https:\\\/\\\/www.meine-tcm.com\\\/warum-du-zwischen-1-und-3-uhr-aufwachst\\\/#breadcrumb\"},\"inLanguage\":\"es\",\"potentialAction\":[{\"@type\":\"ReadAction\",\"target\":[\"https:\\\/\\\/www.meine-tcm.com\\\/warum-du-zwischen-1-und-3-uhr-aufwachst\\\/\"]}]},{\"@type\":\"ImageObject\",\"inLanguage\":\"es\",\"@id\":\"https:\\\/\\\/www.meine-tcm.com\\\/warum-du-zwischen-1-und-3-uhr-aufwachst\\\/#primaryimage\",\"url\":\"https:\\\/\\\/www.meine-tcm.com\\\/wp-content\\\/uploads\\\/2026\\\/01\\\/schlafstoerungen-april-beitrag-4.jpg\",\"contentUrl\":\"https:\\\/\\\/www.meine-tcm.com\\\/wp-content\\\/uploads\\\/2026\\\/01\\\/schlafstoerungen-april-beitrag-4.jpg\",\"width\":2160,\"height\":2160,\"caption\":\"Die Nacht hat eine Botschaft. H\u00f6rst du sie?\"},{\"@type\":\"BreadcrumbList\",\"@id\":\"https:\\\/\\\/www.meine-tcm.com\\\/warum-du-zwischen-1-und-3-uhr-aufwachst\\\/#breadcrumb\",\"itemListElement\":[{\"@type\":\"ListItem\",\"position\":1,\"name\":\"Home\",\"item\":\"https:\\\/\\\/www.meine-tcm.com\\\/\"},{\"@type\":\"ListItem\",\"position\":2,\"name\":\"Warum du zwischen 1 und 3 Uhr aufwachst\"}]},{\"@type\":\"WebSite\",\"@id\":\"https:\\\/\\\/www.meine-tcm.com\\\/#website\",\"url\":\"https:\\\/\\\/www.meine-tcm.com\\\/\",\"name\":\"meine TCM | Traditionelle Chinesische Medizin einfach erkl\u00e4rt\",\"description\":\"Einfach gesund bleiben\",\"publisher\":{\"@id\":\"https:\\\/\\\/www.meine-tcm.com\\\/#organization\"},\"potentialAction\":[{\"@type\":\"SearchAction\",\"target\":{\"@type\":\"EntryPoint\",\"urlTemplate\":\"https:\\\/\\\/www.meine-tcm.com\\\/?s={search_term_string}\"},\"query-input\":{\"@type\":\"PropertyValueSpecification\",\"valueRequired\":true,\"valueName\":\"search_term_string\"}}],\"inLanguage\":\"es\"},{\"@type\":\"Organization\",\"@id\":\"https:\\\/\\\/www.meine-tcm.com\\\/#organization\",\"name\":\"meine-TCM.com \u2014 Traditionelle chinesische Medizin einfach erkl\u00e4rt\",\"url\":\"https:\\\/\\\/www.meine-tcm.com\\\/\",\"logo\":{\"@type\":\"ImageObject\",\"inLanguage\":\"es\",\"@id\":\"https:\\\/\\\/www.meine-tcm.com\\\/#\\\/schema\\\/logo\\\/image\\\/\",\"url\":\"https:\\\/\\\/www.meine-tcm.com\\\/wp-content\\\/uploads\\\/2022\\\/08\\\/meine-tcm-traditionelle-chinesische-medizin-einfach-erklaert.png\",\"contentUrl\":\"https:\\\/\\\/www.meine-tcm.com\\\/wp-content\\\/uploads\\\/2022\\\/08\\\/meine-tcm-traditionelle-chinesische-medizin-einfach-erklaert.png\",\"width\":559,\"height\":479,\"caption\":\"meine-TCM.com \u2014 Traditionelle chinesische Medizin einfach erkl\u00e4rt\"},\"image\":{\"@id\":\"https:\\\/\\\/www.meine-tcm.com\\\/#\\\/schema\\\/logo\\\/image\\\/\"},\"sameAs\":[\"https:\\\/\\\/www.instagram.com\\\/meinetcm\\\/\",\"https:\\\/\\\/www.youtube.com\\\/@EinfachbesserLeben\"]},{\"@type\":\"Person\",\"@id\":\"https:\\\/\\\/www.meine-tcm.com\\\/#\\\/schema\\\/person\\\/76da350caed5aad1d9998ba607d86f28\",\"name\":\"Marina\"}]}<\/script>\n<!-- \/ Yoast SEO plugin. -->","yoast_head_json":{"title":"\u00bfSe despierta por la noche entre la 1 y las 3 de la madrugada? La culpa es del h\u00edgado","description":"\u00bfSiempre despierto entre la 1 y las 3 de la madrugada? La MTC explica por qu\u00e9, con un reloj org\u00e1nico, 5 pilares para dormir mejor y 4 puntos de acupresi\u00f3n.","robots":{"index":"index","follow":"follow","max-snippet":"max-snippet:-1","max-image-preview":"max-image-preview:large","max-video-preview":"max-video-preview:-1"},"canonical":"https:\/\/www.meine-tcm.com\/es\/por-que-te-despiertas-entre-la-1-y-las-3-de-la-madrugada\/","og_locale":"es_ES","og_type":"article","og_title":"Nachts aufwachen zwischen 1 und 3 Uhr? Die Leber ist schuld","og_description":"Immer zwischen 1 und 3 Uhr wach? Die TCM erkl\u00e4rt warum \u2014 mit Organuhr, 5 S\u00e4ulen f\u00fcr besseren Schlaf und 4 Akupressur-Punkten.","og_url":"https:\/\/www.meine-tcm.com\/es\/por-que-te-despiertas-entre-la-1-y-las-3-de-la-madrugada\/","og_site_name":"meine TCM | Traditionelle Chinesische Medizin einfach erkl\u00e4rt","article_published_time":"2026-04-14T05:00:00+00:00","article_modified_time":"2026-07-23T08:57:16+00:00","og_image":[{"width":2160,"height":2160,"url":"https:\/\/www.meine-tcm.com\/wp-content\/uploads\/2026\/01\/schlafstoerungen-april-beitrag-4.jpg","type":"image\/jpeg"}],"author":"Marina","twitter_card":"summary_large_image","twitter_misc":{"Escrito por":"Marina","Tiempo de lectura":"10 minutos"},"schema":{"@context":"https:\/\/schema.org","@graph":[{"@type":"Article","@id":"https:\/\/www.meine-tcm.com\/warum-du-zwischen-1-und-3-uhr-aufwachst\/#article","isPartOf":{"@id":"https:\/\/www.meine-tcm.com\/warum-du-zwischen-1-und-3-uhr-aufwachst\/"},"author":{"name":"Marina","@id":"https:\/\/www.meine-tcm.com\/#\/schema\/person\/76da350caed5aad1d9998ba607d86f28"},"headline":"Warum du zwischen 1 und 3 Uhr aufwachst","datePublished":"2026-04-14T05:00:00+00:00","dateModified":"2026-07-23T08:57:16+00:00","mainEntityOfPage":{"@id":"https:\/\/www.meine-tcm.com\/warum-du-zwischen-1-und-3-uhr-aufwachst\/"},"wordCount":1919,"commentCount":0,"publisher":{"@id":"https:\/\/www.meine-tcm.com\/#organization"},"image":{"@id":"https:\/\/www.meine-tcm.com\/warum-du-zwischen-1-und-3-uhr-aufwachst\/#primaryimage"},"thumbnailUrl":"https:\/\/www.meine-tcm.com\/wp-content\/uploads\/2026\/01\/schlafstoerungen-april-beitrag-4.jpg","articleSection":["TCM Tipp der Woche"],"inLanguage":"es","potentialAction":[{"@type":"CommentAction","name":"Comment","target":["https:\/\/www.meine-tcm.com\/warum-du-zwischen-1-und-3-uhr-aufwachst\/#respond"]}]},{"@type":"WebPage","@id":"https:\/\/www.meine-tcm.com\/warum-du-zwischen-1-und-3-uhr-aufwachst\/","url":"https:\/\/www.meine-tcm.com\/warum-du-zwischen-1-und-3-uhr-aufwachst\/","name":"\u00bfSe despierta por la noche entre la 1 y las 3 de la madrugada? La culpa es del h\u00edgado","isPartOf":{"@id":"https:\/\/www.meine-tcm.com\/#website"},"primaryImageOfPage":{"@id":"https:\/\/www.meine-tcm.com\/warum-du-zwischen-1-und-3-uhr-aufwachst\/#primaryimage"},"image":{"@id":"https:\/\/www.meine-tcm.com\/warum-du-zwischen-1-und-3-uhr-aufwachst\/#primaryimage"},"thumbnailUrl":"https:\/\/www.meine-tcm.com\/wp-content\/uploads\/2026\/01\/schlafstoerungen-april-beitrag-4.jpg","datePublished":"2026-04-14T05:00:00+00:00","dateModified":"2026-07-23T08:57:16+00:00","description":"\u00bfSiempre despierto entre la 1 y las 3 de la madrugada? La MTC explica por qu\u00e9, con un reloj org\u00e1nico, 5 pilares para dormir mejor y 4 puntos de acupresi\u00f3n.","breadcrumb":{"@id":"https:\/\/www.meine-tcm.com\/warum-du-zwischen-1-und-3-uhr-aufwachst\/#breadcrumb"},"inLanguage":"es","potentialAction":[{"@type":"ReadAction","target":["https:\/\/www.meine-tcm.com\/warum-du-zwischen-1-und-3-uhr-aufwachst\/"]}]},{"@type":"ImageObject","inLanguage":"es","@id":"https:\/\/www.meine-tcm.com\/warum-du-zwischen-1-und-3-uhr-aufwachst\/#primaryimage","url":"https:\/\/www.meine-tcm.com\/wp-content\/uploads\/2026\/01\/schlafstoerungen-april-beitrag-4.jpg","contentUrl":"https:\/\/www.meine-tcm.com\/wp-content\/uploads\/2026\/01\/schlafstoerungen-april-beitrag-4.jpg","width":2160,"height":2160,"caption":"Die Nacht hat eine Botschaft. H\u00f6rst du sie?"},{"@type":"BreadcrumbList","@id":"https:\/\/www.meine-tcm.com\/warum-du-zwischen-1-und-3-uhr-aufwachst\/#breadcrumb","itemListElement":[{"@type":"ListItem","position":1,"name":"Home","item":"https:\/\/www.meine-tcm.com\/"},{"@type":"ListItem","position":2,"name":"Warum du zwischen 1 und 3 Uhr aufwachst"}]},{"@type":"WebSite","@id":"https:\/\/www.meine-tcm.com\/#website","url":"https:\/\/www.meine-tcm.com\/","name":"mi MTC | Medicina Tradicional China explicada de forma sencilla","description":"Mant\u00e9ngase sano","publisher":{"@id":"https:\/\/www.meine-tcm.com\/#organization"},"potentialAction":[{"@type":"SearchAction","target":{"@type":"EntryPoint","urlTemplate":"https:\/\/www.meine-tcm.com\/?s={search_term_string}"},"query-input":{"@type":"PropertyValueSpecification","valueRequired":true,"valueName":"search_term_string"}}],"inLanguage":"es"},{"@type":"Organization","@id":"https:\/\/www.meine-tcm.com\/#organization","name":"meine-TCM.com - La Medicina Tradicional China explicada de forma sencilla","url":"https:\/\/www.meine-tcm.com\/","logo":{"@type":"ImageObject","inLanguage":"es","@id":"https:\/\/www.meine-tcm.com\/#\/schema\/logo\/image\/","url":"https:\/\/www.meine-tcm.com\/wp-content\/uploads\/2022\/08\/meine-tcm-traditionelle-chinesische-medizin-einfach-erklaert.png","contentUrl":"https:\/\/www.meine-tcm.com\/wp-content\/uploads\/2022\/08\/meine-tcm-traditionelle-chinesische-medizin-einfach-erklaert.png","width":559,"height":479,"caption":"meine-TCM.com \u2014 Traditionelle chinesische Medizin einfach erkl\u00e4rt"},"image":{"@id":"https:\/\/www.meine-tcm.com\/#\/schema\/logo\/image\/"},"sameAs":["https:\/\/www.instagram.com\/meinetcm\/","https:\/\/www.youtube.com\/@EinfachbesserLeben"]},{"@type":"Person","@id":"https:\/\/www.meine-tcm.com\/#\/schema\/person\/76da350caed5aad1d9998ba607d86f28","name":"Marina"}]}},"wps_subtitle":"Was die Leber dir nachts sagen will","_links":{"self":[{"href":"https:\/\/www.meine-tcm.com\/es\/wp-json\/wp\/v2\/posts\/25008","targetHints":{"allow":["GET"]}}],"collection":[{"href":"https:\/\/www.meine-tcm.com\/es\/wp-json\/wp\/v2\/posts"}],"about":[{"href":"https:\/\/www.meine-tcm.com\/es\/wp-json\/wp\/v2\/types\/post"}],"author":[{"embeddable":true,"href":"https:\/\/www.meine-tcm.com\/es\/wp-json\/wp\/v2\/users\/3859"}],"replies":[{"embeddable":true,"href":"https:\/\/www.meine-tcm.com\/es\/wp-json\/wp\/v2\/comments?post=25008"}],"version-history":[{"count":17,"href":"https:\/\/www.meine-tcm.com\/es\/wp-json\/wp\/v2\/posts\/25008\/revisions"}],"predecessor-version":[{"id":32962,"href":"https:\/\/www.meine-tcm.com\/es\/wp-json\/wp\/v2\/posts\/25008\/revisions\/32962"}],"wp:featuredmedia":[{"embeddable":true,"href":"https:\/\/www.meine-tcm.com\/es\/wp-json\/wp\/v2\/media\/25010"}],"wp:attachment":[{"href":"https:\/\/www.meine-tcm.com\/es\/wp-json\/wp\/v2\/media?parent=25008"}],"wp:term":[{"taxonomy":"category","embeddable":true,"href":"https:\/\/www.meine-tcm.com\/es\/wp-json\/wp\/v2\/categories?post=25008"},{"taxonomy":"post_tag","embeddable":true,"href":"https:\/\/www.meine-tcm.com\/es\/wp-json\/wp\/v2\/tags?post=25008"}],"curies":[{"name":"wp","href":"https:\/\/api.w.org\/{rel}","templated":true}]}}