{"id":24410,"date":"2026-03-10T07:00:00","date_gmt":"2026-03-10T06:00:00","guid":{"rendered":"https:\/\/www.meine-tcm.com\/?p=24410"},"modified":"2026-03-09T17:02:13","modified_gmt":"2026-03-09T16:02:13","slug":"por-que-no-puedes-decidirte","status":"publish","type":"post","link":"https:\/\/www.meine-tcm.com\/es\/warum-du-dich-nicht-entscheiden-kannst\/","title":{"rendered":"Por qu\u00e9 no puedes decidirte"},"content":{"rendered":"<section class=\"section main-teaser\" id=\"section_390047980\">\n\t\t<div class=\"section-bg fill\" >\n\t\t\t\t\t\t\t\t\t\n\t\t\t\n\n\t\t<\/div>\n\n\t\t\n\n\t\t<div class=\"section-content relative\">\n\t\t\t\n\n<div class=\"row row-collapse align-center\"  id=\"row-1605295113\">\n\n\n\t<div id=\"col-2129924522\" class=\"col small-12 large-12\"  >\n\t\t\t\t<div class=\"col-inner text-center\"  >\n\t\t\t\n\t\t\t\n\n<p class=\"teaser\">\u00bfDejar el trabajo o quedarse? \u00bfSalvar la relaci\u00f3n o dejarla? \u00bfMudarte o no? Di s\u00ed o no. Sabes que tienes que decidir. Pero no puedes.<\/p>\n<p class=\"teaser\">Haces listas de pros y contras. Preguntas a todos tus conocidos. Buscas en Google a las dos de la ma\u00f1ana. Lo pospones una y otra vez. No porque te falte informaci\u00f3n. Sino porque algo dentro de ti te bloquea.<\/p>\n<p class=\"teaser\">Este dar vueltas sin fin. Este miedo a tomar la decisi\u00f3n equivocada. Esta par\u00e1lisis, a pesar de que SABES que quedarte quieto tambi\u00e9n es una decisi\u00f3n, s\u00f3lo que la peor. La MTC tiene un nombre para esto: <strong>Debilidad de la ves\u00edcula biliar.<br \/><\/strong>Y tiene soluciones.<strong><br \/><\/strong><\/p>\n\n\t\t<\/div>\n\t\t\t\t\n<style>\n#col-2129924522 > .col-inner {\n  max-width: 800px;\n}\n<\/style>\n\t<\/div>\n\n\t\n\n<\/div>\n\n\t\t<\/div>\n\n\t\t\n<style>\n#section_390047980 {\n  padding-top: 0px;\n  padding-bottom: 0px;\n}\n<\/style>\n\t<\/section>\n\t\n\t<div id=\"gap-1910139212\" class=\"gap-element clearfix\" style=\"display:block; height:auto;\">\n\t\t\n<style>\n#gap-1910139212 {\n  padding-top: 40px;\n}\n<\/style>\n\t<\/div>\n\t\n\n\n\t<section class=\"section one-image\" id=\"section_121813970\">\n\t\t<div class=\"section-bg fill\" >\n\t\t\t\t\t\t\t\t\t\n\t\t\t\n\n\t\t<\/div>\n\n\t\t\n\n\t\t<div class=\"section-content relative\">\n\t\t\t\n\n<div class=\"row row-collapse align-center\"  id=\"row-1572418959\">\n\n\n\t<div id=\"col-958287586\" class=\"col small-12 large-12\"  >\n\t\t\t\t<div class=\"col-inner text-center\"  >\n\t\t\t\n\t\t\t\n\n\t<div class=\"img has-hover x md-x lg-x y md-y lg-y\" id=\"image_1251468337\">\n\t\t\t\t\t\t\t\t<div class=\"img-inner dark\" >\n\t\t\t<img loading=\"lazy\" decoding=\"async\" width=\"2160\" height=\"2160\" src=\"https:\/\/www.meine-tcm.com\/wp-content\/uploads\/2025\/12\/maerz-woche-2-entscheidung.jpg\" class=\"attachment-original size-original\" alt=\"El camino no se crea delante de ti. Se crea debajo de ti, con cada paso que das.\" srcset=\"https:\/\/www.meine-tcm.com\/wp-content\/uploads\/2025\/12\/maerz-woche-2-entscheidung.jpg 2160w, https:\/\/www.meine-tcm.com\/wp-content\/uploads\/2025\/12\/maerz-woche-2-entscheidung-100x100.jpg 100w, https:\/\/www.meine-tcm.com\/wp-content\/uploads\/2025\/12\/maerz-woche-2-entscheidung-510x510.jpg 510w, https:\/\/www.meine-tcm.com\/wp-content\/uploads\/2025\/12\/maerz-woche-2-entscheidung-400x400.jpg 400w, https:\/\/www.meine-tcm.com\/wp-content\/uploads\/2025\/12\/maerz-woche-2-entscheidung-800x800.jpg 800w, https:\/\/www.meine-tcm.com\/wp-content\/uploads\/2025\/12\/maerz-woche-2-entscheidung-280x280.jpg 280w, https:\/\/www.meine-tcm.com\/wp-content\/uploads\/2025\/12\/maerz-woche-2-entscheidung-768x768.jpg 768w, https:\/\/www.meine-tcm.com\/wp-content\/uploads\/2025\/12\/maerz-woche-2-entscheidung-1536x1536.jpg 1536w, https:\/\/www.meine-tcm.com\/wp-content\/uploads\/2025\/12\/maerz-woche-2-entscheidung-2048x2048.jpg 2048w, https:\/\/www.meine-tcm.com\/wp-content\/uploads\/2025\/12\/maerz-woche-2-entscheidung-12x12.jpg 12w\" sizes=\"auto, (max-width: 2160px) 100vw, 2160px\" title=\"El camino no se crea delante de ti. Se crea debajo de ti, con cada paso que das.\" \/>\t\t\t\t\t\t\n\t\t\t\t\t<\/div>\n\t\t\t\t\t\t\t\t\n<style>\n#image_1251468337 {\n  width: 100%;\n}\n<\/style>\n\t<\/div>\n\t\n\n<p class=\"caption\">El camino no se crea delante de ti. Se crea debajo de ti, con cada paso que das.<\/p>\n\n\t\t<\/div>\n\t\t\t\t\n<style>\n#col-958287586 > .col-inner {\n  border-radius: 10px;\n  max-width: 640px;\n}\n<\/style>\n\t<\/div>\n\n\t\n\n<\/div>\n\n\t\t<\/div>\n\n\t\t\n<style>\n#section_121813970 {\n  padding-top: 0px;\n  padding-bottom: 0px;\n}\n<\/style>\n\t<\/section>\n\t\n\t<div id=\"gap-1339533206\" class=\"gap-element clearfix\" style=\"display:block; height:auto;\">\n\t\t\n<style>\n#gap-1339533206 {\n  padding-top: 40px;\n}\n<\/style>\n\t<\/div>\n\t\n\n\n\t<section class=\"section text\" id=\"section_1067278416\">\n\t\t<div class=\"section-bg fill\" >\n\t\t\t\t\t\t\t\t\t\n\t\t\t\n\n\t\t<\/div>\n\n\t\t\n\n\t\t<div class=\"section-content relative\">\n\t\t\t\n\n<div class=\"row row-collapse align-center\"  id=\"row-108925675\">\n\n\n\t<div id=\"col-505922587\" class=\"col small-12 large-12\"  >\n\t\t\t\t<div class=\"col-inner text-left\"  >\n\t\t\t\n\t\t\t\n\n<h2>\ud83d\udc9a <strong>Qu\u00e9 hace realmente la ves\u00edcula biliar<\/strong><\/h2>\n<p>En la MTC, la ves\u00edcula biliar es su <strong>\u00d3rgano decisorio<\/strong>.<\/p>\n<p>Trabaja conjuntamente con el h\u00edgado:<\/p>\n<ol>\n<li>En <strong>H\u00edgado<\/strong> ve posibilidades. Planea, sue\u00f1a, dise\u00f1a.<\/li>\n<li>En <strong>Ves\u00edcula Biliar <\/strong>elige. Ella dice: \u201eEsto. Ahora. Vete\u201c.\u201c<\/li>\n<\/ol>\n<p>Sin ves\u00edcula biliar, el h\u00edgado sigue siendo un so\u00f1ador con mil ideas y cero realizaciones.<\/p>\n<p><strong>Lo que puede hacer una ves\u00edcula biliar fuerte:<\/strong><\/p>\n<ul>\n<li>Tomar decisiones claras, incluso sin disponer de toda la informaci\u00f3n<\/li>\n<li>Apoyar las decisiones, incluso cuando otros dudan<\/li>\n<li>Asumir riesgos - calculados, no sin cabeza<\/li>\n<li>\u201eDecir \u201cno\" sin remordimientos de conciencia<\/li>\n<li>Pasar a la acci\u00f3n, aunque resulte inc\u00f3modo<\/li>\n<\/ul>\n<p><strong>Lo que muestra una ves\u00edcula biliar d\u00e9bil:<\/strong><\/p>\n<ul>\n<li>Pesar interminable sin resultado<\/li>\n<li>Dejar que otros decidan (pareja, jefe, padres)<\/li>\n<li>Cuestionar constantemente las decisiones, incluso a posteriori<\/li>\n<li>Evitar los conflictos a toda costa<\/li>\n<li>Posponer hasta que la vida decida a tu favor<\/li>\n<\/ul>\n<h2>\u26a0\ufe0f <strong>La prueba: \u00bfc\u00f3mo de fuerte es tu ves\u00edcula biliar?<\/strong><\/h2>\n<p><strong>Responde con sinceridad:<\/strong><\/p>\n<ol>\n<li class=\"pl-2\">Necesito m\u00e1s de 5 minutos para peque\u00f1as decisiones (restaurante, pel\u00edcula)<\/li>\n<li class=\"pl-2\">Cuando tomo decisiones importantes, pregunto al menos a 3-4 personas.<\/li>\n<li class=\"pl-2\">Despu\u00e9s de tomar una decisi\u00f3n, a menudo me pregunto si fue la correcta<\/li>\n<li class=\"pl-2\">A menudo digo \u201es\u00ed\u201c aunque quiera decir \u201eno\u201c.<\/li>\n<li class=\"pl-2\">Evito los enfrentamientos, aunque sean necesarios<\/li>\n<li class=\"pl-2\">Llevo meses posponiendo al menos una decisi\u00f3n importante<\/li>\n<li class=\"pl-2\">A menudo me siento dividido entre varias opciones<\/li>\n<li class=\"pl-2\">Espero a tener \u201ela sensaci\u00f3n adecuada\u201c antes de actuar<\/li>\n<\/ol>\n<p><strong>Evaluaci\u00f3n:<\/strong><br \/>- 0-2 S\u00ed: Su ves\u00edcula biliar es fuerte<br \/>- 3-5 S\u00ed: Su ves\u00edcula biliar necesita apoyo<br \/>- 6-8 S\u00ed: Su ves\u00edcula biliar est\u00e1 significativamente debilitada<\/p>\n<h2>\ud83e\udde0 <strong>Por qu\u00e9 tu cerebro te sabotea<\/strong><\/h2>\n<p>La ciencia confirma el problema:<\/p>\n<p><strong>Fatiga de decisi\u00f3n:<\/strong> Los estudios lo demuestran: Cuanto m\u00e1s<br \/>decisiones que tomas durante el d\u00eda, peores son. Los jueces juzgan peor despu\u00e9s de comer. Los directores ejecutivos toman mejores decisiones por la ma\u00f1ana. Tu cerebro tiene un l\u00edmite.<\/p>\n<p><strong>Par\u00e1lisis por an\u00e1lisis:<\/strong> Un famoso experimento: las personas que ten\u00edan 24 tipos de mermelada para elegir compraron MENOS que las que ten\u00edan 6 tipos. Demasiadas opciones paralizan.<\/p>\n<p><strong>Aversi\u00f3n a la p\u00e9rdida:<\/strong> Psicol\u00f3gicamente, una p\u00e9rdida pesa el doble que una ganancia de igual valor. Por eso, cada vez que tomas una decisi\u00f3n, sientes que est\u00e1s perdiendo algo, porque lo est\u00e1s haciendo. Cada \u201es\u00ed\u201c es un \u201eno\u201c a otra cosa.<\/p>\n<p><strong>El modo de red por defecto:<\/strong> Cuando rumias, se activa en tu cerebro una red que hace que tus pensamientos den vueltas en c\u00edrculo. Cuanto m\u00e1s tiempo rumias, m\u00e1s te hundes, sin resultado alguno.<\/p>\n<p><strong>La soluci\u00f3n no es pensar M\u00c1S.<\/strong> La soluci\u00f3n es actuar de otra manera.<\/p>\n<h2>\ud83c\udf3f <strong>Los 5 pilares para tomar decisiones claras<\/strong><\/h2>\n<h3><strong>1. la regla de los 2 minutos para las peque\u00f1as decisiones<\/strong><\/h3>\n<p>Las peque\u00f1as decisiones consumen mucha energ\u00eda, si se les deja.<\/p>\n<p><strong>La regla:<\/strong> Todas las decisiones que pueden tomarse en 2 minutos se toman INMEDIATAMENTE. Nada de procrastinar. Nada de \u201etodav\u00eda me lo estoy pensando\u201c.\u201c<\/p>\n<p><strong>Ejemplos:<br \/><\/strong><\/p>\n<ul>\n<li>En qu\u00e9 restaurante? \u2192 Primera opci\u00f3n que est\u00e1 bien. Hecho.<\/li>\n<li>Responder a este correo electr\u00f3nico? \u2192 S\u00ed o No. Ahora.<\/li>\n<li>\u00bfQu\u00e9 ponerse? \u2192 Lo primero que me quede bien. Fuera.<\/li>\n<\/ul>\n<p><strong>Por qu\u00e9 funciona:<\/strong> Ahorras energ\u00eda en la toma de decisiones para lo que realmente cuenta.<\/p>\n<p>\u2192 <strong>Desde hoy:<\/strong> Ninguna peque\u00f1a decisi\u00f3n lleva m\u00e1s de 2 minutos.<\/p>\n<h3><strong>2. el m\u00e9todo 10-10-10 para las grandes decisiones<\/strong><\/h3>\n<p>A menudo te falta perspectiva a la hora de tomar decisiones importantes. Este m\u00e9todo te la da.<\/p>\n<p><strong>Las tres preguntas:<br \/><\/strong><\/p>\n<ul>\n<li>\u00bfC\u00f3mo voy a ser <strong>10 minutos<\/strong> sentir cuando tome esa decisi\u00f3n?<\/li>\n<li>Como en <strong>10 meses<\/strong>?<\/li>\n<li>Como en <strong>10 a\u00f1os<\/strong>?<\/li>\n<\/ul>\n<p><strong>Ejemplo: deja tu trabajo:<br \/><\/strong><\/p>\n<ul>\n<li>10 minutos: P\u00e1nico, miedo, \u201e\u00bfQu\u00e9 he hecho?\u201c<\/li>\n<li>10 meses: alivio, nuevo trabajo, nuevas energ\u00edas<\/li>\n<li>10 a\u00f1os: \u201eLa mejor decisi\u00f3n de mi vida\u201c<\/li>\n<\/ul>\n<p>Escr\u00edbelo. La perspectiva lo cambia todo.<\/p>\n<p>\u2192 <strong>Para la pr\u00f3xima gran decisi\u00f3n:<\/strong> Juega hasta el 10-10-10. Escrito.<\/p>\n<h3><strong>3. sinton\u00eda corporal: el instinto no miente<\/strong><\/h3>\n<p>Tu mente puede discutir sin parar. Tu cuerpo no puede.<\/p>\n<p><strong>El ejercicio:<br \/><\/strong><\/p>\n<ul>\n<li>Si\u00e9ntate tranquilamente, cierra los ojos<\/li>\n<li>Imagina que has elegido la opci\u00f3n A. La decisi\u00f3n est\u00e1 tomada.<\/li>\n<li>Siente durante 30 segundos: \u00bfQu\u00e9 est\u00e1 haciendo tu cuerpo?<\/li>\n<li>\u00bfPecho ancho o tenso? \u00bfEst\u00f3mago relajado o tenso? \u00bfHombros sueltos o encorvados?<\/li>\n<li>Pues lo mismo con la opci\u00f3n B<\/li>\n<\/ul>\n<p>La opci\u00f3n que permite a su cuerpo <strong>abre<\/strong>, suele ser correcta.<\/p>\n<p><strong>El truco de lanzar la moneda:<br \/><\/strong><\/p>\n<ul>\n<li>Lanza una moneda (cara = A, cruz = B)<\/li>\n<li>Mira lo que est\u00e1 cayendo<\/li>\n<li>Observa: \u00bfTe sientes aliviado o decepcionado?<\/li>\n<li>La reacci\u00f3n te muestra lo que realmente quieres<\/li>\n<\/ul>\n<p>\u2192 <strong>Pru\u00e9belo hoy mismo:<\/strong> Para una pr\u00f3xima decisi\u00f3n.<\/p>\n<h3><strong>4. el m\u00e9todo del plazo - la presi\u00f3n crea claridad<\/strong><\/h3>\n<p>Una decisi\u00f3n sin fecha l\u00edmite es una reflexi\u00f3n interminable.<\/p>\n<p><strong>As\u00ed es como funciona:<br \/><\/strong><\/p>\n<ul>\n<li>Fija un plazo concreto: \u201eDecidir\u00e9 el viernes a las 18.00\u201c.\u201c<\/li>\n<li>Escr\u00edbelas. Cu\u00e9ntaselas a alguien.<\/li>\n<li>Cuando llegue la fecha l\u00edmite: Decide. Punto final.<\/li>\n<li>Despu\u00e9s de eso: dieta de decisi\u00f3n de 48 horas. No pensar m\u00e1s en ello.<\/li>\n<\/ul>\n<p><strong>Por qu\u00e9 funciona:<\/strong> Tu cerebro funciona mejor bajo presi\u00f3n de tiempo. Ley de Parkinson: una tarea se dilata en el tiempo que le das. Si le dedicas una eternidad, tarda una eternidad.<\/p>\n<p>\u2192 <strong>Ahora:<\/strong> \u00bfQu\u00e9 decisi\u00f3n est\u00e1s aplazando? Fija un plazo. Concretamente.<\/p>\n<h3><strong>5. nutrir la ves\u00edcula biliar - Amargo aporta claridad<\/strong><\/h3>\n<p>La decisi\u00f3n no es s\u00f3lo mental: es f\u00edsica.<\/p>\n<p><strong>Lo amargo y lo \u00e1cido fortalecen la ves\u00edcula biliar:<\/strong><\/p>\n<p><em><strong>Instalar diariamente:<\/strong><br \/><\/em><\/p>\n<ul>\n<li>Por la ma\u00f1ana: Agua tibia con lim\u00f3n (en ayunas)<\/li>\n<li>Almuerzo: Ensalada amarga como entrante (achicoria, radicchio, r\u00facula)<\/li>\n<li>Antes de comer: 1 cucharadita de vinagre de sidra de manzana en agua<\/li>\n<li>Regularmente: alcachofas (frescas, en zumo o en c\u00e1psulas)<\/li>\n<\/ul>\n<p><em>Ev\u00edtalo:<br \/><\/em><\/p>\n<ul>\n<li>Alimentos grasos y fritos (sobrecargan la ves\u00edcula biliar)<\/li>\n<li>Comida copiosa por la noche<\/li>\n<li>Demasiado alcohol<\/li>\n<\/ul>\n<p>\ud83d\udce3 <strong>Consejo secreto:<\/strong> Un \u201echupito de hierba amarga\u201c antes de las decisiones importantes -<br \/>Amargo sueco o zumo de alcachofa. Espera 15 minutos. Luego decide.<\/p>\n<p>\u2192 <strong>Esta semana:<\/strong> Agua con lim\u00f3n todas las ma\u00f1anas. Algo amargo cada mediod\u00eda.<\/p>\n<h2>\ud83d\udccd <strong>Puntos de acupresi\u00f3n para la decisi\u00f3n<\/strong><\/h2>\n<h3><strong>Gb 39 (Xu\u00e1n Zh\u014dng) - \u201eCampana colgante\u201c<\/strong><\/h3>\n<ul>\n<li><strong>D\u00f3nde:<\/strong> Cara externa de la parte inferior de la pierna, 4 dedos de ancho por encima de la parte externa del tobillo<\/li>\n<li><strong>Lo que hace:<\/strong> Punto maestro de la m\u00e9dula - despeja la cabeza, fortalece la ves\u00edcula biliar, favorece la decisi\u00f3n<\/li>\n<li><strong>Cuando:<\/strong> En caso de incertidumbre, vacilaci\u00f3n, \u201eniebla en la cabeza\u201c<\/li>\n<li><strong>C\u00f3mo:<\/strong> Masajear en c\u00edrculos durante 60 segundos, ambos lados<\/li>\n<\/ul>\n<h3><strong>Gb 41 (Z\u00fa L\u00edn Q\u00ec) - \u201eL\u00e1grimas que fluyen\u201c<\/strong><\/h3>\n<ul>\n<li><strong>D\u00f3nde:<\/strong> Dorso del pie, entre el 4\u00ba y 5\u00ba metatarsiano<\/li>\n<li><strong>Lo que hace:<\/strong> Abre el flujo Qi bloqueado, libera los bloqueos de decisi\u00f3n<\/li>\n<li><strong>Cuando:<\/strong> Cuando los pensamientos dan vueltas<\/li>\n<li><strong>C\u00f3mo:<\/strong> Masajear en c\u00edrculos durante 60 segundos, ambos lados<\/li>\n<\/ul>\n<h3><strong>Gb 34 (Y\u00e1ng L\u00edng Qu\u00e1n) - \u201ePrimavera en la colina Yang\u201c<\/strong><\/h3>\n<ul>\n<li><strong>D\u00f3nde:<\/strong> Cara externa de la pantorrilla, por delante y por debajo de la cabeza del peron\u00e9.<\/li>\n<li><strong>Lo que hace:<\/strong> Punto maestro de los tendones - te hace flexible, f\u00edsica Y mentalmente<\/li>\n<li><strong>Cuando:<\/strong> Rigidez de pensamiento: \u201eNo puedo evitarlo\u201c.\u201c<\/li>\n<li><strong>C\u00f3mo:<\/strong> Masajear en c\u00edrculos durante 60 segundos, ambos lados<\/li>\n<\/ul>\n<h3><strong>Le 03 (T\u00e0i Ch\u014dng) \u2014 \u201eGran reuni\u00f3n\u201c<\/strong><\/h3>\n<ul>\n<li><strong>D\u00f3nde:<\/strong> Dorso del pie, entre el dedo gordo y el segundo dedo, 2 dedos de ancho hacia el tobillo.<\/li>\n<li><strong>Lo que hace:<\/strong> Mueve el qi del h\u00edgado - si el h\u00edgado se estanca, la ves\u00edcula biliar no puede funcionar<\/li>\n<li><strong>Cuando:<\/strong> En caso de frustraci\u00f3n, irritabilidad, \u201etodo es demasiado\u201c<\/li>\n<li><strong>C\u00f3mo:<\/strong> Presione en\u00e9rgicamente con un movimiento circular durante 60-90 segundos, ambos lados<\/li>\n<\/ul>\n<p><strong>El ritual:<\/strong> Cada ma\u00f1ana, 5 minutos: Los 4 puntos, en ese orden. Siga durante 2-3 semanas.<\/p>\n<p>\ud83e\udded Puedes encontrar todos los puntos con instrucciones detalladas en nuestro atlas de acupuntura gratuito:<br \/>\ud83d\udc49 <a href=\"https:\/\/www.meine-tcm.com\/es\/atlas-de-acupuntura\/\" target=\"_blank\" rel=\"noopener\">www.meine-tcm.com\/akupunkturatlas<\/a><\/p>\n<h2>\ud83d\udd8a\ufe0f <strong>Su herramienta de autocuidado diario<\/strong><\/h2>\n<p>La acupresi\u00f3n con los dedos es maravillosa. Pero si quieres regalarte algo especial:<\/p>\n<p><strong>El AkuPen<\/strong> - Preciso, exacto, para usted.<\/p>\n<p>Incluido el acceso a nuestro <strong>Videoteca con m\u00e1s de 80 puntos de acupresi\u00f3n<\/strong> - cada una de ellas explicada con la m\u00e1xima calidad.<\/p>\n<p>\ud83d\udc49 <a href=\"https:\/\/www.meine-tcm.com\/es\/producto\/akupen-la-ingeniosa-pluma-de-acupuntura-con-instrucciones-en-video\/\" target=\"_blank\" rel=\"noopener\">www.meine-tcm.com\/produkt\/akupen-der-geniale-akupunkturstift<\/a><\/p>\n<h2>\ud83d\udcab <strong>La verdad inc\u00f3moda<\/strong><\/h2>\n<p>Esto es lo que nadie dice:<\/p>\n<p><strong>No hay decisi\u00f3n correcta.<\/strong><\/p>\n<p>S\u00f3lo hay decisiones que apoyas y decisiones que no apoyas.<\/p>\n<p>Las personas que \u201etoman buenas decisiones\u201c no toman mejores decisiones. Se mantienen firmes en sus decisiones y, por tanto, toman las correctas.<\/p>\n<p>La decisi\u00f3n que no tomas tambi\u00e9n es una decisi\u00f3n. Significa quedarse quieto. Significa: otros deciden por m\u00ed. Significa: renuncio a mi poder.<\/p>\n<p>Y esa es la peor decisi\u00f3n de todas.<\/p>\n<p><strong>La ves\u00edcula biliar no pregunta:<\/strong> \u201e\u00bfQu\u00e9 es lo correcto?\u201c<br \/><strong>Pregunta:<\/strong> \u201e\u00bfQu\u00e9 est\u00e1s haciendo AHORA?\u201c<\/p>\n<p>El camino no se crea delante de ti.<br \/>Se crea debajo de ti, a cada paso.<\/p>\n<p>\u00bfQu\u00e9 decisi\u00f3n llevas semanas aplazando?<\/p>\n<p>Con\u00f3celos.<br \/>Esta semana.<br \/>Y despu\u00e9s: mantente firme.<\/p>\n<h3>\ud83d\udccc <strong>Recomendado<\/strong><\/h3>\n<p>\u2696\ufe0f <strong>\u00bfY su poder de decisi\u00f3n?<\/strong> An\u00e1lisis de MTC gratuito: descubra si tiene debilidad en la ves\u00edcula biliar o estancamiento del Qi del h\u00edgado.<br \/>\ud83d\udc49 <a href=\"https:\/\/www.meine-tcm.com\/es\/analisis-tcm\/\" target=\"_blank\" rel=\"noopener\">www.meine-tcm.com\/tcm-analyse<\/a><\/p>\n<p>\ud83c\udf3f <strong>BS Plus - Para su centro:<\/strong> Si el intestino est\u00e1 sobrecargado, la sensaci\u00f3n visceral se altera. Un intestino sano es la base para tomar decisiones claras.<br \/>\ud83d\udc49 <a href=\"https:\/\/www.meine-tcm.com\/es\/producto\/fibra-dietetica-bs-plus\/\" target=\"_blank\" rel=\"noopener\">www.meine-tcm.com\/produkt\/bs-ballaststoffe-plus<\/a><\/p>\n<p>\ud83c\udf6b <strong>XOCOL\u00c1 - Para la cabeza que nunca para:<\/strong> Dulce sin remordimientos, nutritiva sin agobiarte. \ud83d\udc49 <a href=\"https:\/\/www.meine-tcm.com\/es\/producto\/xocola\/\" target=\"_blank\" rel=\"noopener\">www.meine-tcm.com\/produkt\/xocola<\/a><\/p>\n<p>\ud83d\udcdc <strong>Bolet\u00edn - Sabidur\u00eda TCM mensual:<\/strong> El Emperador Amarillo, Qi Bo y el Dr. Weber dialogan. \ud83d\udc49 <a href=\"https:\/\/www.meine-tcm.com\/es\/inscripcion-al-boletin\/\" target=\"_blank\" rel=\"noopener\">www.meine-tcm.com\/newsletter-anmeldung<\/a><\/p>\n\n\t\t<\/div>\n\t\t\t\t\n<style>\n#col-505922587 > .col-inner {\n  max-width: 800px;\n}\n<\/style>\n\t<\/div>\n\n\t\n\n<\/div>\n\n\t\t<\/div>\n\n\t\t\n<style>\n#section_1067278416 {\n  padding-top: 0px;\n  padding-bottom: 0px;\n}\n<\/style>\n\t<\/section>\n\t\n\t<div id=\"gap-914211119\" class=\"gap-element clearfix\" style=\"display:block; height:auto;\">\n\t\t\n<style>\n#gap-914211119 {\n  padding-top: 60px;\n}\n<\/style>\n\t<\/div>\n\t\n\n\n\t<section class=\"section quote\" id=\"section_2028780767\">\n\t\t<div class=\"section-bg fill\" >\n\t\t\t\t\t\t\t\t\t\n\t\t\t\n\n\t\t<\/div>\n\n\t\t\n\n\t\t<div class=\"section-content relative\">\n\t\t\t\n\n<div class=\"row row-collapse align-center\"  id=\"row-1331013060\">\n\n\n\t<div id=\"col-1344548659\" class=\"col small-12 large-12\"  >\n\t\t\t\t<div class=\"col-inner text-center\"  >\n\t\t\t\n\t\t\t\n\n<p><em>\u201eLa claridad no precede a la decisi\u00f3n.<br \/>Viene a trav\u00e9s de ellos\u201c.\u201c<\/em><\/p>\n<p class=\"quote-from\">Antigua sabidur\u00eda de la MTC<\/p>\n\n\t\t<\/div>\n\t\t\t\t\n<style>\n#col-1344548659 > .col-inner {\n  max-width: 600px;\n}\n<\/style>\n\t<\/div>\n\n\t\n\n<\/div>\n\n\t\t<\/div>\n\n\t\t\n<style>\n#section_2028780767 {\n  padding-top: 60px;\n  padding-bottom: 60px;\n  background-color: rgb(255, 244, 217);\n}\n<\/style>\n\t<\/section>\n\t\n\t<div id=\"gap-528858084\" class=\"gap-element clearfix\" style=\"display:block; height:auto;\">\n\t\t\n<style>\n#gap-528858084 {\n  padding-top: 60px;\n}\n<\/style>\n\t<\/div>\n\t\n\n\n\t<section class=\"section h2\" id=\"section_2063342337\">\n\t\t<div class=\"section-bg fill\" >\n\t\t\t\t\t\t\t\t\t\n\t\t\t\n\n\t\t<\/div>\n\n\t\t\n\n\t\t<div class=\"section-content relative\">\n\t\t\t\n\n<div class=\"row row-collapse align-center\"  id=\"row-398760886\">\n\n\n\t<div id=\"col-1704753391\" class=\"col small-12 large-12\"  >\n\t\t\t\t<div class=\"col-inner text-center\"  >\n\t\t\t\n\t\t\t\n\n<h2>Otros consejos y art\u00edculos interesantes<\/h2>\n\n\t\t<\/div>\n\t\t\t\t\n<style>\n#col-1704753391 > .col-inner {\n  max-width: 960px;\n}\n<\/style>\n\t<\/div>\n\n\t\n\n<\/div>\n\n\t\t<\/div>\n\n\t\t\n<style>\n#section_2063342337 {\n  padding-top: 0px;\n  padding-bottom: 0px;\n}\n<\/style>\n\t<\/section>\n\t\n\n\t<section class=\"section blogposts-overview\" id=\"section_1141242296\">\n\t\t<div class=\"section-bg fill\" >\n\t\t\t\t\t\t\t\t\t\n\t\t\t\n\n\t\t<\/div>\n\n\t\t\n\n\t\t<div class=\"section-content relative\">\n\t\t\t\n\n<div class=\"row\"  id=\"row-470345368\">\n\n\n\t<div id=\"col-2025998439\" class=\"col small-12 large-12\"  >\n\t\t\t\t<div class=\"col-inner text-center\"  >\n\t\t\t\n\t\t\t\n\n  <style>\n    #row-1269911567 .grid-col-1{height: 600px}\n    #row-1269911567 .grid-col-1-2{height: 300px}\n    #row-1269911567 .grid-col-1-3{height:200px}\n    #row-1269911567 .grid-col-2-3{height: 400px}\n    #row-1269911567 .grid-col-1-4{height: 150px}\n    #row-1269911567 .grid-col-3-4{height: 450px}\n\n\n        \/* Tablet *\/\n    @media (max-width: 850px){\n      #row-1269911567 .grid-col-1{height: 400px}\n      #row-1269911567 .grid-col-1-2{height: 200px}\n      #row-1269911567 .grid-col-1-3{height:133.33333333333px}\n      #row-1269911567 .grid-col-2-3{height: 266.66666666667px}\n      #row-1269911567 .grid-col-1-4{height: 100px}\n      #row-1269911567 .grid-col-3-4{height: 300px}\n    }\n    \n        \/* Mobile *\/\n    @media (max-width: 550px){\n      #row-1269911567 .grid-col-1{height: 400px}\n      #row-1269911567 .grid-col-1-2{height: 200px}\n      #row-1269911567 .grid-col-1-3{height:133.33333333333px}\n      #row-1269911567 .grid-col-2-3{height: 266.66666666667px}\n      #row-1269911567 .grid-col-1-4{height: 100px}\n      #row-1269911567 .grid-col-3-4{height: 300px}\n    }\n    \n\n  <\/style>\n  \n  \n    <div id=\"row-1269911567\" class=\"row row-small row-full-width row-grid\" data-packery-options='{\"itemSelector\": \".col\", \"gutter\": 0, \"presentageWidth\" : true}'>\n\n  <div class=\"col post-item grid-col grid-col-1 large-6 medium-12\" >\n\t\t\t<div class=\"col-inner\">\n\t\t\t\t<div class=\"box box-default box-text-bottom box-blog-post has-hover\">\n            \t\t\t\t\t<div class=\"box-image\" >\n  \t\t\t\t\t\t<div class=\"image-cover\" style=\"padding-top:56%;\">\n\t\t\t\t\t\t\t<a href=\"https:\/\/www.meine-tcm.com\/es\/warum-gerade-alles-so-anstrengend-ist\/\" class=\"plain\" aria-label=\"Warum gerade alles so anstrengend ist\">\n\t\t\t\t\t\t\t\t<img loading=\"lazy\" decoding=\"async\" width=\"400\" height=\"400\" src=\"https:\/\/www.meine-tcm.com\/wp-content\/uploads\/2026\/04\/dojo-april-beitrag-5-400x400.jpg\" class=\"attachment-medium size-medium wp-post-image\" alt=\"Du bist nicht verloren. Du bist im \u00dcbergang.\" srcset=\"https:\/\/www.meine-tcm.com\/wp-content\/uploads\/2026\/04\/dojo-april-beitrag-5-400x400.jpg 400w, https:\/\/www.meine-tcm.com\/wp-content\/uploads\/2026\/04\/dojo-april-beitrag-5-100x100.jpg 100w, https:\/\/www.meine-tcm.com\/wp-content\/uploads\/2026\/04\/dojo-april-beitrag-5-510x510.jpg 510w, https:\/\/www.meine-tcm.com\/wp-content\/uploads\/2026\/04\/dojo-april-beitrag-5-800x800.jpg 800w, https:\/\/www.meine-tcm.com\/wp-content\/uploads\/2026\/04\/dojo-april-beitrag-5-280x280.jpg 280w, https:\/\/www.meine-tcm.com\/wp-content\/uploads\/2026\/04\/dojo-april-beitrag-5-768x768.jpg 768w, https:\/\/www.meine-tcm.com\/wp-content\/uploads\/2026\/04\/dojo-april-beitrag-5-1536x1536.jpg 1536w, https:\/\/www.meine-tcm.com\/wp-content\/uploads\/2026\/04\/dojo-april-beitrag-5-2048x2048.jpg 2048w, https:\/\/www.meine-tcm.com\/wp-content\/uploads\/2026\/04\/dojo-april-beitrag-5-12x12.jpg 12w\" sizes=\"auto, (max-width: 400px) 100vw, 400px\" title=\"Du bist nicht verloren. Du bist im \u00dcbergang.\" \/>\t\t\t\t\t\t\t<\/a>\n  \t\t\t\t\t\t\t  \t\t\t\t\t\t\t  \t\t\t\t\t\t<\/div>\n  \t\t\t\t\t\t  \t\t\t\t\t<\/div>\n          \t\t\t\t\t<div class=\"box-text text-center\" >\n\t\t\t\t\t<div class=\"box-text-inner blog-post-inner\">\n\n\t\t\t\t\t\n\t\t\t\t\t\t\t\t\t\t\t<p class=\"cat-label  is-xxsmall op-7 uppercase\">\n\t\t\t\t\tConsejo TCM de la semana \t\t\t\t\t<\/p>\n\t\t\t\t\t\t\t\t\t\t<h5 class=\"post-title is-large\">\n\t\t\t\t\t\t<a href=\"https:\/\/www.meine-tcm.com\/es\/warum-gerade-alles-so-anstrengend-ist\/\" class=\"plain\">Warum gerade alles so anstrengend ist<\/a>\n\t\t\t\t\t<\/h5>\n\t\t\t\t\t\t\t\t\t\t<div class=\"is-divider\"><\/div>\n\t\t\t\t\t\t\t\t\t\t<p class=\"from_the_blog_excerpt\">\n\t\t\t\t\t\tEs gibt Tage, die geh\u00f6ren keiner Jahreszeit. Sie liegen dazwischen \u2014 wie ein Atemholen der Natur. Du sp\u00fcrst es, ohne es\u2026\t\t\t\t\t<\/p>\n\t\t\t\t\t                    \n\t\t\t\t\t\n\t\t\t\t\t\n\t\t\t\t\t<\/div>\n\t\t\t\t\t<\/div>\n\t\t\t\t\t\t\t\t\t\t\t\t\t\t\t\t<div class=\"badge absolute top post-date badge-outline\">\n\t\t\t\t\t\t\t<div class=\"badge-inner\">\n\t\t\t\t\t\t\t\t<span class=\"post-date-day\">28<\/span><br>\n\t\t\t\t\t\t\t\t<span class=\"post-date-month is-xsmall\">Abr<\/span>\n\t\t\t\t\t\t\t<\/div>\n\t\t\t\t\t\t<\/div>\n\t\t\t\t\t\t\t\t\t<\/div>\n\t\t\t<\/div>\n\t\t<\/div><div class=\"col post-item grid-col grid-col-1 large-3 medium-6\" >\n\t\t\t<div class=\"col-inner\">\n\t\t\t\t<div class=\"box box-default box-text-bottom box-blog-post has-hover\">\n            \t\t\t\t\t<div class=\"box-image\" >\n  \t\t\t\t\t\t<div class=\"image-cover\" style=\"padding-top:56%;\">\n\t\t\t\t\t\t\t<a href=\"https:\/\/www.meine-tcm.com\/es\/muede-aber-nicht-schlaefrig-warum-du-trotzdem-nicht-einschlafen-kannst\/\" class=\"plain\" aria-label=\"M\u00fcde ist nicht schl\u00e4frig \u2014 Warum du trotzdem nicht einschlafen kannst\">\n\t\t\t\t\t\t\t\t<img loading=\"lazy\" decoding=\"async\" width=\"536\" height=\"400\" src=\"https:\/\/www.meine-tcm.com\/wp-content\/uploads\/2026\/04\/3-Weisen-Schlafstoerungen-Gruppenfoto-1066x796-1-536x400.jpg\" class=\"attachment-medium size-medium wp-post-image\" alt=\"Q\u00ed B\u00f3 | Der Gelbe Kaiser Huangdi | Zhang Zhongjing | Dr. Weber\" srcset=\"https:\/\/www.meine-tcm.com\/wp-content\/uploads\/2026\/04\/3-Weisen-Schlafstoerungen-Gruppenfoto-1066x796-1-536x400.jpg 536w, https:\/\/www.meine-tcm.com\/wp-content\/uploads\/2026\/04\/3-Weisen-Schlafstoerungen-Gruppenfoto-1066x796-1-768x573.jpg 768w, https:\/\/www.meine-tcm.com\/wp-content\/uploads\/2026\/04\/3-Weisen-Schlafstoerungen-Gruppenfoto-1066x796-1-16x12.jpg 16w, https:\/\/www.meine-tcm.com\/wp-content\/uploads\/2026\/04\/3-Weisen-Schlafstoerungen-Gruppenfoto-1066x796-1-510x381.jpg 510w, https:\/\/www.meine-tcm.com\/wp-content\/uploads\/2026\/04\/3-Weisen-Schlafstoerungen-Gruppenfoto-1066x796-1.jpg 1066w\" sizes=\"auto, (max-width: 536px) 100vw, 536px\" title=\"Frag den Gelben Kaiser Shooting (BTS) - Mai 2026\" \/>\t\t\t\t\t\t\t<\/a>\n  \t\t\t\t\t\t\t  \t\t\t\t\t\t\t  \t\t\t\t\t\t<\/div>\n  \t\t\t\t\t\t  \t\t\t\t\t<\/div>\n          \t\t\t\t\t<div class=\"box-text text-center\" >\n\t\t\t\t\t<div class=\"box-text-inner blog-post-inner\">\n\n\t\t\t\t\t\n\t\t\t\t\t\t\t\t\t\t\t<p class=\"cat-label  is-xxsmall op-7 uppercase\">\n\t\t\t\t\tExplicaci\u00f3n general de la MTC \t\t\t\t\t<\/p>\n\t\t\t\t\t\t\t\t\t\t<h5 class=\"post-title is-large\">\n\t\t\t\t\t\t<a href=\"https:\/\/www.meine-tcm.com\/es\/muede-aber-nicht-schlaefrig-warum-du-trotzdem-nicht-einschlafen-kannst\/\" class=\"plain\">M\u00fcde ist nicht schl\u00e4frig \u2014 Warum du trotzdem nicht einschlafen kannst<\/a>\n\t\t\t\t\t<\/h5>\n\t\t\t\t\t\t\t\t\t\t<div class=\"is-divider\"><\/div>\n\t\t\t\t\t\t\t\t\t\t<p class=\"from_the_blog_excerpt\">\n\t\t\t\t\t\tDu liegst im Bett. Todm\u00fcde. Und dein Kopf dreht weiter. Du drehst dich um. Schaust auf die Uhr. Und je mehr\u2026\t\t\t\t\t<\/p>\n\t\t\t\t\t                    \n\t\t\t\t\t\n\t\t\t\t\t\n\t\t\t\t\t<\/div>\n\t\t\t\t\t<\/div>\n\t\t\t\t\t\t\t\t\t\t\t\t\t\t\t\t<div class=\"badge absolute top post-date badge-outline\">\n\t\t\t\t\t\t\t<div class=\"badge-inner\">\n\t\t\t\t\t\t\t\t<span class=\"post-date-day\">24<\/span><br>\n\t\t\t\t\t\t\t\t<span class=\"post-date-month is-xsmall\">Abr<\/span>\n\t\t\t\t\t\t\t<\/div>\n\t\t\t\t\t\t<\/div>\n\t\t\t\t\t\t\t\t\t<\/div>\n\t\t\t<\/div>\n\t\t<\/div><div class=\"col post-item grid-col grid-col-1-2 large-3 medium-6\" >\n\t\t\t<div class=\"col-inner\">\n\t\t\t\t<div class=\"box box-default box-text-bottom box-blog-post has-hover\">\n            \t\t\t\t\t<div class=\"box-image\" >\n  \t\t\t\t\t\t<div class=\"image-cover\" style=\"padding-top:56%;\">\n\t\t\t\t\t\t\t<a href=\"https:\/\/www.meine-tcm.com\/es\/wenn-der-schlaf-nicht-kommt-obwohl-du-muede-bist-leitfaden\/\" class=\"plain\" aria-label=\"Wenn der Schlaf nicht kommt, obwohl du m\u00fcde bist\">\n\t\t\t\t\t\t\t\t<img loading=\"lazy\" decoding=\"async\" width=\"280\" height=\"280\" src=\"https:\/\/www.meine-tcm.com\/wp-content\/uploads\/2026\/04\/schlaf-leitfaden-280x280.jpg\" class=\"attachment-thumbnail size-thumbnail wp-post-image\" alt=\"Wer dem Tag kein Ende schenkt, dem schenkt die nacht keine Tiefe.\" srcset=\"https:\/\/www.meine-tcm.com\/wp-content\/uploads\/2026\/04\/schlaf-leitfaden-280x280.jpg 280w, https:\/\/www.meine-tcm.com\/wp-content\/uploads\/2026\/04\/schlaf-leitfaden-400x400.jpg 400w, https:\/\/www.meine-tcm.com\/wp-content\/uploads\/2026\/04\/schlaf-leitfaden-800x800.jpg 800w, https:\/\/www.meine-tcm.com\/wp-content\/uploads\/2026\/04\/schlaf-leitfaden-768x768.jpg 768w, https:\/\/www.meine-tcm.com\/wp-content\/uploads\/2026\/04\/schlaf-leitfaden-1536x1536.jpg 1536w, https:\/\/www.meine-tcm.com\/wp-content\/uploads\/2026\/04\/schlaf-leitfaden-2048x2048.jpg 2048w, https:\/\/www.meine-tcm.com\/wp-content\/uploads\/2026\/04\/schlaf-leitfaden-12x12.jpg 12w, https:\/\/www.meine-tcm.com\/wp-content\/uploads\/2026\/04\/schlaf-leitfaden-510x510.jpg 510w, https:\/\/www.meine-tcm.com\/wp-content\/uploads\/2026\/04\/schlaf-leitfaden-100x100.jpg 100w\" sizes=\"auto, (max-width: 280px) 100vw, 280px\" title=\"Wer dem Tag kein Ende schenkt, dem schenkt die nacht keine Tiefe.\" \/>\t\t\t\t\t\t\t<\/a>\n  \t\t\t\t\t\t\t  \t\t\t\t\t\t\t  \t\t\t\t\t\t<\/div>\n  \t\t\t\t\t\t  \t\t\t\t\t<\/div>\n          \t\t\t\t\t<div class=\"box-text text-center\" >\n\t\t\t\t\t<div class=\"box-text-inner blog-post-inner\">\n\n\t\t\t\t\t\n\t\t\t\t\t\t\t\t\t\t\t<p class=\"cat-label  is-xxsmall op-7 uppercase\">\n\t\t\t\t\tConsejo TCM de la semana \t\t\t\t\t<\/p>\n\t\t\t\t\t\t\t\t\t\t<h5 class=\"post-title is-large\">\n\t\t\t\t\t\t<a href=\"https:\/\/www.meine-tcm.com\/es\/wenn-der-schlaf-nicht-kommt-obwohl-du-muede-bist-leitfaden\/\" class=\"plain\">Wenn der Schlaf nicht kommt, obwohl du m\u00fcde bist<\/a>\n\t\t\t\t\t<\/h5>\n\t\t\t\t\t\t\t\t\t\t<div class=\"is-divider\"><\/div>\n\t\t\t\t\t                    \n\t\t\t\t\t\n\t\t\t\t\t\n\t\t\t\t\t<\/div>\n\t\t\t\t\t<\/div>\n\t\t\t\t\t\t\t\t\t\t\t\t\t\t\t\t<div class=\"badge absolute top post-date badge-outline\">\n\t\t\t\t\t\t\t<div class=\"badge-inner\">\n\t\t\t\t\t\t\t\t<span class=\"post-date-day\">24<\/span><br>\n\t\t\t\t\t\t\t\t<span class=\"post-date-month is-xsmall\">Abr<\/span>\n\t\t\t\t\t\t\t<\/div>\n\t\t\t\t\t\t<\/div>\n\t\t\t\t\t\t\t\t\t<\/div>\n\t\t\t<\/div>\n\t\t<\/div><div class=\"col post-item has-post-icon grid-col grid-col-1-2 large-3 medium-6\" >\n\t\t\t<div class=\"col-inner\">\n\t\t\t\t<div class=\"box box-default box-text-bottom box-blog-post has-hover\">\n            \t\t\t\t\t<div class=\"box-image\" >\n  \t\t\t\t\t\t<div class=\"image-cover\" style=\"padding-top:56%;\">\n\t\t\t\t\t\t\t<a href=\"https:\/\/www.meine-tcm.com\/es\/retreat-qi-gong-tao-breathwork-oktober-2026\/\" class=\"plain\" aria-label=\"RETREAT: Qi Gong &#038; TAO Breathwork (Oktober 2026)\">\n\t\t\t\t\t\t\t\t<img loading=\"lazy\" decoding=\"async\" width=\"280\" height=\"280\" src=\"https:\/\/www.meine-tcm.com\/wp-content\/uploads\/2026\/04\/qi-gong-retreat-herbst-leutasch-960-280x280.jpg\" class=\"attachment-thumbnail size-thumbnail wp-post-image\" alt=\"Qi Gong Retreat in Leutasch, Tirol im Herbst\" srcset=\"https:\/\/www.meine-tcm.com\/wp-content\/uploads\/2026\/04\/qi-gong-retreat-herbst-leutasch-960-280x280.jpg 280w, https:\/\/www.meine-tcm.com\/wp-content\/uploads\/2026\/04\/qi-gong-retreat-herbst-leutasch-960-100x100.jpg 100w\" sizes=\"auto, (max-width: 280px) 100vw, 280px\" title=\"Qi Gong Retreat in Leutasch, Tirol im Herbst\" \/>\t\t\t\t\t\t\t<\/a>\n  \t\t\t\t\t\t\t  \t\t\t\t\t\t\t  \t\t\t\t\t\t<\/div>\n  \t\t\t\t\t\t  \t\t\t\t\t\t\t<div class=\"absolute no-click x50 y50 md-x50 md-y50 lg-x50 lg-y50\">\n  \t\t\t\t            \t<div class=\"overlay-icon\">\n  \t\t\t\t                    <i class=\"icon-play\" aria-hidden=\"true\"><\/i>  \t\t\t\t                <\/div>\n  \t\t\t\t            <\/div>\n  \t\t\t\t\t\t  \t\t\t\t\t<\/div>\n          \t\t\t\t\t<div class=\"box-text text-center\" >\n\t\t\t\t\t<div class=\"box-text-inner blog-post-inner\">\n\n\t\t\t\t\t\n\t\t\t\t\t\t\t\t\t\t\t<p class=\"cat-label  is-xxsmall op-7 uppercase\">\n\t\t\t\t\tAllgemein Retreats \t\t\t\t\t<\/p>\n\t\t\t\t\t\t\t\t\t\t<h5 class=\"post-title is-large\">\n\t\t\t\t\t\t<a href=\"https:\/\/www.meine-tcm.com\/es\/retreat-qi-gong-tao-breathwork-oktober-2026\/\" class=\"plain\">RETREAT: Qi Gong &#038; TAO Breathwork (Oktober 2026)<\/a>\n\t\t\t\t\t<\/h5>\n\t\t\t\t\t\t\t\t\t\t<div class=\"is-divider\"><\/div>\n\t\t\t\t\t                    \n\t\t\t\t\t\n\t\t\t\t\t\n\t\t\t\t\t<\/div>\n\t\t\t\t\t<\/div>\n\t\t\t\t\t\t\t\t\t\t\t\t\t\t\t\t<div class=\"badge absolute top post-date badge-outline\">\n\t\t\t\t\t\t\t<div class=\"badge-inner\">\n\t\t\t\t\t\t\t\t<span class=\"post-date-day\">22<\/span><br>\n\t\t\t\t\t\t\t\t<span class=\"post-date-month is-xsmall\">Abr<\/span>\n\t\t\t\t\t\t\t<\/div>\n\t\t\t\t\t\t<\/div>\n\t\t\t\t\t\t\t\t\t<\/div>\n\t\t\t<\/div>\n\t\t<\/div><div class=\"col post-item grid-col grid-col-1-2 large-3 medium-6\" >\n\t\t\t<div class=\"col-inner\">\n\t\t\t\t<div class=\"box box-default box-text-bottom box-blog-post has-hover\">\n            \t\t\t\t\t<div class=\"box-image\" >\n  \t\t\t\t\t\t<div class=\"image-cover\" style=\"padding-top:56%;\">\n\t\t\t\t\t\t\t<a href=\"https:\/\/www.meine-tcm.com\/es\/wenn-der-schlaf-nicht-kommt-obwohl-du-muede-bist\/\" class=\"plain\" aria-label=\"Wenn der Schlaf nicht kommt, obwohl du m\u00fcde bist\">\n\t\t\t\t\t\t\t\t<img loading=\"lazy\" decoding=\"async\" width=\"280\" height=\"280\" src=\"https:\/\/www.meine-tcm.com\/wp-content\/uploads\/2026\/01\/laengere-tage-melatonin-seratonin-druck-mai-beitrag-1-280x280.jpg\" class=\"attachment-thumbnail size-thumbnail wp-post-image\" alt=\"Wer die Schwelle am Abend verpasst, nimmt den Tag mit in die Nacht.\" srcset=\"https:\/\/www.meine-tcm.com\/wp-content\/uploads\/2026\/01\/laengere-tage-melatonin-seratonin-druck-mai-beitrag-1-280x280.jpg 280w, https:\/\/www.meine-tcm.com\/wp-content\/uploads\/2026\/01\/laengere-tage-melatonin-seratonin-druck-mai-beitrag-1-100x100.jpg 100w, https:\/\/www.meine-tcm.com\/wp-content\/uploads\/2026\/01\/laengere-tage-melatonin-seratonin-druck-mai-beitrag-1-510x510.jpg 510w, https:\/\/www.meine-tcm.com\/wp-content\/uploads\/2026\/01\/laengere-tage-melatonin-seratonin-druck-mai-beitrag-1-400x400.jpg 400w, https:\/\/www.meine-tcm.com\/wp-content\/uploads\/2026\/01\/laengere-tage-melatonin-seratonin-druck-mai-beitrag-1-800x800.jpg 800w, https:\/\/www.meine-tcm.com\/wp-content\/uploads\/2026\/01\/laengere-tage-melatonin-seratonin-druck-mai-beitrag-1-768x768.jpg 768w, https:\/\/www.meine-tcm.com\/wp-content\/uploads\/2026\/01\/laengere-tage-melatonin-seratonin-druck-mai-beitrag-1-1536x1536.jpg 1536w, https:\/\/www.meine-tcm.com\/wp-content\/uploads\/2026\/01\/laengere-tage-melatonin-seratonin-druck-mai-beitrag-1-2048x2048.jpg 2048w, https:\/\/www.meine-tcm.com\/wp-content\/uploads\/2026\/01\/laengere-tage-melatonin-seratonin-druck-mai-beitrag-1-12x12.jpg 12w\" sizes=\"auto, (max-width: 280px) 100vw, 280px\" title=\"Wer die Schwelle am Abend verpasst, nimmt den Tag mit in die Nacht.\" \/>\t\t\t\t\t\t\t<\/a>\n  \t\t\t\t\t\t\t  \t\t\t\t\t\t\t  \t\t\t\t\t\t<\/div>\n  \t\t\t\t\t\t  \t\t\t\t\t<\/div>\n          \t\t\t\t\t<div class=\"box-text text-center\" >\n\t\t\t\t\t<div class=\"box-text-inner blog-post-inner\">\n\n\t\t\t\t\t\n\t\t\t\t\t\t\t\t\t\t\t<p class=\"cat-label  is-xxsmall op-7 uppercase\">\n\t\t\t\t\tConsejo TCM de la semana \t\t\t\t\t<\/p>\n\t\t\t\t\t\t\t\t\t\t<h5 class=\"post-title is-large\">\n\t\t\t\t\t\t<a href=\"https:\/\/www.meine-tcm.com\/es\/wenn-der-schlaf-nicht-kommt-obwohl-du-muede-bist\/\" class=\"plain\">Wenn der Schlaf nicht kommt, obwohl du m\u00fcde bist<\/a>\n\t\t\t\t\t<\/h5>\n\t\t\t\t\t\t\t\t\t\t<div class=\"is-divider\"><\/div>\n\t\t\t\t\t                    \n\t\t\t\t\t\n\t\t\t\t\t\n\t\t\t\t\t<\/div>\n\t\t\t\t\t<\/div>\n\t\t\t\t\t\t\t\t\t\t\t\t\t\t\t\t<div class=\"badge absolute top post-date badge-outline\">\n\t\t\t\t\t\t\t<div class=\"badge-inner\">\n\t\t\t\t\t\t\t\t<span class=\"post-date-day\">21<\/span><br>\n\t\t\t\t\t\t\t\t<span class=\"post-date-month is-xsmall\">Abr<\/span>\n\t\t\t\t\t\t\t<\/div>\n\t\t\t\t\t\t<\/div>\n\t\t\t\t\t\t\t\t\t<\/div>\n\t\t\t<\/div>\n\t\t<\/div><div class=\"col post-item grid-col grid-col-1-2 large-3 medium-6\" >\n\t\t\t<div class=\"col-inner\">\n\t\t\t\t<div class=\"box box-default box-text-bottom box-blog-post has-hover\">\n            \t\t\t\t\t<div class=\"box-image\" >\n  \t\t\t\t\t\t<div class=\"image-cover\" style=\"padding-top:56%;\">\n\t\t\t\t\t\t\t<a href=\"https:\/\/www.meine-tcm.com\/es\/warum-du-zwischen-1-und-3-uhr-aufwachst\/\" class=\"plain\" aria-label=\"Por qu\u00e9 te despiertas entre la 1 y las 3 de la madrugada\">\n\t\t\t\t\t\t\t\t<img loading=\"lazy\" decoding=\"async\" width=\"280\" height=\"280\" src=\"https:\/\/www.meine-tcm.com\/wp-content\/uploads\/2026\/01\/schlafstoerungen-april-beitrag-4-280x280.jpg\" class=\"attachment-thumbnail size-thumbnail wp-post-image\" alt=\"La noche tiene un mensaje. \u00bfPuedes o\u00edrlo?\" srcset=\"https:\/\/www.meine-tcm.com\/wp-content\/uploads\/2026\/01\/schlafstoerungen-april-beitrag-4-280x280.jpg 280w, https:\/\/www.meine-tcm.com\/wp-content\/uploads\/2026\/01\/schlafstoerungen-april-beitrag-4-100x100.jpg 100w, https:\/\/www.meine-tcm.com\/wp-content\/uploads\/2026\/01\/schlafstoerungen-april-beitrag-4-510x510.jpg 510w, https:\/\/www.meine-tcm.com\/wp-content\/uploads\/2026\/01\/schlafstoerungen-april-beitrag-4-400x400.jpg 400w, https:\/\/www.meine-tcm.com\/wp-content\/uploads\/2026\/01\/schlafstoerungen-april-beitrag-4-800x800.jpg 800w, https:\/\/www.meine-tcm.com\/wp-content\/uploads\/2026\/01\/schlafstoerungen-april-beitrag-4-768x768.jpg 768w, https:\/\/www.meine-tcm.com\/wp-content\/uploads\/2026\/01\/schlafstoerungen-april-beitrag-4-1536x1536.jpg 1536w, https:\/\/www.meine-tcm.com\/wp-content\/uploads\/2026\/01\/schlafstoerungen-april-beitrag-4-2048x2048.jpg 2048w, https:\/\/www.meine-tcm.com\/wp-content\/uploads\/2026\/01\/schlafstoerungen-april-beitrag-4-12x12.jpg 12w\" sizes=\"auto, (max-width: 280px) 100vw, 280px\" title=\"La noche tiene un mensaje. \u00bfPuedes o\u00edrlo?\" \/>\t\t\t\t\t\t\t<\/a>\n  \t\t\t\t\t\t\t  \t\t\t\t\t\t\t  \t\t\t\t\t\t<\/div>\n  \t\t\t\t\t\t  \t\t\t\t\t<\/div>\n          \t\t\t\t\t<div class=\"box-text text-center\" >\n\t\t\t\t\t<div class=\"box-text-inner blog-post-inner\">\n\n\t\t\t\t\t\n\t\t\t\t\t\t\t\t\t\t\t<p class=\"cat-label  is-xxsmall op-7 uppercase\">\n\t\t\t\t\tConsejo TCM de la semana \t\t\t\t\t<\/p>\n\t\t\t\t\t\t\t\t\t\t<h5 class=\"post-title is-large\">\n\t\t\t\t\t\t<a href=\"https:\/\/www.meine-tcm.com\/es\/warum-du-zwischen-1-und-3-uhr-aufwachst\/\" class=\"plain\">Por qu\u00e9 te despiertas entre la 1 y las 3 de la madrugada<\/a>\n\t\t\t\t\t<\/h5>\n\t\t\t\t\t\t\t\t\t\t<div class=\"is-divider\"><\/div>\n\t\t\t\t\t                    \n\t\t\t\t\t\n\t\t\t\t\t\n\t\t\t\t\t<\/div>\n\t\t\t\t\t<\/div>\n\t\t\t\t\t\t\t\t\t\t\t\t\t\t\t\t<div class=\"badge absolute top post-date badge-outline\">\n\t\t\t\t\t\t\t<div class=\"badge-inner\">\n\t\t\t\t\t\t\t\t<span class=\"post-date-day\">14<\/span><br>\n\t\t\t\t\t\t\t\t<span class=\"post-date-month is-xsmall\">Abr<\/span>\n\t\t\t\t\t\t\t<\/div>\n\t\t\t\t\t\t<\/div>\n\t\t\t\t\t\t\t\t\t<\/div>\n\t\t\t<\/div>\n\t\t<\/div><div class=\"col post-item grid-col grid-col-1-2 large-3 medium-6\" >\n\t\t\t<div class=\"col-inner\">\n\t\t\t\t<div class=\"box box-default box-text-bottom box-blog-post has-hover\">\n            \t\t\t\t\t<div class=\"box-image\" >\n  \t\t\t\t\t\t<div class=\"image-cover\" style=\"padding-top:56%;\">\n\t\t\t\t\t\t\t<a href=\"https:\/\/www.meine-tcm.com\/es\/wieder-geschmeidig-werden-in-jedem-alter\/\" class=\"plain\" aria-label=\"Recuperar la flexibilidad a cualquier edad\">\n\t\t\t\t\t\t\t\t<img loading=\"lazy\" decoding=\"async\" width=\"280\" height=\"280\" src=\"https:\/\/www.meine-tcm.com\/wp-content\/uploads\/2026\/01\/steifheit-april-beitrag-2-280x280.jpg\" class=\"attachment-thumbnail size-thumbnail wp-post-image\" alt=\"Una vez fuiste un ni\u00f1o que bailaba. Tu cuerpo no lo ha olvidado.\" srcset=\"https:\/\/www.meine-tcm.com\/wp-content\/uploads\/2026\/01\/steifheit-april-beitrag-2-280x280.jpg 280w, https:\/\/www.meine-tcm.com\/wp-content\/uploads\/2026\/01\/steifheit-april-beitrag-2-100x100.jpg 100w, https:\/\/www.meine-tcm.com\/wp-content\/uploads\/2026\/01\/steifheit-april-beitrag-2-510x510.jpg 510w, https:\/\/www.meine-tcm.com\/wp-content\/uploads\/2026\/01\/steifheit-april-beitrag-2-400x400.jpg 400w, https:\/\/www.meine-tcm.com\/wp-content\/uploads\/2026\/01\/steifheit-april-beitrag-2-800x800.jpg 800w, https:\/\/www.meine-tcm.com\/wp-content\/uploads\/2026\/01\/steifheit-april-beitrag-2-768x768.jpg 768w, https:\/\/www.meine-tcm.com\/wp-content\/uploads\/2026\/01\/steifheit-april-beitrag-2-1536x1536.jpg 1536w, https:\/\/www.meine-tcm.com\/wp-content\/uploads\/2026\/01\/steifheit-april-beitrag-2-2048x2048.jpg 2048w, https:\/\/www.meine-tcm.com\/wp-content\/uploads\/2026\/01\/steifheit-april-beitrag-2-12x12.jpg 12w\" sizes=\"auto, (max-width: 280px) 100vw, 280px\" title=\"Una vez fuiste un ni\u00f1o que bailaba. Tu cuerpo no lo ha olvidado.\" \/>\t\t\t\t\t\t\t<\/a>\n  \t\t\t\t\t\t\t  \t\t\t\t\t\t\t  \t\t\t\t\t\t<\/div>\n  \t\t\t\t\t\t  \t\t\t\t\t<\/div>\n          \t\t\t\t\t<div class=\"box-text text-center\" >\n\t\t\t\t\t<div class=\"box-text-inner blog-post-inner\">\n\n\t\t\t\t\t\n\t\t\t\t\t\t\t\t\t\t\t<p class=\"cat-label  is-xxsmall op-7 uppercase\">\n\t\t\t\t\tConsejo TCM de la semana \t\t\t\t\t<\/p>\n\t\t\t\t\t\t\t\t\t\t<h5 class=\"post-title is-large\">\n\t\t\t\t\t\t<a href=\"https:\/\/www.meine-tcm.com\/es\/wieder-geschmeidig-werden-in-jedem-alter\/\" class=\"plain\">Recuperar la flexibilidad a cualquier edad<\/a>\n\t\t\t\t\t<\/h5>\n\t\t\t\t\t\t\t\t\t\t<div class=\"is-divider\"><\/div>\n\t\t\t\t\t                    \n\t\t\t\t\t\n\t\t\t\t\t\n\t\t\t\t\t<\/div>\n\t\t\t\t\t<\/div>\n\t\t\t\t\t\t\t\t\t\t\t\t\t\t\t\t<div class=\"badge absolute top post-date badge-outline\">\n\t\t\t\t\t\t\t<div class=\"badge-inner\">\n\t\t\t\t\t\t\t\t<span class=\"post-date-day\">07<\/span><br>\n\t\t\t\t\t\t\t\t<span class=\"post-date-month is-xsmall\">Abr<\/span>\n\t\t\t\t\t\t\t<\/div>\n\t\t\t\t\t\t<\/div>\n\t\t\t\t\t\t\t\t\t<\/div>\n\t\t\t<\/div>\n\t\t<\/div><div class=\"col post-item grid-col grid-col-1-2 large-3 medium-6\" >\n\t\t\t<div class=\"col-inner\">\n\t\t\t\t<div class=\"box box-default box-text-bottom box-blog-post has-hover\">\n            \t\t\t\t\t<div class=\"box-image\" >\n  \t\t\t\t\t\t<div class=\"image-cover\" style=\"padding-top:56%;\">\n\t\t\t\t\t\t\t<a href=\"https:\/\/www.meine-tcm.com\/es\/wetterfuehlig-das-problem-ist-nicht-das-wetter\/\" class=\"plain\" aria-label=\"\u00bfSensible al tiempo? El problema no es el tiempo\">\n\t\t\t\t\t\t\t\t<img loading=\"lazy\" decoding=\"async\" width=\"280\" height=\"280\" src=\"https:\/\/www.meine-tcm.com\/wp-content\/uploads\/2026\/01\/kopfschmerzen-wind-april-beitrag-1-280x280.jpg\" class=\"attachment-thumbnail size-thumbnail wp-post-image\" alt=\"No puedes cambiar el viento. Pero puedes aprender a cerrar la ventana.\" srcset=\"https:\/\/www.meine-tcm.com\/wp-content\/uploads\/2026\/01\/kopfschmerzen-wind-april-beitrag-1-280x280.jpg 280w, https:\/\/www.meine-tcm.com\/wp-content\/uploads\/2026\/01\/kopfschmerzen-wind-april-beitrag-1-100x100.jpg 100w, https:\/\/www.meine-tcm.com\/wp-content\/uploads\/2026\/01\/kopfschmerzen-wind-april-beitrag-1-510x510.jpg 510w, https:\/\/www.meine-tcm.com\/wp-content\/uploads\/2026\/01\/kopfschmerzen-wind-april-beitrag-1-400x400.jpg 400w, https:\/\/www.meine-tcm.com\/wp-content\/uploads\/2026\/01\/kopfschmerzen-wind-april-beitrag-1-800x800.jpg 800w, https:\/\/www.meine-tcm.com\/wp-content\/uploads\/2026\/01\/kopfschmerzen-wind-april-beitrag-1-768x768.jpg 768w, https:\/\/www.meine-tcm.com\/wp-content\/uploads\/2026\/01\/kopfschmerzen-wind-april-beitrag-1-1536x1536.jpg 1536w, https:\/\/www.meine-tcm.com\/wp-content\/uploads\/2026\/01\/kopfschmerzen-wind-april-beitrag-1-2048x2048.jpg 2048w, https:\/\/www.meine-tcm.com\/wp-content\/uploads\/2026\/01\/kopfschmerzen-wind-april-beitrag-1-12x12.jpg 12w\" sizes=\"auto, (max-width: 280px) 100vw, 280px\" title=\"No puedes cambiar el viento. Pero puedes aprender a cerrar la ventana.\" \/>\t\t\t\t\t\t\t<\/a>\n  \t\t\t\t\t\t\t  \t\t\t\t\t\t\t  \t\t\t\t\t\t<\/div>\n  \t\t\t\t\t\t  \t\t\t\t\t<\/div>\n          \t\t\t\t\t<div class=\"box-text text-center\" >\n\t\t\t\t\t<div class=\"box-text-inner blog-post-inner\">\n\n\t\t\t\t\t\n\t\t\t\t\t\t\t\t\t\t\t<p class=\"cat-label  is-xxsmall op-7 uppercase\">\n\t\t\t\t\tConsejo TCM de la semana \t\t\t\t\t<\/p>\n\t\t\t\t\t\t\t\t\t\t<h5 class=\"post-title is-large\">\n\t\t\t\t\t\t<a href=\"https:\/\/www.meine-tcm.com\/es\/wetterfuehlig-das-problem-ist-nicht-das-wetter\/\" class=\"plain\">\u00bfSensible al tiempo? El problema no es el tiempo<\/a>\n\t\t\t\t\t<\/h5>\n\t\t\t\t\t\t\t\t\t\t<div class=\"is-divider\"><\/div>\n\t\t\t\t\t                    \n\t\t\t\t\t\n\t\t\t\t\t\n\t\t\t\t\t<\/div>\n\t\t\t\t\t<\/div>\n\t\t\t\t\t\t\t\t\t\t\t\t\t\t\t\t<div class=\"badge absolute top post-date badge-outline\">\n\t\t\t\t\t\t\t<div class=\"badge-inner\">\n\t\t\t\t\t\t\t\t<span class=\"post-date-day\">31<\/span><br>\n\t\t\t\t\t\t\t\t<span class=\"post-date-month is-xsmall\">Mar<\/span>\n\t\t\t\t\t\t\t<\/div>\n\t\t\t\t\t\t<\/div>\n\t\t\t\t\t\t\t\t\t<\/div>\n\t\t\t<\/div>\n\t\t<\/div><\/div>\n\n\n\t\t<\/div>\n\t\t\t\t\n<style>\n#col-2025998439 > .col-inner {\n  max-width: 1060px;\n}\n<\/style>\n\t<\/div>\n\n\t\n\n<\/div>\n\n\t\t<\/div>\n\n\t\t\n<style>\n#section_1141242296 {\n  padding-top: 0px;\n  padding-bottom: 0px;\n}\n<\/style>\n\t<\/section>\n\t\n\t<div id=\"gap-672472450\" class=\"gap-element clearfix\" style=\"display:block; height:auto;\">\n\t\t\n<style>\n#gap-672472450 {\n  padding-top: 20px;\n}\n<\/style>\n\t<\/div>\n\t\n\n\n\t<section class=\"section h2\" id=\"section_991290634\">\n\t\t<div class=\"section-bg fill\" >\n\t\t\t\t\t\t\t\t\t\n\t\t\t\n\n\t\t<\/div>\n\n\t\t\n\n\t\t<div class=\"section-content relative\">\n\t\t\t\n\n<div class=\"row row-collapse align-center\"  id=\"row-947167063\">\n\n\n\t<div id=\"col-1872657671\" class=\"col small-12 large-12\"  >\n\t\t\t\t<div class=\"col-inner text-center\"  >\n\t\t\t\n\t\t\t\n\n<h2>Nuestros productos m\u00e1s populares<\/h2>\n\n\t\t<\/div>\n\t\t\t\t\n<style>\n#col-1872657671 > .col-inner {\n  max-width: 960px;\n}\n<\/style>\n\t<\/div>\n\n\t\n\n<\/div>\n\n\t\t<\/div>\n\n\t\t\n<style>\n#section_991290634 {\n  padding-top: 0px;\n  padding-bottom: 0px;\n}\n<\/style>\n\t<\/section>\n\t\n\t<div id=\"gap-756003894\" class=\"gap-element clearfix\" style=\"display:block; height:auto;\">\n\t\t\n<style>\n#gap-756003894 {\n  padding-top: 10px;\n}\n<\/style>\n\t<\/div>\n\t\n\n\n\t<section class=\"section top-produkte\" id=\"section_905104918\">\n\t\t<div class=\"section-bg fill\" >\n\t\t\t\t\t\t\t\t\t\n\t\t\t\n\n\t\t<\/div>\n\n\t\t\n\n\t\t<div class=\"section-content relative\">\n\t\t\t\n\n<div class=\"row row-collapse align-center\"  id=\"row-102254888\">\n\n\n\t<div id=\"col-1779563480\" class=\"col small-12 large-12\"  >\n\t\t\t\t<div class=\"col-inner text-left\"  >\n\t\t\t\n\t\t\t\n\n\t\n  \n    <div class=\"row  equalize-box large-columns-5 medium-columns-3 small-columns-2 row-small\" >\n  \n\t     <div class=\"col\" >\n\t\t\t\t\t\t<div class=\"col-inner\">\n\t\t\t\t\t\t\n<div class=\"badge-container absolute left top z-1\">\n\n<\/div>\n\t\t\t\t\t\t<div class=\"product-small box has-hover box-normal box-text-bottom\">\n\t\t\t\t\t\t\t<div class=\"box-image\" >\n\t\t\t\t\t\t\t\t<div class=\"image-zoom\" >\n\t\t\t\t\t\t\t\t\t<a href=\"https:\/\/www.meine-tcm.com\/es\/produkt\/qi-gong-fuer-anfaenger-und-leicht-fortgeschrittene\/\" aria-label=\"Curso de Qi Gong para principiantes y estudiantes ligeramente avanzados\">\n\t\t\t\t\t\t\t\t\t\t<img loading=\"lazy\" decoding=\"async\" width=\"247\" height=\"296\" src=\"https:\/\/www.meine-tcm.com\/wp-content\/uploads\/2014\/08\/qi-gong-kurs-fuer-anfaenger-06-online-ansehen-mobile-247x296.jpg\" class=\"show-on-hover absolute fill hide-for-small back-image\" alt=\"La mano sostiene un smartphone, en la pantalla el portal de cursos en l\u00ednea de Einfach besser leben\" aria-hidden=\"true\" title=\"Curso de Qi Gong para principiantes de Einfach besser leben Online\" \/><img loading=\"lazy\" decoding=\"async\" width=\"283\" height=\"400\" src=\"https:\/\/www.meine-tcm.com\/wp-content\/uploads\/2014\/08\/1cover-qi-gong-fuer-anfaenger-283x400.jpg\" class=\"attachment-medium size-medium\" alt=\"Foto de portada del curso de Qi Gong para principiantes con Wolfgang en la foto\" srcset=\"https:\/\/www.meine-tcm.com\/wp-content\/uploads\/2014\/08\/1cover-qi-gong-fuer-anfaenger-283x400.jpg 283w, https:\/\/www.meine-tcm.com\/wp-content\/uploads\/2014\/08\/1cover-qi-gong-fuer-anfaenger-510x721.jpg 510w, https:\/\/www.meine-tcm.com\/wp-content\/uploads\/2014\/08\/1cover-qi-gong-fuer-anfaenger-566x800.jpg 566w, https:\/\/www.meine-tcm.com\/wp-content\/uploads\/2014\/08\/1cover-qi-gong-fuer-anfaenger-600x848.jpg 600w, https:\/\/www.meine-tcm.com\/wp-content\/uploads\/2014\/08\/1cover-qi-gong-fuer-anfaenger.jpg 764w\" sizes=\"auto, (max-width: 283px) 100vw, 283px\" title=\"Curso de Qi Gong para principiantes de Einfach besser leben\" \/>\t\t\t\t\t\t\t\t\t<\/a>\n\t\t\t\t\t\t\t\t\t\t\t\t\t\t\t\t\t\t \t\t\t\t\t\t\t\t<\/div>\n\t\t\t\t\t\t\t\t<div class=\"image-tools top right show-on-hover\">\n\t\t\t\t\t\t\t\t\t\t\t\t\t\t\t\t\t<\/div>\n\t\t\t\t\t\t\t\t\t\t\t\t\t\t\t\t\t<div class=\"image-tools grid-tools text-center hide-for-small bottom hover-slide-in show-on-hover\">\n\t\t\t\t\t\t\t\t\t\t<a href=\"#quick-view\" class=\"quick-view\" role=\"button\" data-prod=\"1368\" aria-haspopup=\"dialog\" aria-expanded=\"false\" data-flatsome-role-button>Vista R\u00e1pida<\/a>\t\t\t\t\t\t\t\t\t<\/div>\n\t\t\t\t\t\t\t\t\t\t\t\t\t\t\t\t\t\t\t\t\t\t\t<\/div>\n\n\t\t\t\t\t\t\t<div class=\"box-text text-center\" >\n\t\t\t\t\t\t\t\t<div class=\"title-wrapper\">\t\t<p class=\"category uppercase is-smaller no-text-overflow product-cat op-8\">\n\t\t\tQi Gong\t\t<\/p>\n\t<p class=\"name product-title woocommerce-loop-product__title\"><a href=\"https:\/\/www.meine-tcm.com\/es\/produkt\/qi-gong-fuer-anfaenger-und-leicht-fortgeschrittene\/\" class=\"woocommerce-LoopProduct-link woocommerce-loop-product__link\">Curso de Qi Gong para principiantes y estudiantes ligeramente avanzados<\/a><\/p><\/div><div class=\"price-wrapper\">\n\t<span class=\"price\"><span class=\"woocommerce-Price-amount amount\"><bdi>25,11&nbsp;<span class=\"woocommerce-Price-currencySymbol\">\u20ac<\/span><\/bdi><\/span><\/span>\n\n\n<\/div>\t<span id=\"woocommerce_loop_add_to_cart_link_describedby_1368\" class=\"screen-reader-text\">\n\t\tEste producto tiene m\u00faltiples variantes. Las opciones se pueden elegir en la p\u00e1gina de producto\t<\/span>\n\t\t\t\t\t\t\t<\/div>\n\t\t\t\t\t\t<\/div>\n\t\t\t\t\t\t<\/div>\n\t\t\t\t\t<\/div><div class=\"col\" >\n\t\t\t\t\t\t<div class=\"col-inner\">\n\t\t\t\t\t\t\n<div class=\"badge-container absolute left top z-1\">\n\n<\/div>\n\t\t\t\t\t\t<div class=\"product-small box has-hover box-normal box-text-bottom\">\n\t\t\t\t\t\t\t<div class=\"box-image\" >\n\t\t\t\t\t\t\t\t<div class=\"image-zoom\" >\n\t\t\t\t\t\t\t\t\t<a href=\"https:\/\/www.meine-tcm.com\/es\/produkt\/akupen-der-geniale-akupunkturstift-mit-videoanleitung\/\" aria-label=\"AkuPen: el ingenioso bol\u00edgrafo de acupuntura con instrucciones en v\u00eddeo\">\n\t\t\t\t\t\t\t\t\t\t<img loading=\"lazy\" decoding=\"async\" width=\"247\" height=\"296\" src=\"https:\/\/www.meine-tcm.com\/wp-content\/uploads\/2014\/08\/Akupen-weiss-vertikal-3-247x296.jpg\" class=\"show-on-hover absolute fill hide-for-small back-image\" alt=\"AkuPen abierto\" aria-hidden=\"true\" title=\"AkuPen de Einfach besser leben\" \/><img loading=\"lazy\" decoding=\"async\" width=\"283\" height=\"400\" src=\"https:\/\/www.meine-tcm.com\/wp-content\/uploads\/2014\/08\/Akupen-mit-Verpackung-auf-weiss-2400x3392-1-283x400.jpg\" class=\"attachment-medium size-medium\" alt=\"AukPen con embalaje de madera\" srcset=\"https:\/\/www.meine-tcm.com\/wp-content\/uploads\/2014\/08\/Akupen-mit-Verpackung-auf-weiss-2400x3392-1-283x400.jpg 283w, https:\/\/www.meine-tcm.com\/wp-content\/uploads\/2014\/08\/Akupen-mit-Verpackung-auf-weiss-2400x3392-1-scaled-510x721.jpg 510w, https:\/\/www.meine-tcm.com\/wp-content\/uploads\/2014\/08\/Akupen-mit-Verpackung-auf-weiss-2400x3392-1-566x800.jpg 566w, https:\/\/www.meine-tcm.com\/wp-content\/uploads\/2014\/08\/Akupen-mit-Verpackung-auf-weiss-2400x3392-1-768x1085.jpg 768w, https:\/\/www.meine-tcm.com\/wp-content\/uploads\/2014\/08\/Akupen-mit-Verpackung-auf-weiss-2400x3392-1-1087x1536.jpg 1087w, https:\/\/www.meine-tcm.com\/wp-content\/uploads\/2014\/08\/Akupen-mit-Verpackung-auf-weiss-2400x3392-1-1449x2048.jpg 1449w, https:\/\/www.meine-tcm.com\/wp-content\/uploads\/2014\/08\/Akupen-mit-Verpackung-auf-weiss-2400x3392-1-8x12.jpg 8w, https:\/\/www.meine-tcm.com\/wp-content\/uploads\/2014\/08\/Akupen-mit-Verpackung-auf-weiss-2400x3392-1-scaled.jpg 1811w\" sizes=\"auto, (max-width: 283px) 100vw, 283px\" title=\"AkuPen con instrucciones en v\u00eddeo\" \/>\t\t\t\t\t\t\t\t\t<\/a>\n\t\t\t\t\t\t\t\t\t\t\t\t\t\t\t\t\t\t \t\t\t\t\t\t\t\t<\/div>\n\t\t\t\t\t\t\t\t<div class=\"image-tools top right show-on-hover\">\n\t\t\t\t\t\t\t\t\t\t\t\t\t\t\t\t\t<\/div>\n\t\t\t\t\t\t\t\t\t\t\t\t\t\t\t\t\t<div class=\"image-tools grid-tools text-center hide-for-small bottom hover-slide-in show-on-hover\">\n\t\t\t\t\t\t\t\t\t\t<a href=\"#quick-view\" class=\"quick-view\" role=\"button\" data-prod=\"1365\" aria-haspopup=\"dialog\" aria-expanded=\"false\" data-flatsome-role-button>Vista R\u00e1pida<\/a>\t\t\t\t\t\t\t\t\t<\/div>\n\t\t\t\t\t\t\t\t\t\t\t\t\t\t\t\t\t\t\t\t\t\t\t<\/div>\n\n\t\t\t\t\t\t\t<div class=\"box-text text-center\" >\n\t\t\t\t\t\t\t\t<div class=\"title-wrapper\">\t\t<p class=\"category uppercase is-smaller no-text-overflow product-cat op-8\">\n\t\t\tAkuPen\t\t<\/p>\n\t<p class=\"name product-title woocommerce-loop-product__title\"><a href=\"https:\/\/www.meine-tcm.com\/es\/produkt\/akupen-der-geniale-akupunkturstift-mit-videoanleitung\/\" class=\"woocommerce-LoopProduct-link woocommerce-loop-product__link\">AkuPen: el ingenioso bol\u00edgrafo de acupuntura con instrucciones en v\u00eddeo<\/a><\/p><\/div><div class=\"price-wrapper\">\n\t<span class=\"price\"><span class=\"woocommerce-Price-amount amount\"><bdi>80,57&nbsp;<span class=\"woocommerce-Price-currencySymbol\">\u20ac<\/span><\/bdi><\/span><\/span>\n\n\n<\/div>\t<span id=\"woocommerce_loop_add_to_cart_link_describedby_1365\" class=\"screen-reader-text\">\n\t\t\t<\/span>\n\t\t\t\t\t\t\t<\/div>\n\t\t\t\t\t\t<\/div>\n\t\t\t\t\t\t<\/div>\n\t\t\t\t\t<\/div><div class=\"col\" >\n\t\t\t\t\t\t<div class=\"col-inner\">\n\t\t\t\t\t\t\n<div class=\"badge-container absolute left top z-1\">\n\n<\/div>\n\t\t\t\t\t\t<div class=\"product-small box has-hover box-normal box-text-bottom\">\n\t\t\t\t\t\t\t<div class=\"box-image\" >\n\t\t\t\t\t\t\t\t<div class=\"image-zoom\" >\n\t\t\t\t\t\t\t\t\t<a href=\"https:\/\/www.meine-tcm.com\/es\/produkt\/qi-gong-kurs-18-figuren-der-harmonie\/\" aria-label=\"Curso de Qi Gong II - Las 18 figuras de la armon\u00eda\">\n\t\t\t\t\t\t\t\t\t\t<img loading=\"lazy\" decoding=\"async\" width=\"247\" height=\"296\" src=\"https:\/\/www.meine-tcm.com\/wp-content\/uploads\/2014\/08\/qi-gong-kurs-18-figuren-der-harmonie-05-smartphone-247x296.jpg\" class=\"show-on-hover absolute fill hide-for-small back-image\" alt=\"La mano sostiene un smartphone, en la pantalla el portal de cursos en l\u00ednea de Einfach besser leben\" aria-hidden=\"true\" title=\"Cursos de v\u00eddeo en l\u00ednea de Einfach besser leben\" \/><img loading=\"lazy\" decoding=\"async\" width=\"283\" height=\"400\" src=\"https:\/\/www.meine-tcm.com\/wp-content\/uploads\/2014\/08\/qi-gong-kurs-18-figuren-der-harmonie-01-283x400.jpg\" class=\"attachment-medium size-medium\" alt=\"Portada del curso de Qi Qong moderno - Las 18 figuras de la armon\u00eda\" srcset=\"https:\/\/www.meine-tcm.com\/wp-content\/uploads\/2014\/08\/qi-gong-kurs-18-figuren-der-harmonie-01-283x400.jpg 283w, https:\/\/www.meine-tcm.com\/wp-content\/uploads\/2014\/08\/qi-gong-kurs-18-figuren-der-harmonie-01-510x721.jpg 510w, https:\/\/www.meine-tcm.com\/wp-content\/uploads\/2014\/08\/qi-gong-kurs-18-figuren-der-harmonie-01-566x800.jpg 566w, https:\/\/www.meine-tcm.com\/wp-content\/uploads\/2014\/08\/qi-gong-kurs-18-figuren-der-harmonie-01-600x848.jpg 600w, https:\/\/www.meine-tcm.com\/wp-content\/uploads\/2014\/08\/qi-gong-kurs-18-figuren-der-harmonie-01.jpg 764w\" sizes=\"auto, (max-width: 283px) 100vw, 283px\" title=\"Curso de Qi Qong - Las 18 figuras de la armon\u00eda\" \/>\t\t\t\t\t\t\t\t\t<\/a>\n\t\t\t\t\t\t\t\t\t\t\t\t\t\t\t\t\t\t \t\t\t\t\t\t\t\t<\/div>\n\t\t\t\t\t\t\t\t<div class=\"image-tools top right show-on-hover\">\n\t\t\t\t\t\t\t\t\t\t\t\t\t\t\t\t\t<\/div>\n\t\t\t\t\t\t\t\t\t\t\t\t\t\t\t\t\t<div class=\"image-tools grid-tools text-center hide-for-small bottom hover-slide-in show-on-hover\">\n\t\t\t\t\t\t\t\t\t\t<a href=\"#quick-view\" class=\"quick-view\" role=\"button\" data-prod=\"1376\" aria-haspopup=\"dialog\" aria-expanded=\"false\" data-flatsome-role-button>Vista R\u00e1pida<\/a>\t\t\t\t\t\t\t\t\t<\/div>\n\t\t\t\t\t\t\t\t\t\t\t\t\t\t\t\t\t\t\t\t\t\t\t<\/div>\n\n\t\t\t\t\t\t\t<div class=\"box-text text-center\" >\n\t\t\t\t\t\t\t\t<div class=\"title-wrapper\">\t\t<p class=\"category uppercase is-smaller no-text-overflow product-cat op-8\">\n\t\t\tQi Gong\t\t<\/p>\n\t<p class=\"name product-title woocommerce-loop-product__title\"><a href=\"https:\/\/www.meine-tcm.com\/es\/produkt\/qi-gong-kurs-18-figuren-der-harmonie\/\" class=\"woocommerce-LoopProduct-link woocommerce-loop-product__link\">Curso de Qi Gong II - Las 18 figuras de la armon\u00eda<\/a><\/p><\/div><div class=\"price-wrapper\">\n\t<span class=\"price\"><span class=\"woocommerce-Price-amount amount\"><bdi>35,19&nbsp;<span class=\"woocommerce-Price-currencySymbol\">\u20ac<\/span><\/bdi><\/span><\/span>\n\n\n<\/div>\t<span id=\"woocommerce_loop_add_to_cart_link_describedby_1376\" class=\"screen-reader-text\">\n\t\tEste producto tiene m\u00faltiples variantes. Las opciones se pueden elegir en la p\u00e1gina de producto\t<\/span>\n\t\t\t\t\t\t\t<\/div>\n\t\t\t\t\t\t<\/div>\n\t\t\t\t\t\t<\/div>\n\t\t\t\t\t<\/div><div class=\"col\" >\n\t\t\t\t\t\t<div class=\"col-inner\">\n\t\t\t\t\t\t\n<div class=\"badge-container absolute left top z-1\">\n\n<\/div>\n\t\t\t\t\t\t<div class=\"product-small box has-hover box-normal box-text-bottom\">\n\t\t\t\t\t\t\t<div class=\"box-image\" >\n\t\t\t\t\t\t\t\t<div class=\"image-zoom\" >\n\t\t\t\t\t\t\t\t\t<a href=\"https:\/\/www.meine-tcm.com\/es\/produkt\/qi-gong-kurs-8-brokate\/\" aria-label=\"Los 8 Brocados - El Curso Moderno de Qi Gong I\">\n\t\t\t\t\t\t\t\t\t\t<img loading=\"lazy\" decoding=\"async\" width=\"247\" height=\"296\" src=\"https:\/\/www.meine-tcm.com\/wp-content\/uploads\/2014\/06\/qi-gong-kurs-8-brokate-07-smartphone-247x296.jpg\" class=\"show-on-hover absolute fill hide-for-small back-image\" alt=\"La mano sostiene un smartphone, en la pantalla el portal de cursos en l\u00ednea de Einfach besser leben\" aria-hidden=\"true\" title=\"Cursos de v\u00eddeo en l\u00ednea de Einfach besser leben\" \/><img loading=\"lazy\" decoding=\"async\" width=\"283\" height=\"400\" src=\"https:\/\/www.meine-tcm.com\/wp-content\/uploads\/2014\/06\/1qi-gong-i-283x400.jpg\" class=\"attachment-medium size-medium\" alt=\"Foto de portada del curso de Qi Gong moderno 8 brocados con Wolfgang\" srcset=\"https:\/\/www.meine-tcm.com\/wp-content\/uploads\/2014\/06\/1qi-gong-i-283x400.jpg 283w, https:\/\/www.meine-tcm.com\/wp-content\/uploads\/2014\/06\/1qi-gong-i-510x720.jpg 510w, https:\/\/www.meine-tcm.com\/wp-content\/uploads\/2014\/06\/1qi-gong-i-566x800.jpg 566w, https:\/\/www.meine-tcm.com\/wp-content\/uploads\/2014\/06\/1qi-gong-i-768x1085.jpg 768w, https:\/\/www.meine-tcm.com\/wp-content\/uploads\/2014\/06\/1qi-gong-i-600x847.jpg 600w, https:\/\/www.meine-tcm.com\/wp-content\/uploads\/2014\/06\/1qi-gong-i.jpg 1062w\" sizes=\"auto, (max-width: 283px) 100vw, 283px\" title=\"El curso moderno de Qi Gong 8 Brocados de Simplemente Vivir Mejor\" \/>\t\t\t\t\t\t\t\t\t<\/a>\n\t\t\t\t\t\t\t\t\t\t\t\t\t\t\t\t\t\t \t\t\t\t\t\t\t\t<\/div>\n\t\t\t\t\t\t\t\t<div class=\"image-tools top right show-on-hover\">\n\t\t\t\t\t\t\t\t\t\t\t\t\t\t\t\t\t<\/div>\n\t\t\t\t\t\t\t\t\t\t\t\t\t\t\t\t\t<div class=\"image-tools grid-tools text-center hide-for-small bottom hover-slide-in show-on-hover\">\n\t\t\t\t\t\t\t\t\t\t<a href=\"#quick-view\" class=\"quick-view\" role=\"button\" data-prod=\"1416\" aria-haspopup=\"dialog\" aria-expanded=\"false\" data-flatsome-role-button>Vista R\u00e1pida<\/a>\t\t\t\t\t\t\t\t\t<\/div>\n\t\t\t\t\t\t\t\t\t\t\t\t\t\t\t\t\t\t\t\t\t\t\t<\/div>\n\n\t\t\t\t\t\t\t<div class=\"box-text text-center\" >\n\t\t\t\t\t\t\t\t<div class=\"title-wrapper\">\t\t<p class=\"category uppercase is-smaller no-text-overflow product-cat op-8\">\n\t\t\tQi Gong\t\t<\/p>\n\t<p class=\"name product-title woocommerce-loop-product__title\"><a href=\"https:\/\/www.meine-tcm.com\/es\/produkt\/qi-gong-kurs-8-brokate\/\" class=\"woocommerce-LoopProduct-link woocommerce-loop-product__link\">Los 8 Brocados - El Curso Moderno de Qi Gong I<\/a><\/p><\/div><div class=\"price-wrapper\">\n\t<span class=\"price\"><span class=\"woocommerce-Price-amount amount\"><bdi>25,11&nbsp;<span class=\"woocommerce-Price-currencySymbol\">\u20ac<\/span><\/bdi><\/span><\/span>\n\n\n<\/div>\t<span id=\"woocommerce_loop_add_to_cart_link_describedby_1416\" class=\"screen-reader-text\">\n\t\tEste producto tiene m\u00faltiples variantes. Las opciones se pueden elegir en la p\u00e1gina de producto\t<\/span>\n\t\t\t\t\t\t\t<\/div>\n\t\t\t\t\t\t<\/div>\n\t\t\t\t\t\t<\/div>\n\t\t\t\t\t<\/div><div class=\"col\" >\n\t\t\t\t\t\t<div class=\"col-inner\">\n\t\t\t\t\t\t\n<div class=\"badge-container absolute left top z-1\">\n\n<\/div>\n\t\t\t\t\t\t<div class=\"product-small box has-hover box-normal box-text-bottom\">\n\t\t\t\t\t\t\t<div class=\"box-image\" >\n\t\t\t\t\t\t\t\t<div class=\"image-zoom\" >\n\t\t\t\t\t\t\t\t\t<a href=\"https:\/\/www.meine-tcm.com\/es\/produkt\/weidinger-w08-warme-mitte\/\" aria-label=\"Weidinger W08 - Centro c\u00e1lido\">\n\t\t\t\t\t\t\t\t\t\t<img loading=\"lazy\" decoding=\"async\" width=\"247\" height=\"296\" src=\"https:\/\/www.meine-tcm.com\/wp-content\/uploads\/2024\/04\/weidinger-w08-warme-mitte-240-tabletten-1-247x296.jpg\" class=\"show-on-hover absolute fill hide-for-small back-image\" alt=\"Mezcla de hierbas MTC W08 - Centro caliente del Dr. Weidinger\" aria-hidden=\"true\" title=\"Mezcla de hierbas MTC W08 - Centro caliente del Dr. Weidinger\" \/><img loading=\"lazy\" decoding=\"async\" width=\"400\" height=\"400\" src=\"https:\/\/www.meine-tcm.com\/wp-content\/uploads\/2024\/04\/weidinger-w08-warme-mitte-240-tabletten-400x400.jpg\" class=\"attachment-medium size-medium\" alt=\"Mezcla de hierbas MTC W08 - Centro caliente del Dr. Weidinger\" srcset=\"https:\/\/www.meine-tcm.com\/wp-content\/uploads\/2024\/04\/weidinger-w08-warme-mitte-240-tabletten-400x400.jpg 400w, https:\/\/www.meine-tcm.com\/wp-content\/uploads\/2024\/04\/weidinger-w08-warme-mitte-240-tabletten-100x100.jpg 100w, https:\/\/www.meine-tcm.com\/wp-content\/uploads\/2024\/04\/weidinger-w08-warme-mitte-240-tabletten-510x510.jpg 510w, https:\/\/www.meine-tcm.com\/wp-content\/uploads\/2024\/04\/weidinger-w08-warme-mitte-240-tabletten-800x800.jpg 800w, https:\/\/www.meine-tcm.com\/wp-content\/uploads\/2024\/04\/weidinger-w08-warme-mitte-240-tabletten-280x280.jpg 280w, https:\/\/www.meine-tcm.com\/wp-content\/uploads\/2024\/04\/weidinger-w08-warme-mitte-240-tabletten-768x768.jpg 768w, https:\/\/www.meine-tcm.com\/wp-content\/uploads\/2024\/04\/weidinger-w08-warme-mitte-240-tabletten-12x12.jpg 12w, https:\/\/www.meine-tcm.com\/wp-content\/uploads\/2024\/04\/weidinger-w08-warme-mitte-240-tabletten.jpg 1200w\" sizes=\"auto, (max-width: 400px) 100vw, 400px\" title=\"Mezcla de hierbas MTC W08 - Centro caliente del Dr. Weidinger\" \/>\t\t\t\t\t\t\t\t\t<\/a>\n\t\t\t\t\t\t\t\t\t\t\t\t\t\t\t\t\t\t \t\t\t\t\t\t\t\t<\/div>\n\t\t\t\t\t\t\t\t<div class=\"image-tools top right show-on-hover\">\n\t\t\t\t\t\t\t\t\t\t\t\t\t\t\t\t\t<\/div>\n\t\t\t\t\t\t\t\t\t\t\t\t\t\t\t\t\t<div class=\"image-tools grid-tools text-center hide-for-small bottom hover-slide-in show-on-hover\">\n\t\t\t\t\t\t\t\t\t\t<a href=\"#quick-view\" class=\"quick-view\" role=\"button\" data-prod=\"1295\" aria-haspopup=\"dialog\" aria-expanded=\"false\" data-flatsome-role-button>Vista R\u00e1pida<\/a>\t\t\t\t\t\t\t\t\t<\/div>\n\t\t\t\t\t\t\t\t\t\t\t\t\t\t\t\t\t\t\t\t\t\t\t<\/div>\n\n\t\t\t\t\t\t\t<div class=\"box-text text-center\" >\n\t\t\t\t\t\t\t\t<div class=\"title-wrapper\">\t\t<p class=\"category uppercase is-smaller no-text-overflow product-cat op-8\">\n\t\t\tHierbas MTC\t\t<\/p>\n\t<p class=\"name product-title woocommerce-loop-product__title\"><a href=\"https:\/\/www.meine-tcm.com\/es\/produkt\/weidinger-w08-warme-mitte\/\" class=\"woocommerce-LoopProduct-link woocommerce-loop-product__link\">Weidinger W08 - Centro c\u00e1lido<\/a><\/p><p class=\"woocommerce-loop-product__subtitle wp-subtitle\">Mezcla de hierbas MTC<\/p><\/div><div class=\"price-wrapper\">\n\t<span class=\"price\"><span class=\"woocommerce-Price-amount amount\"><bdi>62,50&nbsp;<span class=\"woocommerce-Price-currencySymbol\">\u20ac<\/span><\/bdi><\/span><\/span>\n\n\n<\/div>\t<span id=\"woocommerce_loop_add_to_cart_link_describedby_1295\" class=\"screen-reader-text\">\n\t\t\t<\/span>\n\t\t\t\t\t\t\t<\/div>\n\t\t\t\t\t\t<\/div>\n\t\t\t\t\t\t<\/div>\n\t\t\t\t\t<\/div><\/div>\n\n\n\t\t<\/div>\n\t\t\t\t\n<style>\n#col-1779563480 > .col-inner {\n  max-width: 1200px;\n}\n<\/style>\n\t<\/div>\n\n\t\n\n<\/div>\n\n\t\t<\/div>\n\n\t\t\n<style>\n#section_905104918 {\n  padding-top: 0px;\n  padding-bottom: 0px;\n}\n<\/style>\n\t<\/section>\n\t\n\n\n<style>\nh2 {\ntext-align: left;\n}\n\nsection.one-image .img {\nmargin-bottom: 0 !important;\n}\n\nsection.one-image img {\n    border-radius: 15px;\n}\n<\/style>\n\n\n\n\n<p><\/p>","protected":false},"excerpt":{"rendered":"<p>\u00bfDejar el trabajo o quedarse? \u00bfSalvar la relaci\u00f3n o dejarla? \u00bfMudarte o no? Di s\u00ed o no. Sabes que tienes que decidir. Pero no puedes.<\/p>\n<p>Haces listas de pros y contras. Preguntas a todos tus conocidos. Buscas en Google a las dos de la ma\u00f1ana. Lo pospones una y otra vez. No porque te falte informaci\u00f3n. Sino porque algo dentro de ti te bloquea.<\/p>","protected":false},"author":3859,"featured_media":24411,"comment_status":"open","ping_status":"open","sticky":false,"template":"","format":"standard","meta":{"_acf_changed":false,"footnotes":""},"categories":[300],"tags":[],"class_list":["post-24410","post","type-post","status-publish","format-standard","has-post-thumbnail","hentry","category-tcm-tipp-der-woche"],"acf":[],"yoast_head":"<!-- This site is optimized with the Yoast SEO plugin v27.3 - https:\/\/yoast.com\/product\/yoast-seo-wordpress\/ -->\n<title>Entscheidungen treffen: Was die Gallenblase damit zu tun hat<\/title>\n<meta name=\"description\" content=\"Endloses Gr\u00fcbeln, Analyse\u2013Paralyse, Angst vor der falschen Wahl? Die TCM kennt die Ursache: deine Gallenblase. Erfahre, was wirklich hilft.\" \/>\n<meta name=\"robots\" content=\"index, follow, max-snippet:-1, max-image-preview:large, max-video-preview:-1\" \/>\n<link rel=\"canonical\" href=\"https:\/\/www.meine-tcm.com\/es\/por-que-no-puedes-decidirte\/\" \/>\n<meta property=\"og:locale\" content=\"es_ES\" \/>\n<meta property=\"og:type\" content=\"article\" \/>\n<meta property=\"og:title\" content=\"Entscheidungen treffen: Was die Gallenblase damit zu tun hat\" \/>\n<meta property=\"og:description\" content=\"Endloses Gr\u00fcbeln, Analyse\u2013Paralyse, Angst vor der falschen Wahl? Die TCM kennt die Ursache: deine Gallenblase. Erfahre, was wirklich hilft.\" \/>\n<meta property=\"og:url\" content=\"https:\/\/www.meine-tcm.com\/es\/por-que-no-puedes-decidirte\/\" \/>\n<meta property=\"og:site_name\" content=\"meine TCM | Traditionelle Chinesische Medizin einfach erkl\u00e4rt\" \/>\n<meta property=\"article:published_time\" content=\"2026-03-10T06:00:00+00:00\" \/>\n<meta property=\"og:image\" content=\"https:\/\/www.meine-tcm.com\/wp-content\/uploads\/2025\/12\/maerz-woche-2-entscheidung.jpg\" \/>\n\t<meta property=\"og:image:width\" content=\"2160\" \/>\n\t<meta property=\"og:image:height\" content=\"2160\" \/>\n\t<meta property=\"og:image:type\" content=\"image\/jpeg\" \/>\n<meta name=\"author\" content=\"Marina\" \/>\n<meta name=\"twitter:card\" content=\"summary_large_image\" \/>\n<meta name=\"twitter:label1\" content=\"Escrito por\" \/>\n\t<meta name=\"twitter:data1\" content=\"Marina\" \/>\n\t<meta name=\"twitter:label2\" content=\"Tiempo de lectura\" \/>\n\t<meta name=\"twitter:data2\" content=\"9 minutos\" \/>\n<script type=\"application\/ld+json\" class=\"yoast-schema-graph\">{\"@context\":\"https:\\\/\\\/schema.org\",\"@graph\":[{\"@type\":\"Article\",\"@id\":\"https:\\\/\\\/www.meine-tcm.com\\\/warum-du-dich-nicht-entscheiden-kannst\\\/#article\",\"isPartOf\":{\"@id\":\"https:\\\/\\\/www.meine-tcm.com\\\/warum-du-dich-nicht-entscheiden-kannst\\\/\"},\"author\":{\"name\":\"Marina\",\"@id\":\"https:\\\/\\\/www.meine-tcm.com\\\/#\\\/schema\\\/person\\\/76da350caed5aad1d9998ba607d86f28\"},\"headline\":\"Warum du dich nicht entscheiden kannst\",\"datePublished\":\"2026-03-10T06:00:00+00:00\",\"mainEntityOfPage\":{\"@id\":\"https:\\\/\\\/www.meine-tcm.com\\\/warum-du-dich-nicht-entscheiden-kannst\\\/\"},\"wordCount\":1762,\"commentCount\":0,\"publisher\":{\"@id\":\"https:\\\/\\\/www.meine-tcm.com\\\/#organization\"},\"image\":{\"@id\":\"https:\\\/\\\/www.meine-tcm.com\\\/warum-du-dich-nicht-entscheiden-kannst\\\/#primaryimage\"},\"thumbnailUrl\":\"https:\\\/\\\/www.meine-tcm.com\\\/wp-content\\\/uploads\\\/2025\\\/12\\\/maerz-woche-2-entscheidung.jpg\",\"articleSection\":[\"TCM Tipp der Woche\"],\"inLanguage\":\"es\",\"potentialAction\":[{\"@type\":\"CommentAction\",\"name\":\"Comment\",\"target\":[\"https:\\\/\\\/www.meine-tcm.com\\\/warum-du-dich-nicht-entscheiden-kannst\\\/#respond\"]}]},{\"@type\":\"WebPage\",\"@id\":\"https:\\\/\\\/www.meine-tcm.com\\\/warum-du-dich-nicht-entscheiden-kannst\\\/\",\"url\":\"https:\\\/\\\/www.meine-tcm.com\\\/warum-du-dich-nicht-entscheiden-kannst\\\/\",\"name\":\"Entscheidungen treffen: Was die Gallenblase damit zu tun hat\",\"isPartOf\":{\"@id\":\"https:\\\/\\\/www.meine-tcm.com\\\/#website\"},\"primaryImageOfPage\":{\"@id\":\"https:\\\/\\\/www.meine-tcm.com\\\/warum-du-dich-nicht-entscheiden-kannst\\\/#primaryimage\"},\"image\":{\"@id\":\"https:\\\/\\\/www.meine-tcm.com\\\/warum-du-dich-nicht-entscheiden-kannst\\\/#primaryimage\"},\"thumbnailUrl\":\"https:\\\/\\\/www.meine-tcm.com\\\/wp-content\\\/uploads\\\/2025\\\/12\\\/maerz-woche-2-entscheidung.jpg\",\"datePublished\":\"2026-03-10T06:00:00+00:00\",\"description\":\"Endloses Gr\u00fcbeln, Analyse\u2013Paralyse, Angst vor der falschen Wahl? Die TCM kennt die Ursache: deine Gallenblase. Erfahre, was wirklich hilft.\",\"breadcrumb\":{\"@id\":\"https:\\\/\\\/www.meine-tcm.com\\\/warum-du-dich-nicht-entscheiden-kannst\\\/#breadcrumb\"},\"inLanguage\":\"es\",\"potentialAction\":[{\"@type\":\"ReadAction\",\"target\":[\"https:\\\/\\\/www.meine-tcm.com\\\/warum-du-dich-nicht-entscheiden-kannst\\\/\"]}]},{\"@type\":\"ImageObject\",\"inLanguage\":\"es\",\"@id\":\"https:\\\/\\\/www.meine-tcm.com\\\/warum-du-dich-nicht-entscheiden-kannst\\\/#primaryimage\",\"url\":\"https:\\\/\\\/www.meine-tcm.com\\\/wp-content\\\/uploads\\\/2025\\\/12\\\/maerz-woche-2-entscheidung.jpg\",\"contentUrl\":\"https:\\\/\\\/www.meine-tcm.com\\\/wp-content\\\/uploads\\\/2025\\\/12\\\/maerz-woche-2-entscheidung.jpg\",\"width\":2160,\"height\":2160,\"caption\":\"Der weg entsteht nicht vor dir. Er entsteht unter dir \u2014 mit jedem Schritt.\"},{\"@type\":\"BreadcrumbList\",\"@id\":\"https:\\\/\\\/www.meine-tcm.com\\\/warum-du-dich-nicht-entscheiden-kannst\\\/#breadcrumb\",\"itemListElement\":[{\"@type\":\"ListItem\",\"position\":1,\"name\":\"Home\",\"item\":\"https:\\\/\\\/www.meine-tcm.com\\\/\"},{\"@type\":\"ListItem\",\"position\":2,\"name\":\"Warum du dich nicht entscheiden kannst\"}]},{\"@type\":\"WebSite\",\"@id\":\"https:\\\/\\\/www.meine-tcm.com\\\/#website\",\"url\":\"https:\\\/\\\/www.meine-tcm.com\\\/\",\"name\":\"meine TCM | Traditionelle Chinesische Medizin einfach erkl\u00e4rt\",\"description\":\"Einfach gesund bleiben\",\"publisher\":{\"@id\":\"https:\\\/\\\/www.meine-tcm.com\\\/#organization\"},\"potentialAction\":[{\"@type\":\"SearchAction\",\"target\":{\"@type\":\"EntryPoint\",\"urlTemplate\":\"https:\\\/\\\/www.meine-tcm.com\\\/?s={search_term_string}\"},\"query-input\":{\"@type\":\"PropertyValueSpecification\",\"valueRequired\":true,\"valueName\":\"search_term_string\"}}],\"inLanguage\":\"es\"},{\"@type\":\"Organization\",\"@id\":\"https:\\\/\\\/www.meine-tcm.com\\\/#organization\",\"name\":\"meine-TCM.com \u2014 Traditionelle chinesische Medizin einfach erkl\u00e4rt\",\"url\":\"https:\\\/\\\/www.meine-tcm.com\\\/\",\"logo\":{\"@type\":\"ImageObject\",\"inLanguage\":\"es\",\"@id\":\"https:\\\/\\\/www.meine-tcm.com\\\/#\\\/schema\\\/logo\\\/image\\\/\",\"url\":\"https:\\\/\\\/www.meine-tcm.com\\\/wp-content\\\/uploads\\\/2022\\\/08\\\/meine-tcm-traditionelle-chinesische-medizin-einfach-erklaert.png\",\"contentUrl\":\"https:\\\/\\\/www.meine-tcm.com\\\/wp-content\\\/uploads\\\/2022\\\/08\\\/meine-tcm-traditionelle-chinesische-medizin-einfach-erklaert.png\",\"width\":559,\"height\":479,\"caption\":\"meine-TCM.com \u2014 Traditionelle chinesische Medizin einfach erkl\u00e4rt\"},\"image\":{\"@id\":\"https:\\\/\\\/www.meine-tcm.com\\\/#\\\/schema\\\/logo\\\/image\\\/\"},\"sameAs\":[\"https:\\\/\\\/www.instagram.com\\\/meinetcm\\\/\",\"https:\\\/\\\/www.youtube.com\\\/@EinfachbesserLeben\"]},{\"@type\":\"Person\",\"@id\":\"https:\\\/\\\/www.meine-tcm.com\\\/#\\\/schema\\\/person\\\/76da350caed5aad1d9998ba607d86f28\",\"name\":\"Marina\"}]}<\/script>\n<!-- \/ Yoast SEO plugin. -->","yoast_head_json":{"title":"Tomar decisiones: Qu\u00e9 tiene que ver la ves\u00edcula biliar","description":"\u00bfPreocupaciones interminables, par\u00e1lisis por an\u00e1lisis, miedo a tomar la decisi\u00f3n equivocada? La MTC conoce la causa: la ves\u00edcula biliar. Descubra lo que realmente le ayuda.","robots":{"index":"index","follow":"follow","max-snippet":"max-snippet:-1","max-image-preview":"max-image-preview:large","max-video-preview":"max-video-preview:-1"},"canonical":"https:\/\/www.meine-tcm.com\/es\/por-que-no-puedes-decidirte\/","og_locale":"es_ES","og_type":"article","og_title":"Entscheidungen treffen: Was die Gallenblase damit zu tun hat","og_description":"Endloses Gr\u00fcbeln, Analyse\u2013Paralyse, Angst vor der falschen Wahl? Die TCM kennt die Ursache: deine Gallenblase. Erfahre, was wirklich hilft.","og_url":"https:\/\/www.meine-tcm.com\/es\/por-que-no-puedes-decidirte\/","og_site_name":"meine TCM | Traditionelle Chinesische Medizin einfach erkl\u00e4rt","article_published_time":"2026-03-10T06:00:00+00:00","og_image":[{"width":2160,"height":2160,"url":"https:\/\/www.meine-tcm.com\/wp-content\/uploads\/2025\/12\/maerz-woche-2-entscheidung.jpg","type":"image\/jpeg"}],"author":"Marina","twitter_card":"summary_large_image","twitter_misc":{"Escrito por":"Marina","Tiempo de lectura":"9 minutos"},"schema":{"@context":"https:\/\/schema.org","@graph":[{"@type":"Article","@id":"https:\/\/www.meine-tcm.com\/warum-du-dich-nicht-entscheiden-kannst\/#article","isPartOf":{"@id":"https:\/\/www.meine-tcm.com\/warum-du-dich-nicht-entscheiden-kannst\/"},"author":{"name":"Marina","@id":"https:\/\/www.meine-tcm.com\/#\/schema\/person\/76da350caed5aad1d9998ba607d86f28"},"headline":"Warum du dich nicht entscheiden kannst","datePublished":"2026-03-10T06:00:00+00:00","mainEntityOfPage":{"@id":"https:\/\/www.meine-tcm.com\/warum-du-dich-nicht-entscheiden-kannst\/"},"wordCount":1762,"commentCount":0,"publisher":{"@id":"https:\/\/www.meine-tcm.com\/#organization"},"image":{"@id":"https:\/\/www.meine-tcm.com\/warum-du-dich-nicht-entscheiden-kannst\/#primaryimage"},"thumbnailUrl":"https:\/\/www.meine-tcm.com\/wp-content\/uploads\/2025\/12\/maerz-woche-2-entscheidung.jpg","articleSection":["TCM Tipp der Woche"],"inLanguage":"es","potentialAction":[{"@type":"CommentAction","name":"Comment","target":["https:\/\/www.meine-tcm.com\/warum-du-dich-nicht-entscheiden-kannst\/#respond"]}]},{"@type":"WebPage","@id":"https:\/\/www.meine-tcm.com\/warum-du-dich-nicht-entscheiden-kannst\/","url":"https:\/\/www.meine-tcm.com\/warum-du-dich-nicht-entscheiden-kannst\/","name":"Tomar decisiones: Qu\u00e9 tiene que ver la ves\u00edcula biliar","isPartOf":{"@id":"https:\/\/www.meine-tcm.com\/#website"},"primaryImageOfPage":{"@id":"https:\/\/www.meine-tcm.com\/warum-du-dich-nicht-entscheiden-kannst\/#primaryimage"},"image":{"@id":"https:\/\/www.meine-tcm.com\/warum-du-dich-nicht-entscheiden-kannst\/#primaryimage"},"thumbnailUrl":"https:\/\/www.meine-tcm.com\/wp-content\/uploads\/2025\/12\/maerz-woche-2-entscheidung.jpg","datePublished":"2026-03-10T06:00:00+00:00","description":"\u00bfPreocupaciones interminables, par\u00e1lisis por an\u00e1lisis, miedo a tomar la decisi\u00f3n equivocada? La MTC conoce la causa: la ves\u00edcula biliar. Descubra lo que realmente le ayuda.","breadcrumb":{"@id":"https:\/\/www.meine-tcm.com\/warum-du-dich-nicht-entscheiden-kannst\/#breadcrumb"},"inLanguage":"es","potentialAction":[{"@type":"ReadAction","target":["https:\/\/www.meine-tcm.com\/warum-du-dich-nicht-entscheiden-kannst\/"]}]},{"@type":"ImageObject","inLanguage":"es","@id":"https:\/\/www.meine-tcm.com\/warum-du-dich-nicht-entscheiden-kannst\/#primaryimage","url":"https:\/\/www.meine-tcm.com\/wp-content\/uploads\/2025\/12\/maerz-woche-2-entscheidung.jpg","contentUrl":"https:\/\/www.meine-tcm.com\/wp-content\/uploads\/2025\/12\/maerz-woche-2-entscheidung.jpg","width":2160,"height":2160,"caption":"Der weg entsteht nicht vor dir. Er entsteht unter dir \u2014 mit jedem Schritt."},{"@type":"BreadcrumbList","@id":"https:\/\/www.meine-tcm.com\/warum-du-dich-nicht-entscheiden-kannst\/#breadcrumb","itemListElement":[{"@type":"ListItem","position":1,"name":"Home","item":"https:\/\/www.meine-tcm.com\/"},{"@type":"ListItem","position":2,"name":"Warum du dich nicht entscheiden kannst"}]},{"@type":"WebSite","@id":"https:\/\/www.meine-tcm.com\/#website","url":"https:\/\/www.meine-tcm.com\/","name":"mi MTC | Medicina Tradicional China explicada de forma sencilla","description":"Mant\u00e9ngase sano","publisher":{"@id":"https:\/\/www.meine-tcm.com\/#organization"},"potentialAction":[{"@type":"SearchAction","target":{"@type":"EntryPoint","urlTemplate":"https:\/\/www.meine-tcm.com\/?s={search_term_string}"},"query-input":{"@type":"PropertyValueSpecification","valueRequired":true,"valueName":"search_term_string"}}],"inLanguage":"es"},{"@type":"Organization","@id":"https:\/\/www.meine-tcm.com\/#organization","name":"meine-TCM.com - La Medicina Tradicional China explicada de forma sencilla","url":"https:\/\/www.meine-tcm.com\/","logo":{"@type":"ImageObject","inLanguage":"es","@id":"https:\/\/www.meine-tcm.com\/#\/schema\/logo\/image\/","url":"https:\/\/www.meine-tcm.com\/wp-content\/uploads\/2022\/08\/meine-tcm-traditionelle-chinesische-medizin-einfach-erklaert.png","contentUrl":"https:\/\/www.meine-tcm.com\/wp-content\/uploads\/2022\/08\/meine-tcm-traditionelle-chinesische-medizin-einfach-erklaert.png","width":559,"height":479,"caption":"meine-TCM.com \u2014 Traditionelle chinesische Medizin einfach erkl\u00e4rt"},"image":{"@id":"https:\/\/www.meine-tcm.com\/#\/schema\/logo\/image\/"},"sameAs":["https:\/\/www.instagram.com\/meinetcm\/","https:\/\/www.youtube.com\/@EinfachbesserLeben"]},{"@type":"Person","@id":"https:\/\/www.meine-tcm.com\/#\/schema\/person\/76da350caed5aad1d9998ba607d86f28","name":"Marina"}]}},"wps_subtitle":"Die Gallenblase als Schl\u00fcssel zu Klarheit und Mut","_links":{"self":[{"href":"https:\/\/www.meine-tcm.com\/es\/wp-json\/wp\/v2\/posts\/24410","targetHints":{"allow":["GET"]}}],"collection":[{"href":"https:\/\/www.meine-tcm.com\/es\/wp-json\/wp\/v2\/posts"}],"about":[{"href":"https:\/\/www.meine-tcm.com\/es\/wp-json\/wp\/v2\/types\/post"}],"author":[{"embeddable":true,"href":"https:\/\/www.meine-tcm.com\/es\/wp-json\/wp\/v2\/users\/3859"}],"replies":[{"embeddable":true,"href":"https:\/\/www.meine-tcm.com\/es\/wp-json\/wp\/v2\/comments?post=24410"}],"version-history":[{"count":17,"href":"https:\/\/www.meine-tcm.com\/es\/wp-json\/wp\/v2\/posts\/24410\/revisions"}],"predecessor-version":[{"id":26637,"href":"https:\/\/www.meine-tcm.com\/es\/wp-json\/wp\/v2\/posts\/24410\/revisions\/26637"}],"wp:featuredmedia":[{"embeddable":true,"href":"https:\/\/www.meine-tcm.com\/es\/wp-json\/wp\/v2\/media\/24411"}],"wp:attachment":[{"href":"https:\/\/www.meine-tcm.com\/es\/wp-json\/wp\/v2\/media?parent=24410"}],"wp:term":[{"taxonomy":"category","embeddable":true,"href":"https:\/\/www.meine-tcm.com\/es\/wp-json\/wp\/v2\/categories?post=24410"},{"taxonomy":"post_tag","embeddable":true,"href":"https:\/\/www.meine-tcm.com\/es\/wp-json\/wp\/v2\/tags?post=24410"}],"curies":[{"name":"wp","href":"https:\/\/api.w.org\/{rel}","templated":true}]}}