{"id":24335,"date":"2026-03-03T07:00:00","date_gmt":"2026-03-03T06:00:00","guid":{"rendered":"https:\/\/www.meine-tcm.com\/?p=24335"},"modified":"2026-03-02T14:44:12","modified_gmt":"2026-03-02T13:44:12","slug":"cansado-a-pesar-de-la-primavera-tu-higado-necesita-ayuda","status":"publish","type":"post","link":"https:\/\/www.meine-tcm.com\/es\/muede-trotz-fruehling-deine-leber-braucht-hilfe\/","title":{"rendered":"Desintoxique su h\u00edgado en primavera"},"content":{"rendered":"<section class=\"section main-teaser\" id=\"section_378994592\">\n\t\t<div class=\"section-bg fill\" >\n\t\t\t\t\t\t\t\t\t\n\t\t\t\n\n\t\t<\/div>\n\n\t\t\n\n\t\t<div class=\"section-content relative\">\n\t\t\t\n\n<div class=\"row row-collapse align-center\"  id=\"row-80198991\">\n\n\n\t<div id=\"col-1844005641\" class=\"col small-12 large-12\"  >\n\t\t\t\t<div class=\"col-inner text-center\"  >\n\t\t\t\n\t\t\t\n\n<p class=\"teaser\">Todav\u00eda hace fr\u00edo fuera. El invierno se mantiene firme. \u00bfPero tu cuerpo?<br \/>Hace tiempo que lo siente. Algo quiere soltarse.<\/p>\n<p class=\"teaser\">Tal vez lo notes: Un cansancio que no tiene motivo. Presi\u00f3n en las sienes. Una irritabilidad que surge de la nada. Piel que se mancha. Sue\u00f1o que no se recupera.<\/p>\n<p class=\"teaser\">No es tu imaginaci\u00f3n. Es tu cuerpo el que quiere hacer limpieza, incluso antes de que llegue la primavera. Tu h\u00edgado ha anunciado una limpieza a fondo.<br \/>La \u00fanica pregunta es: \u00bfla ayudas o te aguantas?<\/p>\n\n\t\t<\/div>\n\t\t\t\t\n<style>\n#col-1844005641 > .col-inner {\n  max-width: 800px;\n}\n<\/style>\n\t<\/div>\n\n\t\n\n<\/div>\n\n\t\t<\/div>\n\n\t\t\n<style>\n#section_378994592 {\n  padding-top: 0px;\n  padding-bottom: 0px;\n}\n<\/style>\n\t<\/section>\n\t\n\t<div id=\"gap-1456130907\" class=\"gap-element clearfix\" style=\"display:block; height:auto;\">\n\t\t\n<style>\n#gap-1456130907 {\n  padding-top: 40px;\n}\n<\/style>\n\t<\/div>\n\t\n\n\n\t<section class=\"section one-image\" id=\"section_693664611\">\n\t\t<div class=\"section-bg fill\" >\n\t\t\t\t\t\t\t\t\t\n\t\t\t\n\n\t\t<\/div>\n\n\t\t\n\n\t\t<div class=\"section-content relative\">\n\t\t\t\n\n<div class=\"row row-collapse align-center\"  id=\"row-800522318\">\n\n\n\t<div id=\"col-282450417\" class=\"col small-12 large-12\"  >\n\t\t\t\t<div class=\"col-inner text-center\"  >\n\t\t\t\n\t\t\t\n\n\t<div class=\"img has-hover x md-x lg-x y md-y lg-y\" id=\"image_2135086559\">\n\t\t\t\t\t\t\t\t<div class=\"img-inner dark\" >\n\t\t\t<img loading=\"lazy\" decoding=\"async\" width=\"2160\" height=\"2160\" src=\"https:\/\/www.meine-tcm.com\/wp-content\/uploads\/2025\/12\/maerz-leberreinigung-beitrag-1.jpg\" class=\"attachment-original size-original\" alt=\"Lo que no sueltas no te soltar\u00e1.\" srcset=\"https:\/\/www.meine-tcm.com\/wp-content\/uploads\/2025\/12\/maerz-leberreinigung-beitrag-1.jpg 2160w, https:\/\/www.meine-tcm.com\/wp-content\/uploads\/2025\/12\/maerz-leberreinigung-beitrag-1-100x100.jpg 100w, https:\/\/www.meine-tcm.com\/wp-content\/uploads\/2025\/12\/maerz-leberreinigung-beitrag-1-510x510.jpg 510w, https:\/\/www.meine-tcm.com\/wp-content\/uploads\/2025\/12\/maerz-leberreinigung-beitrag-1-400x400.jpg 400w, https:\/\/www.meine-tcm.com\/wp-content\/uploads\/2025\/12\/maerz-leberreinigung-beitrag-1-800x800.jpg 800w, https:\/\/www.meine-tcm.com\/wp-content\/uploads\/2025\/12\/maerz-leberreinigung-beitrag-1-280x280.jpg 280w, https:\/\/www.meine-tcm.com\/wp-content\/uploads\/2025\/12\/maerz-leberreinigung-beitrag-1-768x768.jpg 768w, https:\/\/www.meine-tcm.com\/wp-content\/uploads\/2025\/12\/maerz-leberreinigung-beitrag-1-1536x1536.jpg 1536w, https:\/\/www.meine-tcm.com\/wp-content\/uploads\/2025\/12\/maerz-leberreinigung-beitrag-1-2048x2048.jpg 2048w, https:\/\/www.meine-tcm.com\/wp-content\/uploads\/2025\/12\/maerz-leberreinigung-beitrag-1-12x12.jpg 12w\" sizes=\"auto, (max-width: 2160px) 100vw, 2160px\" title=\"Lo que no sueltas no te soltar\u00e1.\" \/>\t\t\t\t\t\t\n\t\t\t\t\t<\/div>\n\t\t\t\t\t\t\t\t\n<style>\n#image_2135086559 {\n  width: 100%;\n}\n<\/style>\n\t<\/div>\n\t\n\n<p class=\"caption\">Lo que no sueltas no te soltar\u00e1.<\/p>\n\n\t\t<\/div>\n\t\t\t\t\n<style>\n#col-282450417 > .col-inner {\n  border-radius: 10px;\n  max-width: 640px;\n}\n<\/style>\n\t<\/div>\n\n\t\n\n<\/div>\n\n\t\t<\/div>\n\n\t\t\n<style>\n#section_693664611 {\n  padding-top: 0px;\n  padding-bottom: 0px;\n}\n<\/style>\n\t<\/section>\n\t\n\t<div id=\"gap-1271773343\" class=\"gap-element clearfix\" style=\"display:block; height:auto;\">\n\t\t\n<style>\n#gap-1271773343 {\n  padding-top: 40px;\n}\n<\/style>\n\t<\/div>\n\t\n\n\n\t<section class=\"section text\" id=\"section_1501431545\">\n\t\t<div class=\"section-bg fill\" >\n\t\t\t\t\t\t\t\t\t\n\t\t\t\n\n\t\t<\/div>\n\n\t\t\n\n\t\t<div class=\"section-content relative\">\n\t\t\t\n\n<div class=\"row row-collapse align-center\"  id=\"row-310594836\">\n\n\n\t<div id=\"col-2092995751\" class=\"col small-12 large-12\"  >\n\t\t\t\t<div class=\"col-inner text-left\"  >\n\t\t\t\n\t\t\t\n\n<h2><strong>\ud83e\uddf9 \u00bfPor qu\u00e9 ahora? El h\u00edgado y la primavera<\/strong><\/h2>\n<p>En la MTC, la primavera forma parte del <strong>Elemento de madera<\/strong>. Y el elemento de madera forma parte del <strong>H\u00edgado<\/strong>.<\/p>\n<p><strong>El h\u00edgado es responsable de<\/strong><\/p>\n<ul>\n<li>La libre circulaci\u00f3n del Qi por todo el cuerpo<\/li>\n<li>Desintoxicaci\u00f3n (tambi\u00e9n desde una perspectiva occidental)<\/li>\n<li>Emociones, especialmente ira y frustraci\u00f3n<\/li>\n<li>Los ojos, los tendones y las u\u00f1as<\/li>\n<li>El ciclo menstrual<\/li>\n<\/ul>\n<p>En invierno, el h\u00edgado trabaja en segundo plano. Almacena, filtra y espera. En primavera, pasa a primer plano. Quiere <strong>limpiar, mover, libre<\/strong>.<\/p>\n<p><strong>Si la ayudas ahora, te recompensar\u00e1:<\/strong><\/p>\n<ul>\n<li>M\u00e1s energ\u00eda<\/li>\n<li>Cabeza m\u00e1s despejada<\/li>\n<li>Una piel mejor<\/li>\n<li>Estado de \u00e1nimo m\u00e1s estable<\/li>\n<li>Digesti\u00f3n m\u00e1s f\u00e1cil<\/li>\n<\/ul>\n<p><strong>Si la ignoras, te lo demostrar\u00e1:<\/strong><\/p>\n<ul>\n<li>Fatiga primaveral<\/li>\n<li>Dolores de cabeza, especialmente en las sienes<\/li>\n<li>Irritabilidad, frustraci\u00f3n<\/li>\n<li>Problemas de piel, alergias<\/li>\n<li>Problemas digestivos, flatulencia<\/li>\n<\/ul>\n<p>Las buenas noticias:<br \/>No necesitas una desintoxicaci\u00f3n extrema.<br \/>No es una cura de zumo.<br \/>Nada de ayunar hasta la extenuaci\u00f3n.<\/p>\n<p>Lo necesitas: <strong>Soporte inteligente.<\/strong><\/p>\n<h2><strong>\u26a0\ufe0f Qu\u00e9 significa realmente \u201edesintoxicaci\u00f3n\u201c en MTC<\/strong><\/h2>\n<p>Olv\u00eddese de todo lo que la industria del bienestar le ha dicho sobre la desintoxicaci\u00f3n.<\/p>\n<p>La MTC no consiste en \u201edesintoxicar\u201c el cuerpo como si fuera una m\u00e1quina sucia.<\/p>\n<p><strong>La cuesti\u00f3n es:<\/strong><\/p>\n<ul>\n<li>Liberar el estancamiento (flujo Qi)<\/li>\n<li>expulsar el calor (fuego del h\u00edgado)<\/li>\n<li>Fortalecer el centro (bazo)<\/li>\n<li>Drenar el exceso (humedad, mucosidad)<\/li>\n<\/ul>\n<p>El objetivo no es el vac\u00edo, sino <strong>R\u00edo<\/strong>.<\/p>\n<p>Y no lo conseguir\u00e1s s\u00f3lo pasando hambre o con zumos verdes. Pero a trav\u00e9s de:<br \/>Los alimentos adecuados, ejercicio, acupresi\u00f3n - y menos de lo que<br \/>bloqueado.<\/p>\n<h2>\ud83e\udde0 <strong>El puente occidental: Lo que realmente hace el h\u00edgado<\/strong><\/h2>\n<p><strong>Desde una perspectiva occidental, el h\u00edgado es el mayor \u00f3rgano metab\u00f3lico:<\/strong><\/p>\n<ul>\n<li>Filtra 1,5 litros de sangre por minuto cada d\u00eda<\/li>\n<li>Descompone las hormonas, los medicamentos y el alcohol<\/li>\n<li>Produce bilis para la digesti\u00f3n de las grasas<\/li>\n<li>Almacena vitaminas, hierro y gluc\u00f3geno.<\/li>\n<li>Regula el az\u00facar en sangre<\/li>\n<\/ul>\n<p>Despu\u00e9s del invierno -con una alimentaci\u00f3n m\u00e1s pesada, menos ejercicio y m\u00e1s alcohol-, el h\u00edgado suele estar sobrecargado.<\/p>\n<p><strong>Los s\u00edntomas:<\/strong><\/p>\n<ul>\n<li>Cansancio despu\u00e9s de comer<\/li>\n<li>Flatulencia, especialmente despu\u00e9s de comidas grasas<\/li>\n<li>N\u00e1useas por la ma\u00f1ana<\/li>\n<li>Dormir mal entre la 1 y las 3 de la madrugada (\u00a1hora del h\u00edgado!)<\/li>\n<li>Ojeras<\/li>\n<li>Tez amarillenta<\/li>\n<\/ul>\n<p>Dos mundos. Una conclusi\u00f3n:<br \/><strong>El h\u00edgado necesita apoyo en primavera, no un castigo.<\/strong><\/p>\n<h2>\ud83c\udf31 <strong>Los 5 pilares para la limpieza primaveral del h\u00edgado<\/strong><\/h2>\n<h3><strong>1. el verde es tu medicina<\/strong><\/h3>\n<p>El color del h\u00edgado es verde. En primavera, comer verde no es una recomendaci\u00f3n: es una terapia.<\/p>\n<p><strong>Instalar diariamente:<\/strong><\/p>\n<ul>\n<li>Diente de le\u00f3n (LA hep\u00e1tica - en ensalada, t\u00e9 o zumo fresco)<\/li>\n<li>R\u00facula, espinacas, acelgas<\/li>\n<li>Alcachofa (estimula el flujo biliar)<\/li>\n<li>Br\u00f3coli, coles de Bruselas (las verduras cruc\u00edferas favorecen las enzimas hep\u00e1ticas)<\/li>\n<li>Hierbas frescas: perejil, cebollino, cilantro, menta<\/li>\n<li>Brotes y pl\u00e1ntulas (pura energ\u00eda explosiva)<\/li>\n<\/ul>\n<p><strong>As\u00ed es como funciona en la pr\u00e1ctica:<br \/><\/strong><\/p>\n<ul>\n<li>Almuerzo: La mitad del plato debe ser verde<\/li>\n<li>Por la noche: verduras al vapor en lugar de crudas (f\u00e1cil en el centro)<\/li>\n<li>Por la ma\u00f1ana: Agua tibia con lim\u00f3n o infusi\u00f3n de diente de le\u00f3n<\/li>\n<\/ul>\n<p>\ud83d\udce3 <strong>Consejo secreto:<\/strong> T\u00e9 de diente de le\u00f3n de la ra\u00edz (en la farmacia o en una tienda de diet\u00e9tica) - 1 cucharadita por taza, dejar en infusi\u00f3n durante 10 minutos. Tiene un sabor amargo, tiene un efecto fuerte.<br \/>Cada ma\u00f1ana durante 3 semanas.<\/p>\n<h3><strong>2. agrio y amargo - el d\u00fao del h\u00edgado<\/strong><\/h3>\n<p>Cada sabor tiene una funci\u00f3n en la MTC:<\/p>\n<ul>\n<li><strong>Agrio<\/strong> contrae, preserva, conduce al h\u00edgado<\/li>\n<li><strong>Amargo<\/strong> drena, seca, enfr\u00eda el calor<\/li>\n<\/ul>\n<p>En primavera se necesitan ambas cosas.<\/p>\n<p><strong>Instalar agria:<\/strong><\/p>\n<ul>\n<li>Lim\u00f3n en agua tibia (por la ma\u00f1ana)<\/li>\n<li>Vinagre de sidra de manzana (1 cucharadita en agua antes de comer)<\/li>\n<li>Chucrut (sin pasteurizar, para intestinos + h\u00edgado)<\/li>\n<li>Verduras fermentadas<\/li>\n<\/ul>\n<p><strong>Instalar amargo:<br \/><\/strong><\/p>\n<ul>\n<li>Diente de le\u00f3n, achicoria, radicchio<\/li>\n<li>Alcachofa (como verdura o zumo)<\/li>\n<li>C\u00farcuma (antiinflamatoria, coler\u00e9tica)<\/li>\n<li>T\u00e9 verde (ligeramente amargo, refrescante)<\/li>\n<\/ul>\n<p><strong>Evitar o reducir:<br \/><\/strong><\/p>\n<ul>\n<li>Alcohol (exposici\u00f3n hep\u00e1tica directa)<\/li>\n<li>Alimentos fritos y muy grasos<\/li>\n<li>Az\u00facar en grandes cantidades<\/li>\n<li>Productos acabados con aditivos<\/li>\n<li>Demasiado caf\u00e9 (calienta el h\u00edgado)<\/li>\n<\/ul>\n<h3><strong>3. movimiento que abre el flujo de Qi<\/strong><\/h3>\n<p>El h\u00edgado odia el estancamiento. El estancamiento es su mayor enemigo.<\/p>\n<p>En primavera quiere: Movimiento, estiramientos, fluidez.<\/p>\n<p><strong>Ideal:<\/strong><\/p>\n<ul>\n<li>Estira durante 10-15 minutos por la ma\u00f1ana (\u00a1especialmente los costados!)<\/li>\n<li>Paseos por la naturaleza - a paso ligero, no de paseo<\/li>\n<li>Qi Gong o yoga con giros<\/li>\n<li>Ciclismo, nataci\u00f3n, baile<\/li>\n<li>Cualquier cosa que te deje sin aliento<\/li>\n<\/ul>\n<p><strong>El estiramiento hep\u00e1tico (diario):<br \/><\/strong><\/p>\n<ul>\n<li>Col\u00f3quese erguido, con los pies separados a la anchura de las caderas<\/li>\n<li>Levanta el brazo derecho por encima de la cabeza<\/li>\n<li>Inclinarse a la izquierda<\/li>\n<li>estiramientos del flanco derecho<\/li>\n<li>Mantenga 5 respiraciones profundas<\/li>\n<li>Cambio de p\u00e1gina<\/li>\n<li>3x por p\u00e1gina<\/li>\n<\/ul>\n<p>\u2192 Abre el meridiano del h\u00edgado en el lado del cuerpo.<\/p>\n<p>\ud83d\udce3 <strong>Consejo secreto:<\/strong> El ejercicio de sacudida - sacude todo el cuerpo durante 3 minutos (brazos, piernas, torso).<br \/>Parece una tonter\u00eda, pero funciona de inmediato. Libera el estancamiento y hace fluir el Qi.<\/p>\n<p>\ud83c\udfa5 Puedes encontrar instrucciones en v\u00eddeo para el ejercicio de sacudida aqu\u00ed:<br \/><a href=\"https:\/\/www.youtube.com\/watch?v=dQRDfumJyUg\">www.youtube.com\/watch?v=dQRDfumJyUg<\/a><\/p>\n<h3><strong>4 Respetar el tiempo del h\u00edgado<\/strong><\/h3>\n<p>En la MTC, cada \u00f3rgano tiene su boda. El h\u00edgado: <strong>De 1 a 3 de la noche<\/strong>.<\/p>\n<p>Es el momento en que el h\u00edgado m\u00e1s se regenera y desintoxica.<\/p>\n<p><strong>Lo que eso significa:<\/strong><\/p>\n<ul>\n<li>Acu\u00e9stese antes de las 11 de la noche (hora de la ves\u00edcula biliar: 11-1 de la noche)<\/li>\n<li>No comer alimentos pesados despu\u00e9s de las 19:00 h.<\/li>\n<li>No beber alcohol por la noche<\/li>\n<li>Nada de luz de pantalla despu\u00e9s de las 9 de la noche (\u00a1ojos = h\u00edgado!)<\/li>\n<\/ul>\n<p><strong>Si te despiertas entre la 1 y las 3 de la madrugada:<\/strong><\/p>\n<ul>\n<li>Signo cl\u00e1sico de estancamiento del qi hep\u00e1tico o calor hep\u00e1tico<\/li>\n<li>Los consejos de este art\u00edculo le ayudar\u00e1n<\/li>\n<\/ul>\n<p>\ud83d\udce3 <strong>Consejo secreto:<\/strong> Un ba\u00f1o de pies caliente antes de dormir (15 minutos) canaliza la energ\u00eda hacia abajo y alivia el h\u00edgado.<\/p>\n<h3><strong>5. dejar fluir las emociones<\/strong><\/h3>\n<p>El h\u00edgado no s\u00f3lo almacena sangre, sino tambi\u00e9n emociones. Sobre todo: <em><strong>Ira, frustraci\u00f3n, resentimiento.<\/strong><\/em><\/p>\n<p>Lo que tragas, se acumula. Lo que reprimes, bloquea.<\/p>\n<p><strong>Pr\u00e1ctico:<\/strong><\/p>\n<ul>\n<li>Perm\u00edtase la ira, pero canal\u00edcela<\/li>\n<li>Escribir, hablar, moverse<\/li>\n<li>Diga \u201eno\u201c cuando quiera decir \u201eno\u201c.<\/li>\n<li>Evita a las personas que te hacen sentir peque\u00f1o<\/li>\n<li>Crea un espacio para ti solo<\/li>\n<\/ul>\n<p><strong>La pregunta de la semana:<\/strong> <em>\u201e\u00bfQu\u00e9 es lo que me molesta desde hace semanas y qu\u00e9 necesita para que pueda dejarlo pasar?\u201c.\u201c<\/em><\/p>\n<p>Escr\u00edbelo. Despu\u00e9s: act\u00faa o d\u00e9jalo ir. Pero no te atasques.<\/p>\n<h3>\ud83d\udccd <strong>Puntos de acupresi\u00f3n para la limpieza primaveral del h\u00edgado<\/strong><\/h3>\n<h3><strong>Le 03 (T\u00e0i Ch\u014dng) \u2014 \u201eGran reuni\u00f3n\u201c<\/strong><\/h3>\n<ul>\n<li>Ubicaci\u00f3n: dorso del pie, entre el dedo gordo y el segundo dedo, a dos dedos de distancia hacia el tobillo.<\/li>\n<li>Efecto: EL punto principal para el estancamiento del qi hep\u00e1tico - mueve, alivia, libera<\/li>\n<li>Aplicaci\u00f3n: Presionar en\u00e9rgicamente con movimientos circulares durante 60-90 segundos, por ambos lados.<\/li>\n<\/ul>\n<h3><strong>Le 08 (Q\u016b Qu\u00e1n) - \u201eManantiales en la curva\u201c<\/strong><\/h3>\n<ul>\n<li>Posici\u00f3n: en el interior de la rodilla, al final del pliegue de flexi\u00f3n<\/li>\n<li>Efecto: Nutre la sangre del h\u00edgado, enfr\u00eda el calor hep\u00e1tico, relaja<\/li>\n<li>Aplicaci\u00f3n: Masajear suavemente con movimientos circulares durante 60 segundos, por ambos lados.<\/li>\n<\/ul>\n<h3><strong>Gb 34 (Y\u00e1ng L\u00edng Qu\u00e1n) - \u201ePrimavera en la colina Yang\u201c<\/strong><\/h3>\n<ul>\n<li>Localizaci\u00f3n: Parte externa de la pierna, por delante y por debajo de la cabeza del peron\u00e9.<\/li>\n<li>Efecto: favorece el flujo biliar, relaja los tendones, armoniza el h\u00edgado y la ves\u00edcula biliar<\/li>\n<li>Aplicaci\u00f3n: masajear con movimientos circulares durante 60 segundos, ambos lados.<\/li>\n<\/ul>\n<h3><strong>Ma 36 (Z\u00fa S\u0101n L\u01d0) - \u201eTres millas del pie\u201c<br \/><\/strong><\/h3>\n<ul>\n<li>Posici\u00f3n: lado externo de la parte inferior de la pierna, 4 dedos de ancho por debajo de la r\u00f3tula<\/li>\n<li>Efecto: Fortalece el centro - porque sin un bazo fuerte no hay un h\u00edgado sano<\/li>\n<li>Aplicaci\u00f3n: masajear con movimientos circulares durante 60 segundos, ambos lados.<\/li>\n<\/ul>\n<p>\ud83d\udccd Puedes encontrar todos los puntos con instrucciones detalladas en nuestro<br \/>atlas gratuito de acupuntura:<br \/>\ud83d\udc49 <a href=\"https:\/\/www.meine-tcm.com\/es\/atlas-de-acupuntura\/\" target=\"_blank\" rel=\"noopener\">www.meine-tcm.com\/akupunkturatlas<\/a><\/p>\n<h2>\ud83d\udd8a\ufe0f <strong>Su herramienta de autocuidado diario<\/strong><\/h2>\n<p>La acupresi\u00f3n con los dedos es maravillosa. Pero si quieres darle a tu h\u00edgado algo especial:<\/p>\n<p><strong>El AkuPen<\/strong> - Preciso, exacto, para usted.<\/p>\n<p>Incluido el acceso a nuestro <strong>Videoteca con m\u00e1s de 80 puntos de acupresi\u00f3n<\/strong> - cada una de ellas explicada con la m\u00e1xima calidad.<\/p>\n<p>\ud83d\udc49 <a href=\"https:\/\/www.meine-tcm.com\/es\/producto\/akupen-la-ingeniosa-pluma-de-acupuntura-con-instrucciones-en-video\/\" target=\"_blank\" rel=\"noopener\">www.meine-tcm.com\/produkt\/akupen-der-geniale-akupunkturstift<\/a><\/p>\n<h2>\ud83d\udd11 <strong>El punto m\u00e1s importante: No hay<\/strong><\/h2>\n<p>Olv\u00eddate de las curas con zumos que te debilitan. Olv\u00eddese de los ayunos, que le ahuecan. Olv\u00eddese de los productos de desintoxicaci\u00f3n que quieren su dinero.<\/p>\n<p>El h\u00edgado no necesita castigo. Necesita: Verde, amargo, agrio, ejercicio, sue\u00f1o, emociones que fluyen.<\/p>\n<p>No 7 d\u00edas extremos, sino 7 semanas inteligentes.<\/p>\n<p>Esto es desintoxicaci\u00f3n TCM: <strong>Flujo en lugar de retirada.<\/strong><\/p>\n<h2>\ud83d\udcab <strong>El mensaje m\u00e1s profundo<\/strong><\/h2>\n<p>Limpieza de primavera.<br \/>En la naturaleza. En ti.<\/p>\n<p>Puedes mirar o ayudar.<\/p>\n<p>El h\u00edgado es tu limpieza de primavera interior.<br \/>Sabe lo que hay que hacer.<br \/>Dale las herramientas.<br \/>Dale espacio.<br \/>Dale tiempo.<\/p>\n<p>Y luego: Siente c\u00f3mo se hace m\u00e1s f\u00e1cil.<br \/>M\u00e1s claro.<br \/>Los pretendientes.<\/p>\n<p>Esto no es lujo. Esto es primavera.<\/p>\n<p><em>\u201eCuando el h\u00edgado fluye libremente, fluye toda la vida\u201c.\u201c<\/em><\/p>\n<h3>\ud83d\udccc <strong>Recomendado<\/strong><\/h3>\n<p>\ud83c\udf3f <strong>\u00bfC\u00f3mo est\u00e1 tu h\u00edgado?<\/strong> Con nuestro an\u00e1lisis gratuito de MTC puedes averiguar si tienes estancamiento de Qi hep\u00e1tico, calor hep\u00e1tico u otros patrones.<br \/>\ud83d\udc49 <a href=\"https:\/\/www.meine-tcm.com\/es\/analisis-tcm\/\" target=\"_blank\" rel=\"noopener\">www.meine-tcm.com\/tcm-analyse<\/a><\/p>\n<p>\ud83c\udf31 <strong>Para su centro: la base:<\/strong> El h\u00edgado s\u00f3lo puede desintoxicar si el centro lo apoya. Un intestino sano es la base.<br \/>\ud83d\udc49 <a href=\"https:\/\/www.meine-tcm.com\/es\/producto\/fibra-dietetica-bs-plus\/\" target=\"_blank\" rel=\"noopener\">www.meine-tcm.com\/produkt\/bs-ballaststoffe-plus<\/a><\/p>\n<p>\ud83c\udf6b <strong>Para esos momentos en los que tiene que ser dulce:<\/strong> Sin cargo de conciencia: sin cargar el h\u00edgado. \ud83d\udc49 <a href=\"https:\/\/www.meine-tcm.com\/es\/producto\/xocola\/\" target=\"_blank\" rel=\"noopener\">www.meine-tcm.com\/produkt\/xocola<\/a><\/p>\n<p>\ud83d\udcdc <strong>La sabidur\u00eda de los viejos maestros, directamente a su bandeja de entrada:<\/strong> Una vez al mes:<br \/>El Emperador Amarillo, Qi Bo y el Dr. Weber dialogan. Adem\u00e1s, producto del mes y<br \/>Sabidur\u00eda de la medicina tradicional china que no encontrar\u00e1s en ning\u00fan otro sitio.<br \/>\ud83d\udc49 <a href=\"https:\/\/www.meine-tcm.com\/es\/inscripcion-al-boletin\/\" target=\"_blank\" rel=\"noopener\">www.meine-tcm.com\/newsletter-anmeldung<\/a><\/p>\n\n\t\t<\/div>\n\t\t\t\t\n<style>\n#col-2092995751 > .col-inner {\n  max-width: 800px;\n}\n<\/style>\n\t<\/div>\n\n\t\n\n<\/div>\n\n\t\t<\/div>\n\n\t\t\n<style>\n#section_1501431545 {\n  padding-top: 0px;\n  padding-bottom: 0px;\n}\n<\/style>\n\t<\/section>\n\t\n\t<div id=\"gap-480463587\" class=\"gap-element clearfix\" style=\"display:block; height:auto;\">\n\t\t\n<style>\n#gap-480463587 {\n  padding-top: 60px;\n}\n<\/style>\n\t<\/div>\n\t\n\n\n\t<section class=\"section quote\" id=\"section_2093550614\">\n\t\t<div class=\"section-bg fill\" >\n\t\t\t\t\t\t\t\t\t\n\t\t\t\n\n\t\t<\/div>\n\n\t\t\n\n\t\t<div class=\"section-content relative\">\n\t\t\t\n\n<div class=\"row row-collapse align-center\"  id=\"row-493603820\">\n\n\n\t<div id=\"col-671473834\" class=\"col small-12 large-12\"  >\n\t\t\t\t<div class=\"col-inner text-center\"  >\n\t\t\t\n\t\t\t\n\n<p><em>\u00bfQui\u00e9n puede utilizar el<\/em> <em><strong>PRIMAVERA<\/strong><\/em> <em>quiere recibir,<br \/><\/em><em>debe cumplir los<\/em> <em><strong>INVIERNO<\/strong><\/em> <em>desp\u00eddete.<\/em><\/p>\n<p class=\"quote-from\">Antigua sabidur\u00eda de la MTC<\/p>\n\n\t\t<\/div>\n\t\t\t\t\n<style>\n#col-671473834 > .col-inner {\n  max-width: 600px;\n}\n<\/style>\n\t<\/div>\n\n\t\n\n<\/div>\n\n\t\t<\/div>\n\n\t\t\n<style>\n#section_2093550614 {\n  padding-top: 60px;\n  padding-bottom: 60px;\n  background-color: rgb(255, 244, 217);\n}\n<\/style>\n\t<\/section>\n\t\n\t<div id=\"gap-1414976137\" class=\"gap-element clearfix\" style=\"display:block; height:auto;\">\n\t\t\n<style>\n#gap-1414976137 {\n  padding-top: 60px;\n}\n<\/style>\n\t<\/div>\n\t\n\n\n\t<section class=\"section h2\" id=\"section_1410199219\">\n\t\t<div class=\"section-bg fill\" >\n\t\t\t\t\t\t\t\t\t\n\t\t\t\n\n\t\t<\/div>\n\n\t\t\n\n\t\t<div class=\"section-content relative\">\n\t\t\t\n\n<div class=\"row row-collapse align-center\"  id=\"row-361090569\">\n\n\n\t<div id=\"col-601474820\" class=\"col small-12 large-12\"  >\n\t\t\t\t<div class=\"col-inner text-center\"  >\n\t\t\t\n\t\t\t\n\n<h2>Otros consejos y art\u00edculos interesantes<\/h2>\n\n\t\t<\/div>\n\t\t\t\t\n<style>\n#col-601474820 > .col-inner {\n  max-width: 960px;\n}\n<\/style>\n\t<\/div>\n\n\t\n\n<\/div>\n\n\t\t<\/div>\n\n\t\t\n<style>\n#section_1410199219 {\n  padding-top: 0px;\n  padding-bottom: 0px;\n}\n<\/style>\n\t<\/section>\n\t\n\n\t<section class=\"section blogposts-overview\" id=\"section_1332110020\">\n\t\t<div class=\"section-bg fill\" >\n\t\t\t\t\t\t\t\t\t\n\t\t\t\n\n\t\t<\/div>\n\n\t\t\n\n\t\t<div class=\"section-content relative\">\n\t\t\t\n\n<div class=\"row\"  id=\"row-462211050\">\n\n\n\t<div id=\"col-319333672\" class=\"col small-12 large-12\"  >\n\t\t\t\t<div class=\"col-inner text-center\"  >\n\t\t\t\n\t\t\t\n\n  <style>\n    #row-674215811 .grid-col-1{height: 600px}\n    #row-674215811 .grid-col-1-2{height: 300px}\n    #row-674215811 .grid-col-1-3{height:200px}\n    #row-674215811 .grid-col-2-3{height: 400px}\n    #row-674215811 .grid-col-1-4{height: 150px}\n    #row-674215811 .grid-col-3-4{height: 450px}\n\n\n        \/* Tablet *\/\n    @media (max-width: 850px){\n      #row-674215811 .grid-col-1{height: 400px}\n      #row-674215811 .grid-col-1-2{height: 200px}\n      #row-674215811 .grid-col-1-3{height:133.33333333333px}\n      #row-674215811 .grid-col-2-3{height: 266.66666666667px}\n      #row-674215811 .grid-col-1-4{height: 100px}\n      #row-674215811 .grid-col-3-4{height: 300px}\n    }\n    \n        \/* Mobile *\/\n    @media (max-width: 550px){\n      #row-674215811 .grid-col-1{height: 400px}\n      #row-674215811 .grid-col-1-2{height: 200px}\n      #row-674215811 .grid-col-1-3{height:133.33333333333px}\n      #row-674215811 .grid-col-2-3{height: 266.66666666667px}\n      #row-674215811 .grid-col-1-4{height: 100px}\n      #row-674215811 .grid-col-3-4{height: 300px}\n    }\n    \n\n  <\/style>\n  \n  \n    <div id=\"row-674215811\" class=\"row row-small row-full-width row-grid\" data-packery-options='{\"itemSelector\": \".col\", \"gutter\": 0, \"presentageWidth\" : true}'>\n\n  <div class=\"col post-item grid-col grid-col-1 large-6 medium-12\" >\n\t\t\t<div class=\"col-inner\">\n\t\t\t\t<div class=\"box box-default box-text-bottom box-blog-post has-hover\">\n            \t\t\t\t\t<div class=\"box-image\" >\n  \t\t\t\t\t\t<div class=\"image-cover\" style=\"padding-top:56%;\">\n\t\t\t\t\t\t\t<a href=\"https:\/\/www.meine-tcm.com\/es\/warum-gerade-alles-so-anstrengend-ist\/\" class=\"plain\" aria-label=\"Warum gerade alles so anstrengend ist\">\n\t\t\t\t\t\t\t\t<img loading=\"lazy\" decoding=\"async\" width=\"400\" height=\"400\" src=\"https:\/\/www.meine-tcm.com\/wp-content\/uploads\/2026\/04\/dojo-april-beitrag-5-400x400.jpg\" class=\"attachment-medium size-medium wp-post-image\" alt=\"Du bist nicht verloren. Du bist im \u00dcbergang.\" srcset=\"https:\/\/www.meine-tcm.com\/wp-content\/uploads\/2026\/04\/dojo-april-beitrag-5-400x400.jpg 400w, https:\/\/www.meine-tcm.com\/wp-content\/uploads\/2026\/04\/dojo-april-beitrag-5-100x100.jpg 100w, https:\/\/www.meine-tcm.com\/wp-content\/uploads\/2026\/04\/dojo-april-beitrag-5-510x510.jpg 510w, https:\/\/www.meine-tcm.com\/wp-content\/uploads\/2026\/04\/dojo-april-beitrag-5-800x800.jpg 800w, https:\/\/www.meine-tcm.com\/wp-content\/uploads\/2026\/04\/dojo-april-beitrag-5-280x280.jpg 280w, https:\/\/www.meine-tcm.com\/wp-content\/uploads\/2026\/04\/dojo-april-beitrag-5-768x768.jpg 768w, https:\/\/www.meine-tcm.com\/wp-content\/uploads\/2026\/04\/dojo-april-beitrag-5-1536x1536.jpg 1536w, https:\/\/www.meine-tcm.com\/wp-content\/uploads\/2026\/04\/dojo-april-beitrag-5-2048x2048.jpg 2048w, https:\/\/www.meine-tcm.com\/wp-content\/uploads\/2026\/04\/dojo-april-beitrag-5-12x12.jpg 12w\" sizes=\"auto, (max-width: 400px) 100vw, 400px\" title=\"Du bist nicht verloren. Du bist im \u00dcbergang.\" \/>\t\t\t\t\t\t\t<\/a>\n  \t\t\t\t\t\t\t  \t\t\t\t\t\t\t  \t\t\t\t\t\t<\/div>\n  \t\t\t\t\t\t  \t\t\t\t\t<\/div>\n          \t\t\t\t\t<div class=\"box-text text-center\" >\n\t\t\t\t\t<div class=\"box-text-inner blog-post-inner\">\n\n\t\t\t\t\t\n\t\t\t\t\t\t\t\t\t\t\t<p class=\"cat-label  is-xxsmall op-7 uppercase\">\n\t\t\t\t\tConsejo TCM de la semana \t\t\t\t\t<\/p>\n\t\t\t\t\t\t\t\t\t\t<h5 class=\"post-title is-large\">\n\t\t\t\t\t\t<a href=\"https:\/\/www.meine-tcm.com\/es\/warum-gerade-alles-so-anstrengend-ist\/\" class=\"plain\">Warum gerade alles so anstrengend ist<\/a>\n\t\t\t\t\t<\/h5>\n\t\t\t\t\t\t\t\t\t\t<div class=\"is-divider\"><\/div>\n\t\t\t\t\t\t\t\t\t\t<p class=\"from_the_blog_excerpt\">\n\t\t\t\t\t\tEs gibt Tage, die geh\u00f6ren keiner Jahreszeit. Sie liegen dazwischen \u2014 wie ein Atemholen der Natur. Du sp\u00fcrst es, ohne es\u2026\t\t\t\t\t<\/p>\n\t\t\t\t\t                    \n\t\t\t\t\t\n\t\t\t\t\t\n\t\t\t\t\t<\/div>\n\t\t\t\t\t<\/div>\n\t\t\t\t\t\t\t\t\t\t\t\t\t\t\t\t<div class=\"badge absolute top post-date badge-outline\">\n\t\t\t\t\t\t\t<div class=\"badge-inner\">\n\t\t\t\t\t\t\t\t<span class=\"post-date-day\">28<\/span><br>\n\t\t\t\t\t\t\t\t<span class=\"post-date-month is-xsmall\">Abr<\/span>\n\t\t\t\t\t\t\t<\/div>\n\t\t\t\t\t\t<\/div>\n\t\t\t\t\t\t\t\t\t<\/div>\n\t\t\t<\/div>\n\t\t<\/div><div class=\"col post-item grid-col grid-col-1 large-3 medium-6\" >\n\t\t\t<div class=\"col-inner\">\n\t\t\t\t<div class=\"box box-default box-text-bottom box-blog-post has-hover\">\n            \t\t\t\t\t<div class=\"box-image\" >\n  \t\t\t\t\t\t<div class=\"image-cover\" style=\"padding-top:56%;\">\n\t\t\t\t\t\t\t<a href=\"https:\/\/www.meine-tcm.com\/es\/muede-aber-nicht-schlaefrig-warum-du-trotzdem-nicht-einschlafen-kannst\/\" class=\"plain\" aria-label=\"M\u00fcde ist nicht schl\u00e4frig \u2014 Warum du trotzdem nicht einschlafen kannst\">\n\t\t\t\t\t\t\t\t<img loading=\"lazy\" decoding=\"async\" width=\"536\" height=\"400\" src=\"https:\/\/www.meine-tcm.com\/wp-content\/uploads\/2026\/04\/3-Weisen-Schlafstoerungen-Gruppenfoto-1066x796-1-536x400.jpg\" class=\"attachment-medium size-medium wp-post-image\" alt=\"Q\u00ed B\u00f3 | Der Gelbe Kaiser Huangdi | Zhang Zhongjing | Dr. Weber\" srcset=\"https:\/\/www.meine-tcm.com\/wp-content\/uploads\/2026\/04\/3-Weisen-Schlafstoerungen-Gruppenfoto-1066x796-1-536x400.jpg 536w, https:\/\/www.meine-tcm.com\/wp-content\/uploads\/2026\/04\/3-Weisen-Schlafstoerungen-Gruppenfoto-1066x796-1-768x573.jpg 768w, https:\/\/www.meine-tcm.com\/wp-content\/uploads\/2026\/04\/3-Weisen-Schlafstoerungen-Gruppenfoto-1066x796-1-16x12.jpg 16w, https:\/\/www.meine-tcm.com\/wp-content\/uploads\/2026\/04\/3-Weisen-Schlafstoerungen-Gruppenfoto-1066x796-1-510x381.jpg 510w, https:\/\/www.meine-tcm.com\/wp-content\/uploads\/2026\/04\/3-Weisen-Schlafstoerungen-Gruppenfoto-1066x796-1.jpg 1066w\" sizes=\"auto, (max-width: 536px) 100vw, 536px\" title=\"Frag den Gelben Kaiser Shooting (BTS) - Mai 2026\" \/>\t\t\t\t\t\t\t<\/a>\n  \t\t\t\t\t\t\t  \t\t\t\t\t\t\t  \t\t\t\t\t\t<\/div>\n  \t\t\t\t\t\t  \t\t\t\t\t<\/div>\n          \t\t\t\t\t<div class=\"box-text text-center\" >\n\t\t\t\t\t<div class=\"box-text-inner blog-post-inner\">\n\n\t\t\t\t\t\n\t\t\t\t\t\t\t\t\t\t\t<p class=\"cat-label  is-xxsmall op-7 uppercase\">\n\t\t\t\t\tExplicaci\u00f3n general de la MTC \t\t\t\t\t<\/p>\n\t\t\t\t\t\t\t\t\t\t<h5 class=\"post-title is-large\">\n\t\t\t\t\t\t<a href=\"https:\/\/www.meine-tcm.com\/es\/muede-aber-nicht-schlaefrig-warum-du-trotzdem-nicht-einschlafen-kannst\/\" class=\"plain\">M\u00fcde ist nicht schl\u00e4frig \u2014 Warum du trotzdem nicht einschlafen kannst<\/a>\n\t\t\t\t\t<\/h5>\n\t\t\t\t\t\t\t\t\t\t<div class=\"is-divider\"><\/div>\n\t\t\t\t\t\t\t\t\t\t<p class=\"from_the_blog_excerpt\">\n\t\t\t\t\t\tDu liegst im Bett. Todm\u00fcde. Und dein Kopf dreht weiter. Du drehst dich um. Schaust auf die Uhr. Und je mehr\u2026\t\t\t\t\t<\/p>\n\t\t\t\t\t                    \n\t\t\t\t\t\n\t\t\t\t\t\n\t\t\t\t\t<\/div>\n\t\t\t\t\t<\/div>\n\t\t\t\t\t\t\t\t\t\t\t\t\t\t\t\t<div class=\"badge absolute top post-date badge-outline\">\n\t\t\t\t\t\t\t<div class=\"badge-inner\">\n\t\t\t\t\t\t\t\t<span class=\"post-date-day\">24<\/span><br>\n\t\t\t\t\t\t\t\t<span class=\"post-date-month is-xsmall\">Abr<\/span>\n\t\t\t\t\t\t\t<\/div>\n\t\t\t\t\t\t<\/div>\n\t\t\t\t\t\t\t\t\t<\/div>\n\t\t\t<\/div>\n\t\t<\/div><div class=\"col post-item grid-col grid-col-1-2 large-3 medium-6\" >\n\t\t\t<div class=\"col-inner\">\n\t\t\t\t<div class=\"box box-default box-text-bottom box-blog-post has-hover\">\n            \t\t\t\t\t<div class=\"box-image\" >\n  \t\t\t\t\t\t<div class=\"image-cover\" style=\"padding-top:56%;\">\n\t\t\t\t\t\t\t<a href=\"https:\/\/www.meine-tcm.com\/es\/wenn-der-schlaf-nicht-kommt-obwohl-du-muede-bist-leitfaden\/\" class=\"plain\" aria-label=\"Wenn der Schlaf nicht kommt, obwohl du m\u00fcde bist\">\n\t\t\t\t\t\t\t\t<img loading=\"lazy\" decoding=\"async\" width=\"280\" height=\"280\" src=\"https:\/\/www.meine-tcm.com\/wp-content\/uploads\/2026\/04\/schlaf-leitfaden-280x280.jpg\" class=\"attachment-thumbnail size-thumbnail wp-post-image\" alt=\"Wer dem Tag kein Ende schenkt, dem schenkt die nacht keine Tiefe.\" srcset=\"https:\/\/www.meine-tcm.com\/wp-content\/uploads\/2026\/04\/schlaf-leitfaden-280x280.jpg 280w, https:\/\/www.meine-tcm.com\/wp-content\/uploads\/2026\/04\/schlaf-leitfaden-400x400.jpg 400w, https:\/\/www.meine-tcm.com\/wp-content\/uploads\/2026\/04\/schlaf-leitfaden-800x800.jpg 800w, https:\/\/www.meine-tcm.com\/wp-content\/uploads\/2026\/04\/schlaf-leitfaden-768x768.jpg 768w, https:\/\/www.meine-tcm.com\/wp-content\/uploads\/2026\/04\/schlaf-leitfaden-1536x1536.jpg 1536w, https:\/\/www.meine-tcm.com\/wp-content\/uploads\/2026\/04\/schlaf-leitfaden-2048x2048.jpg 2048w, https:\/\/www.meine-tcm.com\/wp-content\/uploads\/2026\/04\/schlaf-leitfaden-12x12.jpg 12w, https:\/\/www.meine-tcm.com\/wp-content\/uploads\/2026\/04\/schlaf-leitfaden-510x510.jpg 510w, https:\/\/www.meine-tcm.com\/wp-content\/uploads\/2026\/04\/schlaf-leitfaden-100x100.jpg 100w\" sizes=\"auto, (max-width: 280px) 100vw, 280px\" title=\"Wer dem Tag kein Ende schenkt, dem schenkt die nacht keine Tiefe.\" \/>\t\t\t\t\t\t\t<\/a>\n  \t\t\t\t\t\t\t  \t\t\t\t\t\t\t  \t\t\t\t\t\t<\/div>\n  \t\t\t\t\t\t  \t\t\t\t\t<\/div>\n          \t\t\t\t\t<div class=\"box-text text-center\" >\n\t\t\t\t\t<div class=\"box-text-inner blog-post-inner\">\n\n\t\t\t\t\t\n\t\t\t\t\t\t\t\t\t\t\t<p class=\"cat-label  is-xxsmall op-7 uppercase\">\n\t\t\t\t\tConsejo TCM de la semana \t\t\t\t\t<\/p>\n\t\t\t\t\t\t\t\t\t\t<h5 class=\"post-title is-large\">\n\t\t\t\t\t\t<a href=\"https:\/\/www.meine-tcm.com\/es\/wenn-der-schlaf-nicht-kommt-obwohl-du-muede-bist-leitfaden\/\" class=\"plain\">Wenn der Schlaf nicht kommt, obwohl du m\u00fcde bist<\/a>\n\t\t\t\t\t<\/h5>\n\t\t\t\t\t\t\t\t\t\t<div class=\"is-divider\"><\/div>\n\t\t\t\t\t                    \n\t\t\t\t\t\n\t\t\t\t\t\n\t\t\t\t\t<\/div>\n\t\t\t\t\t<\/div>\n\t\t\t\t\t\t\t\t\t\t\t\t\t\t\t\t<div class=\"badge absolute top post-date badge-outline\">\n\t\t\t\t\t\t\t<div class=\"badge-inner\">\n\t\t\t\t\t\t\t\t<span class=\"post-date-day\">24<\/span><br>\n\t\t\t\t\t\t\t\t<span class=\"post-date-month is-xsmall\">Abr<\/span>\n\t\t\t\t\t\t\t<\/div>\n\t\t\t\t\t\t<\/div>\n\t\t\t\t\t\t\t\t\t<\/div>\n\t\t\t<\/div>\n\t\t<\/div><div class=\"col post-item has-post-icon grid-col grid-col-1-2 large-3 medium-6\" >\n\t\t\t<div class=\"col-inner\">\n\t\t\t\t<div class=\"box box-default box-text-bottom box-blog-post has-hover\">\n            \t\t\t\t\t<div class=\"box-image\" >\n  \t\t\t\t\t\t<div class=\"image-cover\" style=\"padding-top:56%;\">\n\t\t\t\t\t\t\t<a href=\"https:\/\/www.meine-tcm.com\/es\/retreat-qi-gong-tao-breathwork-oktober-2026\/\" class=\"plain\" aria-label=\"RETREAT: Qi Gong &#038; TAO Breathwork (Oktober 2026)\">\n\t\t\t\t\t\t\t\t<img loading=\"lazy\" decoding=\"async\" width=\"280\" height=\"280\" src=\"https:\/\/www.meine-tcm.com\/wp-content\/uploads\/2026\/04\/qi-gong-retreat-herbst-leutasch-960-280x280.jpg\" class=\"attachment-thumbnail size-thumbnail wp-post-image\" alt=\"Qi Gong Retreat in Leutasch, Tirol im Herbst\" srcset=\"https:\/\/www.meine-tcm.com\/wp-content\/uploads\/2026\/04\/qi-gong-retreat-herbst-leutasch-960-280x280.jpg 280w, https:\/\/www.meine-tcm.com\/wp-content\/uploads\/2026\/04\/qi-gong-retreat-herbst-leutasch-960-100x100.jpg 100w\" sizes=\"auto, (max-width: 280px) 100vw, 280px\" title=\"Qi Gong Retreat in Leutasch, Tirol im Herbst\" \/>\t\t\t\t\t\t\t<\/a>\n  \t\t\t\t\t\t\t  \t\t\t\t\t\t\t  \t\t\t\t\t\t<\/div>\n  \t\t\t\t\t\t  \t\t\t\t\t\t\t<div class=\"absolute no-click x50 y50 md-x50 md-y50 lg-x50 lg-y50\">\n  \t\t\t\t            \t<div class=\"overlay-icon\">\n  \t\t\t\t                    <i class=\"icon-play\" aria-hidden=\"true\"><\/i>  \t\t\t\t                <\/div>\n  \t\t\t\t            <\/div>\n  \t\t\t\t\t\t  \t\t\t\t\t<\/div>\n          \t\t\t\t\t<div class=\"box-text text-center\" >\n\t\t\t\t\t<div class=\"box-text-inner blog-post-inner\">\n\n\t\t\t\t\t\n\t\t\t\t\t\t\t\t\t\t\t<p class=\"cat-label  is-xxsmall op-7 uppercase\">\n\t\t\t\t\tAllgemein Retreats \t\t\t\t\t<\/p>\n\t\t\t\t\t\t\t\t\t\t<h5 class=\"post-title is-large\">\n\t\t\t\t\t\t<a href=\"https:\/\/www.meine-tcm.com\/es\/retreat-qi-gong-tao-breathwork-oktober-2026\/\" class=\"plain\">RETREAT: Qi Gong &#038; TAO Breathwork (Oktober 2026)<\/a>\n\t\t\t\t\t<\/h5>\n\t\t\t\t\t\t\t\t\t\t<div class=\"is-divider\"><\/div>\n\t\t\t\t\t                    \n\t\t\t\t\t\n\t\t\t\t\t\n\t\t\t\t\t<\/div>\n\t\t\t\t\t<\/div>\n\t\t\t\t\t\t\t\t\t\t\t\t\t\t\t\t<div class=\"badge absolute top post-date badge-outline\">\n\t\t\t\t\t\t\t<div class=\"badge-inner\">\n\t\t\t\t\t\t\t\t<span class=\"post-date-day\">22<\/span><br>\n\t\t\t\t\t\t\t\t<span class=\"post-date-month is-xsmall\">Abr<\/span>\n\t\t\t\t\t\t\t<\/div>\n\t\t\t\t\t\t<\/div>\n\t\t\t\t\t\t\t\t\t<\/div>\n\t\t\t<\/div>\n\t\t<\/div><div class=\"col post-item grid-col grid-col-1-2 large-3 medium-6\" >\n\t\t\t<div class=\"col-inner\">\n\t\t\t\t<div class=\"box box-default box-text-bottom box-blog-post has-hover\">\n            \t\t\t\t\t<div class=\"box-image\" >\n  \t\t\t\t\t\t<div class=\"image-cover\" style=\"padding-top:56%;\">\n\t\t\t\t\t\t\t<a href=\"https:\/\/www.meine-tcm.com\/es\/wenn-der-schlaf-nicht-kommt-obwohl-du-muede-bist\/\" class=\"plain\" aria-label=\"Wenn der Schlaf nicht kommt, obwohl du m\u00fcde bist\">\n\t\t\t\t\t\t\t\t<img loading=\"lazy\" decoding=\"async\" width=\"280\" height=\"280\" src=\"https:\/\/www.meine-tcm.com\/wp-content\/uploads\/2026\/01\/laengere-tage-melatonin-seratonin-druck-mai-beitrag-1-280x280.jpg\" class=\"attachment-thumbnail size-thumbnail wp-post-image\" alt=\"Wer die Schwelle am Abend verpasst, nimmt den Tag mit in die Nacht.\" srcset=\"https:\/\/www.meine-tcm.com\/wp-content\/uploads\/2026\/01\/laengere-tage-melatonin-seratonin-druck-mai-beitrag-1-280x280.jpg 280w, https:\/\/www.meine-tcm.com\/wp-content\/uploads\/2026\/01\/laengere-tage-melatonin-seratonin-druck-mai-beitrag-1-100x100.jpg 100w, https:\/\/www.meine-tcm.com\/wp-content\/uploads\/2026\/01\/laengere-tage-melatonin-seratonin-druck-mai-beitrag-1-510x510.jpg 510w, https:\/\/www.meine-tcm.com\/wp-content\/uploads\/2026\/01\/laengere-tage-melatonin-seratonin-druck-mai-beitrag-1-400x400.jpg 400w, https:\/\/www.meine-tcm.com\/wp-content\/uploads\/2026\/01\/laengere-tage-melatonin-seratonin-druck-mai-beitrag-1-800x800.jpg 800w, https:\/\/www.meine-tcm.com\/wp-content\/uploads\/2026\/01\/laengere-tage-melatonin-seratonin-druck-mai-beitrag-1-768x768.jpg 768w, https:\/\/www.meine-tcm.com\/wp-content\/uploads\/2026\/01\/laengere-tage-melatonin-seratonin-druck-mai-beitrag-1-1536x1536.jpg 1536w, https:\/\/www.meine-tcm.com\/wp-content\/uploads\/2026\/01\/laengere-tage-melatonin-seratonin-druck-mai-beitrag-1-2048x2048.jpg 2048w, https:\/\/www.meine-tcm.com\/wp-content\/uploads\/2026\/01\/laengere-tage-melatonin-seratonin-druck-mai-beitrag-1-12x12.jpg 12w\" sizes=\"auto, (max-width: 280px) 100vw, 280px\" title=\"Wer die Schwelle am Abend verpasst, nimmt den Tag mit in die Nacht.\" \/>\t\t\t\t\t\t\t<\/a>\n  \t\t\t\t\t\t\t  \t\t\t\t\t\t\t  \t\t\t\t\t\t<\/div>\n  \t\t\t\t\t\t  \t\t\t\t\t<\/div>\n          \t\t\t\t\t<div class=\"box-text text-center\" >\n\t\t\t\t\t<div class=\"box-text-inner blog-post-inner\">\n\n\t\t\t\t\t\n\t\t\t\t\t\t\t\t\t\t\t<p class=\"cat-label  is-xxsmall op-7 uppercase\">\n\t\t\t\t\tConsejo TCM de la semana \t\t\t\t\t<\/p>\n\t\t\t\t\t\t\t\t\t\t<h5 class=\"post-title is-large\">\n\t\t\t\t\t\t<a href=\"https:\/\/www.meine-tcm.com\/es\/wenn-der-schlaf-nicht-kommt-obwohl-du-muede-bist\/\" class=\"plain\">Wenn der Schlaf nicht kommt, obwohl du m\u00fcde bist<\/a>\n\t\t\t\t\t<\/h5>\n\t\t\t\t\t\t\t\t\t\t<div class=\"is-divider\"><\/div>\n\t\t\t\t\t                    \n\t\t\t\t\t\n\t\t\t\t\t\n\t\t\t\t\t<\/div>\n\t\t\t\t\t<\/div>\n\t\t\t\t\t\t\t\t\t\t\t\t\t\t\t\t<div class=\"badge absolute top post-date badge-outline\">\n\t\t\t\t\t\t\t<div class=\"badge-inner\">\n\t\t\t\t\t\t\t\t<span class=\"post-date-day\">21<\/span><br>\n\t\t\t\t\t\t\t\t<span class=\"post-date-month is-xsmall\">Abr<\/span>\n\t\t\t\t\t\t\t<\/div>\n\t\t\t\t\t\t<\/div>\n\t\t\t\t\t\t\t\t\t<\/div>\n\t\t\t<\/div>\n\t\t<\/div><div class=\"col post-item grid-col grid-col-1-2 large-3 medium-6\" >\n\t\t\t<div class=\"col-inner\">\n\t\t\t\t<div class=\"box box-default box-text-bottom box-blog-post has-hover\">\n            \t\t\t\t\t<div class=\"box-image\" >\n  \t\t\t\t\t\t<div class=\"image-cover\" style=\"padding-top:56%;\">\n\t\t\t\t\t\t\t<a href=\"https:\/\/www.meine-tcm.com\/es\/warum-du-zwischen-1-und-3-uhr-aufwachst\/\" class=\"plain\" aria-label=\"Por qu\u00e9 te despiertas entre la 1 y las 3 de la madrugada\">\n\t\t\t\t\t\t\t\t<img loading=\"lazy\" decoding=\"async\" width=\"280\" height=\"280\" src=\"https:\/\/www.meine-tcm.com\/wp-content\/uploads\/2026\/01\/schlafstoerungen-april-beitrag-4-280x280.jpg\" class=\"attachment-thumbnail size-thumbnail wp-post-image\" alt=\"La noche tiene un mensaje. \u00bfPuedes o\u00edrlo?\" srcset=\"https:\/\/www.meine-tcm.com\/wp-content\/uploads\/2026\/01\/schlafstoerungen-april-beitrag-4-280x280.jpg 280w, https:\/\/www.meine-tcm.com\/wp-content\/uploads\/2026\/01\/schlafstoerungen-april-beitrag-4-100x100.jpg 100w, https:\/\/www.meine-tcm.com\/wp-content\/uploads\/2026\/01\/schlafstoerungen-april-beitrag-4-510x510.jpg 510w, https:\/\/www.meine-tcm.com\/wp-content\/uploads\/2026\/01\/schlafstoerungen-april-beitrag-4-400x400.jpg 400w, https:\/\/www.meine-tcm.com\/wp-content\/uploads\/2026\/01\/schlafstoerungen-april-beitrag-4-800x800.jpg 800w, https:\/\/www.meine-tcm.com\/wp-content\/uploads\/2026\/01\/schlafstoerungen-april-beitrag-4-768x768.jpg 768w, https:\/\/www.meine-tcm.com\/wp-content\/uploads\/2026\/01\/schlafstoerungen-april-beitrag-4-1536x1536.jpg 1536w, https:\/\/www.meine-tcm.com\/wp-content\/uploads\/2026\/01\/schlafstoerungen-april-beitrag-4-2048x2048.jpg 2048w, https:\/\/www.meine-tcm.com\/wp-content\/uploads\/2026\/01\/schlafstoerungen-april-beitrag-4-12x12.jpg 12w\" sizes=\"auto, (max-width: 280px) 100vw, 280px\" title=\"La noche tiene un mensaje. \u00bfPuedes o\u00edrlo?\" \/>\t\t\t\t\t\t\t<\/a>\n  \t\t\t\t\t\t\t  \t\t\t\t\t\t\t  \t\t\t\t\t\t<\/div>\n  \t\t\t\t\t\t  \t\t\t\t\t<\/div>\n          \t\t\t\t\t<div class=\"box-text text-center\" >\n\t\t\t\t\t<div class=\"box-text-inner blog-post-inner\">\n\n\t\t\t\t\t\n\t\t\t\t\t\t\t\t\t\t\t<p class=\"cat-label  is-xxsmall op-7 uppercase\">\n\t\t\t\t\tConsejo TCM de la semana \t\t\t\t\t<\/p>\n\t\t\t\t\t\t\t\t\t\t<h5 class=\"post-title is-large\">\n\t\t\t\t\t\t<a href=\"https:\/\/www.meine-tcm.com\/es\/warum-du-zwischen-1-und-3-uhr-aufwachst\/\" class=\"plain\">Por qu\u00e9 te despiertas entre la 1 y las 3 de la madrugada<\/a>\n\t\t\t\t\t<\/h5>\n\t\t\t\t\t\t\t\t\t\t<div class=\"is-divider\"><\/div>\n\t\t\t\t\t                    \n\t\t\t\t\t\n\t\t\t\t\t\n\t\t\t\t\t<\/div>\n\t\t\t\t\t<\/div>\n\t\t\t\t\t\t\t\t\t\t\t\t\t\t\t\t<div class=\"badge absolute top post-date badge-outline\">\n\t\t\t\t\t\t\t<div class=\"badge-inner\">\n\t\t\t\t\t\t\t\t<span class=\"post-date-day\">14<\/span><br>\n\t\t\t\t\t\t\t\t<span class=\"post-date-month is-xsmall\">Abr<\/span>\n\t\t\t\t\t\t\t<\/div>\n\t\t\t\t\t\t<\/div>\n\t\t\t\t\t\t\t\t\t<\/div>\n\t\t\t<\/div>\n\t\t<\/div><div class=\"col post-item grid-col grid-col-1-2 large-3 medium-6\" >\n\t\t\t<div class=\"col-inner\">\n\t\t\t\t<div class=\"box box-default box-text-bottom box-blog-post has-hover\">\n            \t\t\t\t\t<div class=\"box-image\" >\n  \t\t\t\t\t\t<div class=\"image-cover\" style=\"padding-top:56%;\">\n\t\t\t\t\t\t\t<a href=\"https:\/\/www.meine-tcm.com\/es\/wieder-geschmeidig-werden-in-jedem-alter\/\" class=\"plain\" aria-label=\"Recuperar la flexibilidad a cualquier edad\">\n\t\t\t\t\t\t\t\t<img loading=\"lazy\" decoding=\"async\" width=\"280\" height=\"280\" src=\"https:\/\/www.meine-tcm.com\/wp-content\/uploads\/2026\/01\/steifheit-april-beitrag-2-280x280.jpg\" class=\"attachment-thumbnail size-thumbnail wp-post-image\" alt=\"Una vez fuiste un ni\u00f1o que bailaba. Tu cuerpo no lo ha olvidado.\" srcset=\"https:\/\/www.meine-tcm.com\/wp-content\/uploads\/2026\/01\/steifheit-april-beitrag-2-280x280.jpg 280w, https:\/\/www.meine-tcm.com\/wp-content\/uploads\/2026\/01\/steifheit-april-beitrag-2-100x100.jpg 100w, https:\/\/www.meine-tcm.com\/wp-content\/uploads\/2026\/01\/steifheit-april-beitrag-2-510x510.jpg 510w, https:\/\/www.meine-tcm.com\/wp-content\/uploads\/2026\/01\/steifheit-april-beitrag-2-400x400.jpg 400w, https:\/\/www.meine-tcm.com\/wp-content\/uploads\/2026\/01\/steifheit-april-beitrag-2-800x800.jpg 800w, https:\/\/www.meine-tcm.com\/wp-content\/uploads\/2026\/01\/steifheit-april-beitrag-2-768x768.jpg 768w, https:\/\/www.meine-tcm.com\/wp-content\/uploads\/2026\/01\/steifheit-april-beitrag-2-1536x1536.jpg 1536w, https:\/\/www.meine-tcm.com\/wp-content\/uploads\/2026\/01\/steifheit-april-beitrag-2-2048x2048.jpg 2048w, https:\/\/www.meine-tcm.com\/wp-content\/uploads\/2026\/01\/steifheit-april-beitrag-2-12x12.jpg 12w\" sizes=\"auto, (max-width: 280px) 100vw, 280px\" title=\"Una vez fuiste un ni\u00f1o que bailaba. Tu cuerpo no lo ha olvidado.\" \/>\t\t\t\t\t\t\t<\/a>\n  \t\t\t\t\t\t\t  \t\t\t\t\t\t\t  \t\t\t\t\t\t<\/div>\n  \t\t\t\t\t\t  \t\t\t\t\t<\/div>\n          \t\t\t\t\t<div class=\"box-text text-center\" >\n\t\t\t\t\t<div class=\"box-text-inner blog-post-inner\">\n\n\t\t\t\t\t\n\t\t\t\t\t\t\t\t\t\t\t<p class=\"cat-label  is-xxsmall op-7 uppercase\">\n\t\t\t\t\tConsejo TCM de la semana \t\t\t\t\t<\/p>\n\t\t\t\t\t\t\t\t\t\t<h5 class=\"post-title is-large\">\n\t\t\t\t\t\t<a href=\"https:\/\/www.meine-tcm.com\/es\/wieder-geschmeidig-werden-in-jedem-alter\/\" class=\"plain\">Recuperar la flexibilidad a cualquier edad<\/a>\n\t\t\t\t\t<\/h5>\n\t\t\t\t\t\t\t\t\t\t<div class=\"is-divider\"><\/div>\n\t\t\t\t\t                    \n\t\t\t\t\t\n\t\t\t\t\t\n\t\t\t\t\t<\/div>\n\t\t\t\t\t<\/div>\n\t\t\t\t\t\t\t\t\t\t\t\t\t\t\t\t<div class=\"badge absolute top post-date badge-outline\">\n\t\t\t\t\t\t\t<div class=\"badge-inner\">\n\t\t\t\t\t\t\t\t<span class=\"post-date-day\">07<\/span><br>\n\t\t\t\t\t\t\t\t<span class=\"post-date-month is-xsmall\">Abr<\/span>\n\t\t\t\t\t\t\t<\/div>\n\t\t\t\t\t\t<\/div>\n\t\t\t\t\t\t\t\t\t<\/div>\n\t\t\t<\/div>\n\t\t<\/div><div class=\"col post-item grid-col grid-col-1-2 large-3 medium-6\" >\n\t\t\t<div class=\"col-inner\">\n\t\t\t\t<div class=\"box box-default box-text-bottom box-blog-post has-hover\">\n            \t\t\t\t\t<div class=\"box-image\" >\n  \t\t\t\t\t\t<div class=\"image-cover\" style=\"padding-top:56%;\">\n\t\t\t\t\t\t\t<a href=\"https:\/\/www.meine-tcm.com\/es\/wetterfuehlig-das-problem-ist-nicht-das-wetter\/\" class=\"plain\" aria-label=\"\u00bfSensible al tiempo? El problema no es el tiempo\">\n\t\t\t\t\t\t\t\t<img loading=\"lazy\" decoding=\"async\" width=\"280\" height=\"280\" src=\"https:\/\/www.meine-tcm.com\/wp-content\/uploads\/2026\/01\/kopfschmerzen-wind-april-beitrag-1-280x280.jpg\" class=\"attachment-thumbnail size-thumbnail wp-post-image\" alt=\"No puedes cambiar el viento. Pero puedes aprender a cerrar la ventana.\" srcset=\"https:\/\/www.meine-tcm.com\/wp-content\/uploads\/2026\/01\/kopfschmerzen-wind-april-beitrag-1-280x280.jpg 280w, https:\/\/www.meine-tcm.com\/wp-content\/uploads\/2026\/01\/kopfschmerzen-wind-april-beitrag-1-100x100.jpg 100w, https:\/\/www.meine-tcm.com\/wp-content\/uploads\/2026\/01\/kopfschmerzen-wind-april-beitrag-1-510x510.jpg 510w, https:\/\/www.meine-tcm.com\/wp-content\/uploads\/2026\/01\/kopfschmerzen-wind-april-beitrag-1-400x400.jpg 400w, https:\/\/www.meine-tcm.com\/wp-content\/uploads\/2026\/01\/kopfschmerzen-wind-april-beitrag-1-800x800.jpg 800w, https:\/\/www.meine-tcm.com\/wp-content\/uploads\/2026\/01\/kopfschmerzen-wind-april-beitrag-1-768x768.jpg 768w, https:\/\/www.meine-tcm.com\/wp-content\/uploads\/2026\/01\/kopfschmerzen-wind-april-beitrag-1-1536x1536.jpg 1536w, https:\/\/www.meine-tcm.com\/wp-content\/uploads\/2026\/01\/kopfschmerzen-wind-april-beitrag-1-2048x2048.jpg 2048w, https:\/\/www.meine-tcm.com\/wp-content\/uploads\/2026\/01\/kopfschmerzen-wind-april-beitrag-1-12x12.jpg 12w\" sizes=\"auto, (max-width: 280px) 100vw, 280px\" title=\"No puedes cambiar el viento. Pero puedes aprender a cerrar la ventana.\" \/>\t\t\t\t\t\t\t<\/a>\n  \t\t\t\t\t\t\t  \t\t\t\t\t\t\t  \t\t\t\t\t\t<\/div>\n  \t\t\t\t\t\t  \t\t\t\t\t<\/div>\n          \t\t\t\t\t<div class=\"box-text text-center\" >\n\t\t\t\t\t<div class=\"box-text-inner blog-post-inner\">\n\n\t\t\t\t\t\n\t\t\t\t\t\t\t\t\t\t\t<p class=\"cat-label  is-xxsmall op-7 uppercase\">\n\t\t\t\t\tConsejo TCM de la semana \t\t\t\t\t<\/p>\n\t\t\t\t\t\t\t\t\t\t<h5 class=\"post-title is-large\">\n\t\t\t\t\t\t<a href=\"https:\/\/www.meine-tcm.com\/es\/wetterfuehlig-das-problem-ist-nicht-das-wetter\/\" class=\"plain\">\u00bfSensible al tiempo? El problema no es el tiempo<\/a>\n\t\t\t\t\t<\/h5>\n\t\t\t\t\t\t\t\t\t\t<div class=\"is-divider\"><\/div>\n\t\t\t\t\t                    \n\t\t\t\t\t\n\t\t\t\t\t\n\t\t\t\t\t<\/div>\n\t\t\t\t\t<\/div>\n\t\t\t\t\t\t\t\t\t\t\t\t\t\t\t\t<div class=\"badge absolute top post-date badge-outline\">\n\t\t\t\t\t\t\t<div class=\"badge-inner\">\n\t\t\t\t\t\t\t\t<span class=\"post-date-day\">31<\/span><br>\n\t\t\t\t\t\t\t\t<span class=\"post-date-month is-xsmall\">Mar<\/span>\n\t\t\t\t\t\t\t<\/div>\n\t\t\t\t\t\t<\/div>\n\t\t\t\t\t\t\t\t\t<\/div>\n\t\t\t<\/div>\n\t\t<\/div><\/div>\n\n\n\t\t<\/div>\n\t\t\t\t\n<style>\n#col-319333672 > .col-inner {\n  max-width: 1060px;\n}\n<\/style>\n\t<\/div>\n\n\t\n\n<\/div>\n\n\t\t<\/div>\n\n\t\t\n<style>\n#section_1332110020 {\n  padding-top: 0px;\n  padding-bottom: 0px;\n}\n<\/style>\n\t<\/section>\n\t\n\t<div id=\"gap-1128724369\" class=\"gap-element clearfix\" style=\"display:block; height:auto;\">\n\t\t\n<style>\n#gap-1128724369 {\n  padding-top: 20px;\n}\n<\/style>\n\t<\/div>\n\t\n\n\n\t<section class=\"section h2\" id=\"section_225031018\">\n\t\t<div class=\"section-bg fill\" >\n\t\t\t\t\t\t\t\t\t\n\t\t\t\n\n\t\t<\/div>\n\n\t\t\n\n\t\t<div class=\"section-content relative\">\n\t\t\t\n\n<div class=\"row row-collapse align-center\"  id=\"row-100499948\">\n\n\n\t<div id=\"col-722619483\" class=\"col small-12 large-12\"  >\n\t\t\t\t<div class=\"col-inner text-center\"  >\n\t\t\t\n\t\t\t\n\n<h2>Nuestros productos m\u00e1s populares<\/h2>\n\n\t\t<\/div>\n\t\t\t\t\n<style>\n#col-722619483 > .col-inner {\n  max-width: 960px;\n}\n<\/style>\n\t<\/div>\n\n\t\n\n<\/div>\n\n\t\t<\/div>\n\n\t\t\n<style>\n#section_225031018 {\n  padding-top: 0px;\n  padding-bottom: 0px;\n}\n<\/style>\n\t<\/section>\n\t\n\t<div id=\"gap-340426712\" class=\"gap-element clearfix\" style=\"display:block; height:auto;\">\n\t\t\n<style>\n#gap-340426712 {\n  padding-top: 10px;\n}\n<\/style>\n\t<\/div>\n\t\n\n\n\t<section class=\"section top-produkte\" id=\"section_2009317417\">\n\t\t<div class=\"section-bg fill\" >\n\t\t\t\t\t\t\t\t\t\n\t\t\t\n\n\t\t<\/div>\n\n\t\t\n\n\t\t<div class=\"section-content relative\">\n\t\t\t\n\n<div class=\"row row-collapse align-center\"  id=\"row-427302735\">\n\n\n\t<div id=\"col-451882796\" class=\"col small-12 large-12\"  >\n\t\t\t\t<div class=\"col-inner text-left\"  >\n\t\t\t\n\t\t\t\n\n\t\n  \n    <div class=\"row  equalize-box large-columns-5 medium-columns-3 small-columns-2 row-small\" >\n  \n\t     <div class=\"col\" >\n\t\t\t\t\t\t<div class=\"col-inner\">\n\t\t\t\t\t\t\n<div class=\"badge-container absolute left top z-1\">\n\n<\/div>\n\t\t\t\t\t\t<div class=\"product-small box has-hover box-normal box-text-bottom\">\n\t\t\t\t\t\t\t<div class=\"box-image\" >\n\t\t\t\t\t\t\t\t<div class=\"image-zoom\" >\n\t\t\t\t\t\t\t\t\t<a href=\"https:\/\/www.meine-tcm.com\/es\/produkt\/qi-gong-fuer-anfaenger-und-leicht-fortgeschrittene\/\" aria-label=\"Curso de Qi Gong para principiantes y estudiantes ligeramente avanzados\">\n\t\t\t\t\t\t\t\t\t\t<img loading=\"lazy\" decoding=\"async\" width=\"247\" height=\"296\" src=\"https:\/\/www.meine-tcm.com\/wp-content\/uploads\/2014\/08\/qi-gong-kurs-fuer-anfaenger-06-online-ansehen-mobile-247x296.jpg\" class=\"show-on-hover absolute fill hide-for-small back-image\" alt=\"La mano sostiene un smartphone, en la pantalla el portal de cursos en l\u00ednea de Einfach besser leben\" aria-hidden=\"true\" title=\"Curso de Qi Gong para principiantes de Einfach besser leben Online\" \/><img loading=\"lazy\" decoding=\"async\" width=\"283\" height=\"400\" src=\"https:\/\/www.meine-tcm.com\/wp-content\/uploads\/2014\/08\/1cover-qi-gong-fuer-anfaenger-283x400.jpg\" class=\"attachment-medium size-medium\" alt=\"Foto de portada del curso de Qi Gong para principiantes con Wolfgang en la foto\" srcset=\"https:\/\/www.meine-tcm.com\/wp-content\/uploads\/2014\/08\/1cover-qi-gong-fuer-anfaenger-283x400.jpg 283w, https:\/\/www.meine-tcm.com\/wp-content\/uploads\/2014\/08\/1cover-qi-gong-fuer-anfaenger-510x721.jpg 510w, https:\/\/www.meine-tcm.com\/wp-content\/uploads\/2014\/08\/1cover-qi-gong-fuer-anfaenger-566x800.jpg 566w, https:\/\/www.meine-tcm.com\/wp-content\/uploads\/2014\/08\/1cover-qi-gong-fuer-anfaenger-600x848.jpg 600w, https:\/\/www.meine-tcm.com\/wp-content\/uploads\/2014\/08\/1cover-qi-gong-fuer-anfaenger.jpg 764w\" sizes=\"auto, (max-width: 283px) 100vw, 283px\" title=\"Curso de Qi Gong para principiantes de Einfach besser leben\" \/>\t\t\t\t\t\t\t\t\t<\/a>\n\t\t\t\t\t\t\t\t\t\t\t\t\t\t\t\t\t\t \t\t\t\t\t\t\t\t<\/div>\n\t\t\t\t\t\t\t\t<div class=\"image-tools top right show-on-hover\">\n\t\t\t\t\t\t\t\t\t\t\t\t\t\t\t\t\t<\/div>\n\t\t\t\t\t\t\t\t\t\t\t\t\t\t\t\t\t<div class=\"image-tools grid-tools text-center hide-for-small bottom hover-slide-in show-on-hover\">\n\t\t\t\t\t\t\t\t\t\t<a href=\"#quick-view\" class=\"quick-view\" role=\"button\" data-prod=\"1368\" aria-haspopup=\"dialog\" aria-expanded=\"false\" data-flatsome-role-button>Vista R\u00e1pida<\/a>\t\t\t\t\t\t\t\t\t<\/div>\n\t\t\t\t\t\t\t\t\t\t\t\t\t\t\t\t\t\t\t\t\t\t\t<\/div>\n\n\t\t\t\t\t\t\t<div class=\"box-text text-center\" >\n\t\t\t\t\t\t\t\t<div class=\"title-wrapper\">\t\t<p class=\"category uppercase is-smaller no-text-overflow product-cat op-8\">\n\t\t\tQi Gong\t\t<\/p>\n\t<p class=\"name product-title woocommerce-loop-product__title\"><a href=\"https:\/\/www.meine-tcm.com\/es\/produkt\/qi-gong-fuer-anfaenger-und-leicht-fortgeschrittene\/\" class=\"woocommerce-LoopProduct-link woocommerce-loop-product__link\">Curso de Qi Gong para principiantes y estudiantes ligeramente avanzados<\/a><\/p><\/div><div class=\"price-wrapper\">\n\t<span class=\"price\"><span class=\"woocommerce-Price-amount amount\"><bdi>25,11&nbsp;<span class=\"woocommerce-Price-currencySymbol\">\u20ac<\/span><\/bdi><\/span><\/span>\n\n\n<\/div>\t<span id=\"woocommerce_loop_add_to_cart_link_describedby_1368\" class=\"screen-reader-text\">\n\t\tEste producto tiene m\u00faltiples variantes. Las opciones se pueden elegir en la p\u00e1gina de producto\t<\/span>\n\t\t\t\t\t\t\t<\/div>\n\t\t\t\t\t\t<\/div>\n\t\t\t\t\t\t<\/div>\n\t\t\t\t\t<\/div><div class=\"col\" >\n\t\t\t\t\t\t<div class=\"col-inner\">\n\t\t\t\t\t\t\n<div class=\"badge-container absolute left top z-1\">\n\n<\/div>\n\t\t\t\t\t\t<div class=\"product-small box has-hover box-normal box-text-bottom\">\n\t\t\t\t\t\t\t<div class=\"box-image\" >\n\t\t\t\t\t\t\t\t<div class=\"image-zoom\" >\n\t\t\t\t\t\t\t\t\t<a href=\"https:\/\/www.meine-tcm.com\/es\/produkt\/akupen-der-geniale-akupunkturstift-mit-videoanleitung\/\" aria-label=\"AkuPen: el ingenioso bol\u00edgrafo de acupuntura con instrucciones en v\u00eddeo\">\n\t\t\t\t\t\t\t\t\t\t<img loading=\"lazy\" decoding=\"async\" width=\"247\" height=\"296\" src=\"https:\/\/www.meine-tcm.com\/wp-content\/uploads\/2014\/08\/Akupen-weiss-vertikal-3-247x296.jpg\" class=\"show-on-hover absolute fill hide-for-small back-image\" alt=\"AkuPen abierto\" aria-hidden=\"true\" title=\"AkuPen de Einfach besser leben\" \/><img loading=\"lazy\" decoding=\"async\" width=\"283\" height=\"400\" src=\"https:\/\/www.meine-tcm.com\/wp-content\/uploads\/2014\/08\/Akupen-mit-Verpackung-auf-weiss-2400x3392-1-283x400.jpg\" class=\"attachment-medium size-medium\" alt=\"AukPen con embalaje de madera\" srcset=\"https:\/\/www.meine-tcm.com\/wp-content\/uploads\/2014\/08\/Akupen-mit-Verpackung-auf-weiss-2400x3392-1-283x400.jpg 283w, https:\/\/www.meine-tcm.com\/wp-content\/uploads\/2014\/08\/Akupen-mit-Verpackung-auf-weiss-2400x3392-1-scaled-510x721.jpg 510w, https:\/\/www.meine-tcm.com\/wp-content\/uploads\/2014\/08\/Akupen-mit-Verpackung-auf-weiss-2400x3392-1-566x800.jpg 566w, https:\/\/www.meine-tcm.com\/wp-content\/uploads\/2014\/08\/Akupen-mit-Verpackung-auf-weiss-2400x3392-1-768x1085.jpg 768w, https:\/\/www.meine-tcm.com\/wp-content\/uploads\/2014\/08\/Akupen-mit-Verpackung-auf-weiss-2400x3392-1-1087x1536.jpg 1087w, https:\/\/www.meine-tcm.com\/wp-content\/uploads\/2014\/08\/Akupen-mit-Verpackung-auf-weiss-2400x3392-1-1449x2048.jpg 1449w, https:\/\/www.meine-tcm.com\/wp-content\/uploads\/2014\/08\/Akupen-mit-Verpackung-auf-weiss-2400x3392-1-8x12.jpg 8w, https:\/\/www.meine-tcm.com\/wp-content\/uploads\/2014\/08\/Akupen-mit-Verpackung-auf-weiss-2400x3392-1-scaled.jpg 1811w\" sizes=\"auto, (max-width: 283px) 100vw, 283px\" title=\"AkuPen con instrucciones en v\u00eddeo\" \/>\t\t\t\t\t\t\t\t\t<\/a>\n\t\t\t\t\t\t\t\t\t\t\t\t\t\t\t\t\t\t \t\t\t\t\t\t\t\t<\/div>\n\t\t\t\t\t\t\t\t<div class=\"image-tools top right show-on-hover\">\n\t\t\t\t\t\t\t\t\t\t\t\t\t\t\t\t\t<\/div>\n\t\t\t\t\t\t\t\t\t\t\t\t\t\t\t\t\t<div class=\"image-tools grid-tools text-center hide-for-small bottom hover-slide-in show-on-hover\">\n\t\t\t\t\t\t\t\t\t\t<a href=\"#quick-view\" class=\"quick-view\" role=\"button\" data-prod=\"1365\" aria-haspopup=\"dialog\" aria-expanded=\"false\" data-flatsome-role-button>Vista R\u00e1pida<\/a>\t\t\t\t\t\t\t\t\t<\/div>\n\t\t\t\t\t\t\t\t\t\t\t\t\t\t\t\t\t\t\t\t\t\t\t<\/div>\n\n\t\t\t\t\t\t\t<div class=\"box-text text-center\" >\n\t\t\t\t\t\t\t\t<div class=\"title-wrapper\">\t\t<p class=\"category uppercase is-smaller no-text-overflow product-cat op-8\">\n\t\t\tAkuPen\t\t<\/p>\n\t<p class=\"name product-title woocommerce-loop-product__title\"><a href=\"https:\/\/www.meine-tcm.com\/es\/produkt\/akupen-der-geniale-akupunkturstift-mit-videoanleitung\/\" class=\"woocommerce-LoopProduct-link woocommerce-loop-product__link\">AkuPen: el ingenioso bol\u00edgrafo de acupuntura con instrucciones en v\u00eddeo<\/a><\/p><\/div><div class=\"price-wrapper\">\n\t<span class=\"price\"><span class=\"woocommerce-Price-amount amount\"><bdi>80,57&nbsp;<span class=\"woocommerce-Price-currencySymbol\">\u20ac<\/span><\/bdi><\/span><\/span>\n\n\n<\/div>\t<span id=\"woocommerce_loop_add_to_cart_link_describedby_1365\" class=\"screen-reader-text\">\n\t\t\t<\/span>\n\t\t\t\t\t\t\t<\/div>\n\t\t\t\t\t\t<\/div>\n\t\t\t\t\t\t<\/div>\n\t\t\t\t\t<\/div><div class=\"col\" >\n\t\t\t\t\t\t<div class=\"col-inner\">\n\t\t\t\t\t\t\n<div class=\"badge-container absolute left top z-1\">\n\n<\/div>\n\t\t\t\t\t\t<div class=\"product-small box has-hover box-normal box-text-bottom\">\n\t\t\t\t\t\t\t<div class=\"box-image\" >\n\t\t\t\t\t\t\t\t<div class=\"image-zoom\" >\n\t\t\t\t\t\t\t\t\t<a href=\"https:\/\/www.meine-tcm.com\/es\/produkt\/qi-gong-kurs-18-figuren-der-harmonie\/\" aria-label=\"Curso de Qi Gong II - Las 18 figuras de la armon\u00eda\">\n\t\t\t\t\t\t\t\t\t\t<img loading=\"lazy\" decoding=\"async\" width=\"247\" height=\"296\" src=\"https:\/\/www.meine-tcm.com\/wp-content\/uploads\/2014\/08\/qi-gong-kurs-18-figuren-der-harmonie-05-smartphone-247x296.jpg\" class=\"show-on-hover absolute fill hide-for-small back-image\" alt=\"La mano sostiene un smartphone, en la pantalla el portal de cursos en l\u00ednea de Einfach besser leben\" aria-hidden=\"true\" title=\"Cursos de v\u00eddeo en l\u00ednea de Einfach besser leben\" \/><img loading=\"lazy\" decoding=\"async\" width=\"283\" height=\"400\" src=\"https:\/\/www.meine-tcm.com\/wp-content\/uploads\/2014\/08\/qi-gong-kurs-18-figuren-der-harmonie-01-283x400.jpg\" class=\"attachment-medium size-medium\" alt=\"Portada del curso de Qi Qong moderno - Las 18 figuras de la armon\u00eda\" srcset=\"https:\/\/www.meine-tcm.com\/wp-content\/uploads\/2014\/08\/qi-gong-kurs-18-figuren-der-harmonie-01-283x400.jpg 283w, https:\/\/www.meine-tcm.com\/wp-content\/uploads\/2014\/08\/qi-gong-kurs-18-figuren-der-harmonie-01-510x721.jpg 510w, https:\/\/www.meine-tcm.com\/wp-content\/uploads\/2014\/08\/qi-gong-kurs-18-figuren-der-harmonie-01-566x800.jpg 566w, https:\/\/www.meine-tcm.com\/wp-content\/uploads\/2014\/08\/qi-gong-kurs-18-figuren-der-harmonie-01-600x848.jpg 600w, https:\/\/www.meine-tcm.com\/wp-content\/uploads\/2014\/08\/qi-gong-kurs-18-figuren-der-harmonie-01.jpg 764w\" sizes=\"auto, (max-width: 283px) 100vw, 283px\" title=\"Curso de Qi Qong - Las 18 figuras de la armon\u00eda\" \/>\t\t\t\t\t\t\t\t\t<\/a>\n\t\t\t\t\t\t\t\t\t\t\t\t\t\t\t\t\t\t \t\t\t\t\t\t\t\t<\/div>\n\t\t\t\t\t\t\t\t<div class=\"image-tools top right show-on-hover\">\n\t\t\t\t\t\t\t\t\t\t\t\t\t\t\t\t\t<\/div>\n\t\t\t\t\t\t\t\t\t\t\t\t\t\t\t\t\t<div class=\"image-tools grid-tools text-center hide-for-small bottom hover-slide-in show-on-hover\">\n\t\t\t\t\t\t\t\t\t\t<a href=\"#quick-view\" class=\"quick-view\" role=\"button\" data-prod=\"1376\" aria-haspopup=\"dialog\" aria-expanded=\"false\" data-flatsome-role-button>Vista R\u00e1pida<\/a>\t\t\t\t\t\t\t\t\t<\/div>\n\t\t\t\t\t\t\t\t\t\t\t\t\t\t\t\t\t\t\t\t\t\t\t<\/div>\n\n\t\t\t\t\t\t\t<div class=\"box-text text-center\" >\n\t\t\t\t\t\t\t\t<div class=\"title-wrapper\">\t\t<p class=\"category uppercase is-smaller no-text-overflow product-cat op-8\">\n\t\t\tQi Gong\t\t<\/p>\n\t<p class=\"name product-title woocommerce-loop-product__title\"><a href=\"https:\/\/www.meine-tcm.com\/es\/produkt\/qi-gong-kurs-18-figuren-der-harmonie\/\" class=\"woocommerce-LoopProduct-link woocommerce-loop-product__link\">Curso de Qi Gong II - Las 18 figuras de la armon\u00eda<\/a><\/p><\/div><div class=\"price-wrapper\">\n\t<span class=\"price\"><span class=\"woocommerce-Price-amount amount\"><bdi>35,19&nbsp;<span class=\"woocommerce-Price-currencySymbol\">\u20ac<\/span><\/bdi><\/span><\/span>\n\n\n<\/div>\t<span id=\"woocommerce_loop_add_to_cart_link_describedby_1376\" class=\"screen-reader-text\">\n\t\tEste producto tiene m\u00faltiples variantes. Las opciones se pueden elegir en la p\u00e1gina de producto\t<\/span>\n\t\t\t\t\t\t\t<\/div>\n\t\t\t\t\t\t<\/div>\n\t\t\t\t\t\t<\/div>\n\t\t\t\t\t<\/div><div class=\"col\" >\n\t\t\t\t\t\t<div class=\"col-inner\">\n\t\t\t\t\t\t\n<div class=\"badge-container absolute left top z-1\">\n\n<\/div>\n\t\t\t\t\t\t<div class=\"product-small box has-hover box-normal box-text-bottom\">\n\t\t\t\t\t\t\t<div class=\"box-image\" >\n\t\t\t\t\t\t\t\t<div class=\"image-zoom\" >\n\t\t\t\t\t\t\t\t\t<a href=\"https:\/\/www.meine-tcm.com\/es\/produkt\/qi-gong-kurs-8-brokate\/\" aria-label=\"Los 8 Brocados - El Curso Moderno de Qi Gong I\">\n\t\t\t\t\t\t\t\t\t\t<img loading=\"lazy\" decoding=\"async\" width=\"247\" height=\"296\" src=\"https:\/\/www.meine-tcm.com\/wp-content\/uploads\/2014\/06\/qi-gong-kurs-8-brokate-07-smartphone-247x296.jpg\" class=\"show-on-hover absolute fill hide-for-small back-image\" alt=\"La mano sostiene un smartphone, en la pantalla el portal de cursos en l\u00ednea de Einfach besser leben\" aria-hidden=\"true\" title=\"Cursos de v\u00eddeo en l\u00ednea de Einfach besser leben\" \/><img loading=\"lazy\" decoding=\"async\" width=\"283\" height=\"400\" src=\"https:\/\/www.meine-tcm.com\/wp-content\/uploads\/2014\/06\/1qi-gong-i-283x400.jpg\" class=\"attachment-medium size-medium\" alt=\"Foto de portada del curso de Qi Gong moderno 8 brocados con Wolfgang\" srcset=\"https:\/\/www.meine-tcm.com\/wp-content\/uploads\/2014\/06\/1qi-gong-i-283x400.jpg 283w, https:\/\/www.meine-tcm.com\/wp-content\/uploads\/2014\/06\/1qi-gong-i-510x720.jpg 510w, https:\/\/www.meine-tcm.com\/wp-content\/uploads\/2014\/06\/1qi-gong-i-566x800.jpg 566w, https:\/\/www.meine-tcm.com\/wp-content\/uploads\/2014\/06\/1qi-gong-i-768x1085.jpg 768w, https:\/\/www.meine-tcm.com\/wp-content\/uploads\/2014\/06\/1qi-gong-i-600x847.jpg 600w, https:\/\/www.meine-tcm.com\/wp-content\/uploads\/2014\/06\/1qi-gong-i.jpg 1062w\" sizes=\"auto, (max-width: 283px) 100vw, 283px\" title=\"El curso moderno de Qi Gong 8 Brocados de Simplemente Vivir Mejor\" \/>\t\t\t\t\t\t\t\t\t<\/a>\n\t\t\t\t\t\t\t\t\t\t\t\t\t\t\t\t\t\t \t\t\t\t\t\t\t\t<\/div>\n\t\t\t\t\t\t\t\t<div class=\"image-tools top right show-on-hover\">\n\t\t\t\t\t\t\t\t\t\t\t\t\t\t\t\t\t<\/div>\n\t\t\t\t\t\t\t\t\t\t\t\t\t\t\t\t\t<div class=\"image-tools grid-tools text-center hide-for-small bottom hover-slide-in show-on-hover\">\n\t\t\t\t\t\t\t\t\t\t<a href=\"#quick-view\" class=\"quick-view\" role=\"button\" data-prod=\"1416\" aria-haspopup=\"dialog\" aria-expanded=\"false\" data-flatsome-role-button>Vista R\u00e1pida<\/a>\t\t\t\t\t\t\t\t\t<\/div>\n\t\t\t\t\t\t\t\t\t\t\t\t\t\t\t\t\t\t\t\t\t\t\t<\/div>\n\n\t\t\t\t\t\t\t<div class=\"box-text text-center\" >\n\t\t\t\t\t\t\t\t<div class=\"title-wrapper\">\t\t<p class=\"category uppercase is-smaller no-text-overflow product-cat op-8\">\n\t\t\tQi Gong\t\t<\/p>\n\t<p class=\"name product-title woocommerce-loop-product__title\"><a href=\"https:\/\/www.meine-tcm.com\/es\/produkt\/qi-gong-kurs-8-brokate\/\" class=\"woocommerce-LoopProduct-link woocommerce-loop-product__link\">Los 8 Brocados - El Curso Moderno de Qi Gong I<\/a><\/p><\/div><div class=\"price-wrapper\">\n\t<span class=\"price\"><span class=\"woocommerce-Price-amount amount\"><bdi>25,11&nbsp;<span class=\"woocommerce-Price-currencySymbol\">\u20ac<\/span><\/bdi><\/span><\/span>\n\n\n<\/div>\t<span id=\"woocommerce_loop_add_to_cart_link_describedby_1416\" class=\"screen-reader-text\">\n\t\tEste producto tiene m\u00faltiples variantes. Las opciones se pueden elegir en la p\u00e1gina de producto\t<\/span>\n\t\t\t\t\t\t\t<\/div>\n\t\t\t\t\t\t<\/div>\n\t\t\t\t\t\t<\/div>\n\t\t\t\t\t<\/div><div class=\"col\" >\n\t\t\t\t\t\t<div class=\"col-inner\">\n\t\t\t\t\t\t\n<div class=\"badge-container absolute left top z-1\">\n\n<\/div>\n\t\t\t\t\t\t<div class=\"product-small box has-hover box-normal box-text-bottom\">\n\t\t\t\t\t\t\t<div class=\"box-image\" >\n\t\t\t\t\t\t\t\t<div class=\"image-zoom\" >\n\t\t\t\t\t\t\t\t\t<a href=\"https:\/\/www.meine-tcm.com\/es\/produkt\/weidinger-w08-warme-mitte\/\" aria-label=\"Weidinger W08 - Centro c\u00e1lido\">\n\t\t\t\t\t\t\t\t\t\t<img loading=\"lazy\" decoding=\"async\" width=\"247\" height=\"296\" src=\"https:\/\/www.meine-tcm.com\/wp-content\/uploads\/2024\/04\/weidinger-w08-warme-mitte-240-tabletten-1-247x296.jpg\" class=\"show-on-hover absolute fill hide-for-small back-image\" alt=\"Mezcla de hierbas MTC W08 - Centro caliente del Dr. Weidinger\" aria-hidden=\"true\" title=\"Mezcla de hierbas MTC W08 - Centro caliente del Dr. Weidinger\" \/><img loading=\"lazy\" decoding=\"async\" width=\"400\" height=\"400\" src=\"https:\/\/www.meine-tcm.com\/wp-content\/uploads\/2024\/04\/weidinger-w08-warme-mitte-240-tabletten-400x400.jpg\" class=\"attachment-medium size-medium\" alt=\"Mezcla de hierbas MTC W08 - Centro caliente del Dr. Weidinger\" srcset=\"https:\/\/www.meine-tcm.com\/wp-content\/uploads\/2024\/04\/weidinger-w08-warme-mitte-240-tabletten-400x400.jpg 400w, https:\/\/www.meine-tcm.com\/wp-content\/uploads\/2024\/04\/weidinger-w08-warme-mitte-240-tabletten-100x100.jpg 100w, https:\/\/www.meine-tcm.com\/wp-content\/uploads\/2024\/04\/weidinger-w08-warme-mitte-240-tabletten-510x510.jpg 510w, https:\/\/www.meine-tcm.com\/wp-content\/uploads\/2024\/04\/weidinger-w08-warme-mitte-240-tabletten-800x800.jpg 800w, https:\/\/www.meine-tcm.com\/wp-content\/uploads\/2024\/04\/weidinger-w08-warme-mitte-240-tabletten-280x280.jpg 280w, https:\/\/www.meine-tcm.com\/wp-content\/uploads\/2024\/04\/weidinger-w08-warme-mitte-240-tabletten-768x768.jpg 768w, https:\/\/www.meine-tcm.com\/wp-content\/uploads\/2024\/04\/weidinger-w08-warme-mitte-240-tabletten-12x12.jpg 12w, https:\/\/www.meine-tcm.com\/wp-content\/uploads\/2024\/04\/weidinger-w08-warme-mitte-240-tabletten.jpg 1200w\" sizes=\"auto, (max-width: 400px) 100vw, 400px\" title=\"Mezcla de hierbas MTC W08 - Centro caliente del Dr. Weidinger\" \/>\t\t\t\t\t\t\t\t\t<\/a>\n\t\t\t\t\t\t\t\t\t\t\t\t\t\t\t\t\t\t \t\t\t\t\t\t\t\t<\/div>\n\t\t\t\t\t\t\t\t<div class=\"image-tools top right show-on-hover\">\n\t\t\t\t\t\t\t\t\t\t\t\t\t\t\t\t\t<\/div>\n\t\t\t\t\t\t\t\t\t\t\t\t\t\t\t\t\t<div class=\"image-tools grid-tools text-center hide-for-small bottom hover-slide-in show-on-hover\">\n\t\t\t\t\t\t\t\t\t\t<a href=\"#quick-view\" class=\"quick-view\" role=\"button\" data-prod=\"1295\" aria-haspopup=\"dialog\" aria-expanded=\"false\" data-flatsome-role-button>Vista R\u00e1pida<\/a>\t\t\t\t\t\t\t\t\t<\/div>\n\t\t\t\t\t\t\t\t\t\t\t\t\t\t\t\t\t\t\t\t\t\t\t<\/div>\n\n\t\t\t\t\t\t\t<div class=\"box-text text-center\" >\n\t\t\t\t\t\t\t\t<div class=\"title-wrapper\">\t\t<p class=\"category uppercase is-smaller no-text-overflow product-cat op-8\">\n\t\t\tHierbas MTC\t\t<\/p>\n\t<p class=\"name product-title woocommerce-loop-product__title\"><a href=\"https:\/\/www.meine-tcm.com\/es\/produkt\/weidinger-w08-warme-mitte\/\" class=\"woocommerce-LoopProduct-link woocommerce-loop-product__link\">Weidinger W08 - Centro c\u00e1lido<\/a><\/p><p class=\"woocommerce-loop-product__subtitle wp-subtitle\">Mezcla de hierbas MTC<\/p><\/div><div class=\"price-wrapper\">\n\t<span class=\"price\"><span class=\"woocommerce-Price-amount amount\"><bdi>62,50&nbsp;<span class=\"woocommerce-Price-currencySymbol\">\u20ac<\/span><\/bdi><\/span><\/span>\n\n\n<\/div>\t<span id=\"woocommerce_loop_add_to_cart_link_describedby_1295\" class=\"screen-reader-text\">\n\t\t\t<\/span>\n\t\t\t\t\t\t\t<\/div>\n\t\t\t\t\t\t<\/div>\n\t\t\t\t\t\t<\/div>\n\t\t\t\t\t<\/div><\/div>\n\n\n\t\t<\/div>\n\t\t\t\t\n<style>\n#col-451882796 > .col-inner {\n  max-width: 1200px;\n}\n<\/style>\n\t<\/div>\n\n\t\n\n<\/div>\n\n\t\t<\/div>\n\n\t\t\n<style>\n#section_2009317417 {\n  padding-top: 0px;\n  padding-bottom: 0px;\n}\n<\/style>\n\t<\/section>\n\t\n\n\n<style>\nh2 {\ntext-align: left;\n}\n\nsection.one-image .img {\nmargin-bottom: 0 !important;\n}\n\nsection.one-image img {\n    border-radius: 15px;\n}\n<\/style>\n\n\n\n\n<p><\/p>","protected":false},"excerpt":{"rendered":"<p>Todav\u00eda hace fr\u00edo fuera. El invierno se mantiene firme. \u00bfPero tu cuerpo?<br \/>\nHace tiempo que lo siente. Algo quiere soltarse.<\/p>\n<p>Tal vez lo notes: Un cansancio que no tiene motivo. Presi\u00f3n en las sienes. Una irritabilidad que surge de la nada. Piel que se mancha. Sue\u00f1o que no se recupera.<\/p>\n<p>No es tu imaginaci\u00f3n. Es tu cuerpo el que quiere hacer limpieza, incluso antes de que llegue la primavera. Tu h\u00edgado ha anunciado una limpieza a fondo.<br \/>\nLa \u00fanica pregunta es: \u00bfla ayudas o te aguantas?<\/p>","protected":false},"author":3859,"featured_media":24336,"comment_status":"open","ping_status":"open","sticky":false,"template":"","format":"standard","meta":{"_acf_changed":false,"footnotes":""},"categories":[300],"tags":[],"class_list":["post-24335","post","type-post","status-publish","format-standard","has-post-thumbnail","hentry","category-tcm-tipp-der-woche"],"acf":[],"yoast_head":"<!-- This site is optimized with the Yoast SEO plugin v27.3 - https:\/\/yoast.com\/product\/yoast-seo-wordpress\/ -->\n<title>Leber entgiften im Fr\u00fchling: TCM\u2013Tipps ohne Extrem<\/title>\n<meta name=\"description\" content=\"Fr\u00fchlingsm\u00fcdigkeit, Kopfschmerzen, Gereiztheit? Deine Leber r\u00e4umt auf. Erfahre, wie du sie aus TCM-Sicht unterst\u00fctzt \u2014 ohne Saftkur oder Fasten.\" \/>\n<meta name=\"robots\" content=\"index, follow, max-snippet:-1, max-image-preview:large, max-video-preview:-1\" \/>\n<link rel=\"canonical\" href=\"https:\/\/www.meine-tcm.com\/es\/cansado-a-pesar-de-la-primavera-tu-higado-necesita-ayuda\/\" \/>\n<meta property=\"og:locale\" content=\"es_ES\" \/>\n<meta property=\"og:type\" content=\"article\" \/>\n<meta property=\"og:title\" content=\"Leber entgiften im Fr\u00fchling: TCM\u2013Tipps ohne Extrem\" \/>\n<meta property=\"og:description\" content=\"Fr\u00fchlingsm\u00fcdigkeit, Kopfschmerzen, Gereiztheit? Deine Leber r\u00e4umt auf. Erfahre, wie du sie aus TCM-Sicht unterst\u00fctzt \u2014 ohne Saftkur oder Fasten.\" \/>\n<meta property=\"og:url\" content=\"https:\/\/www.meine-tcm.com\/es\/cansado-a-pesar-de-la-primavera-tu-higado-necesita-ayuda\/\" \/>\n<meta property=\"og:site_name\" content=\"meine TCM | Traditionelle Chinesische Medizin einfach erkl\u00e4rt\" \/>\n<meta property=\"article:published_time\" content=\"2026-03-03T06:00:00+00:00\" \/>\n<meta property=\"og:image\" content=\"https:\/\/www.meine-tcm.com\/wp-content\/uploads\/2025\/12\/maerz-leberreinigung-beitrag-1.jpg\" \/>\n\t<meta property=\"og:image:width\" content=\"2160\" \/>\n\t<meta property=\"og:image:height\" content=\"2160\" \/>\n\t<meta property=\"og:image:type\" content=\"image\/jpeg\" \/>\n<meta name=\"author\" content=\"Marina\" \/>\n<meta name=\"twitter:card\" content=\"summary_large_image\" \/>\n<meta name=\"twitter:label1\" content=\"Escrito por\" \/>\n\t<meta name=\"twitter:data1\" content=\"Marina\" \/>\n\t<meta name=\"twitter:label2\" content=\"Tiempo de lectura\" \/>\n\t<meta name=\"twitter:data2\" content=\"9 minutos\" \/>\n<script type=\"application\/ld+json\" class=\"yoast-schema-graph\">{\"@context\":\"https:\\\/\\\/schema.org\",\"@graph\":[{\"@type\":\"Article\",\"@id\":\"https:\\\/\\\/www.meine-tcm.com\\\/muede-trotz-fruehling-deine-leber-braucht-hilfe\\\/#article\",\"isPartOf\":{\"@id\":\"https:\\\/\\\/www.meine-tcm.com\\\/muede-trotz-fruehling-deine-leber-braucht-hilfe\\\/\"},\"author\":{\"name\":\"Marina\",\"@id\":\"https:\\\/\\\/www.meine-tcm.com\\\/#\\\/schema\\\/person\\\/76da350caed5aad1d9998ba607d86f28\"},\"headline\":\"Leber entgiften im Fr\u00fchling\",\"datePublished\":\"2026-03-03T06:00:00+00:00\",\"mainEntityOfPage\":{\"@id\":\"https:\\\/\\\/www.meine-tcm.com\\\/muede-trotz-fruehling-deine-leber-braucht-hilfe\\\/\"},\"wordCount\":1775,\"commentCount\":0,\"publisher\":{\"@id\":\"https:\\\/\\\/www.meine-tcm.com\\\/#organization\"},\"image\":{\"@id\":\"https:\\\/\\\/www.meine-tcm.com\\\/muede-trotz-fruehling-deine-leber-braucht-hilfe\\\/#primaryimage\"},\"thumbnailUrl\":\"https:\\\/\\\/www.meine-tcm.com\\\/wp-content\\\/uploads\\\/2025\\\/12\\\/maerz-leberreinigung-beitrag-1.jpg\",\"articleSection\":[\"TCM Tipp der Woche\"],\"inLanguage\":\"es\",\"potentialAction\":[{\"@type\":\"CommentAction\",\"name\":\"Comment\",\"target\":[\"https:\\\/\\\/www.meine-tcm.com\\\/muede-trotz-fruehling-deine-leber-braucht-hilfe\\\/#respond\"]}]},{\"@type\":\"WebPage\",\"@id\":\"https:\\\/\\\/www.meine-tcm.com\\\/muede-trotz-fruehling-deine-leber-braucht-hilfe\\\/\",\"url\":\"https:\\\/\\\/www.meine-tcm.com\\\/muede-trotz-fruehling-deine-leber-braucht-hilfe\\\/\",\"name\":\"Leber entgiften im Fr\u00fchling: TCM\u2013Tipps ohne Extrem\",\"isPartOf\":{\"@id\":\"https:\\\/\\\/www.meine-tcm.com\\\/#website\"},\"primaryImageOfPage\":{\"@id\":\"https:\\\/\\\/www.meine-tcm.com\\\/muede-trotz-fruehling-deine-leber-braucht-hilfe\\\/#primaryimage\"},\"image\":{\"@id\":\"https:\\\/\\\/www.meine-tcm.com\\\/muede-trotz-fruehling-deine-leber-braucht-hilfe\\\/#primaryimage\"},\"thumbnailUrl\":\"https:\\\/\\\/www.meine-tcm.com\\\/wp-content\\\/uploads\\\/2025\\\/12\\\/maerz-leberreinigung-beitrag-1.jpg\",\"datePublished\":\"2026-03-03T06:00:00+00:00\",\"description\":\"Fr\u00fchlingsm\u00fcdigkeit, Kopfschmerzen, Gereiztheit? Deine Leber r\u00e4umt auf. Erfahre, wie du sie aus TCM-Sicht unterst\u00fctzt \u2014 ohne Saftkur oder Fasten.\",\"breadcrumb\":{\"@id\":\"https:\\\/\\\/www.meine-tcm.com\\\/muede-trotz-fruehling-deine-leber-braucht-hilfe\\\/#breadcrumb\"},\"inLanguage\":\"es\",\"potentialAction\":[{\"@type\":\"ReadAction\",\"target\":[\"https:\\\/\\\/www.meine-tcm.com\\\/muede-trotz-fruehling-deine-leber-braucht-hilfe\\\/\"]}]},{\"@type\":\"ImageObject\",\"inLanguage\":\"es\",\"@id\":\"https:\\\/\\\/www.meine-tcm.com\\\/muede-trotz-fruehling-deine-leber-braucht-hilfe\\\/#primaryimage\",\"url\":\"https:\\\/\\\/www.meine-tcm.com\\\/wp-content\\\/uploads\\\/2025\\\/12\\\/maerz-leberreinigung-beitrag-1.jpg\",\"contentUrl\":\"https:\\\/\\\/www.meine-tcm.com\\\/wp-content\\\/uploads\\\/2025\\\/12\\\/maerz-leberreinigung-beitrag-1.jpg\",\"width\":2160,\"height\":2160,\"caption\":\"Was du nicht losl\u00e4sst, l\u00e4sst dich nicht los.\"},{\"@type\":\"BreadcrumbList\",\"@id\":\"https:\\\/\\\/www.meine-tcm.com\\\/muede-trotz-fruehling-deine-leber-braucht-hilfe\\\/#breadcrumb\",\"itemListElement\":[{\"@type\":\"ListItem\",\"position\":1,\"name\":\"Home\",\"item\":\"https:\\\/\\\/www.meine-tcm.com\\\/\"},{\"@type\":\"ListItem\",\"position\":2,\"name\":\"Leber entgiften im Fr\u00fchling\"}]},{\"@type\":\"WebSite\",\"@id\":\"https:\\\/\\\/www.meine-tcm.com\\\/#website\",\"url\":\"https:\\\/\\\/www.meine-tcm.com\\\/\",\"name\":\"meine TCM | Traditionelle Chinesische Medizin einfach erkl\u00e4rt\",\"description\":\"Einfach gesund bleiben\",\"publisher\":{\"@id\":\"https:\\\/\\\/www.meine-tcm.com\\\/#organization\"},\"potentialAction\":[{\"@type\":\"SearchAction\",\"target\":{\"@type\":\"EntryPoint\",\"urlTemplate\":\"https:\\\/\\\/www.meine-tcm.com\\\/?s={search_term_string}\"},\"query-input\":{\"@type\":\"PropertyValueSpecification\",\"valueRequired\":true,\"valueName\":\"search_term_string\"}}],\"inLanguage\":\"es\"},{\"@type\":\"Organization\",\"@id\":\"https:\\\/\\\/www.meine-tcm.com\\\/#organization\",\"name\":\"meine-TCM.com \u2014 Traditionelle chinesische Medizin einfach erkl\u00e4rt\",\"url\":\"https:\\\/\\\/www.meine-tcm.com\\\/\",\"logo\":{\"@type\":\"ImageObject\",\"inLanguage\":\"es\",\"@id\":\"https:\\\/\\\/www.meine-tcm.com\\\/#\\\/schema\\\/logo\\\/image\\\/\",\"url\":\"https:\\\/\\\/www.meine-tcm.com\\\/wp-content\\\/uploads\\\/2022\\\/08\\\/meine-tcm-traditionelle-chinesische-medizin-einfach-erklaert.png\",\"contentUrl\":\"https:\\\/\\\/www.meine-tcm.com\\\/wp-content\\\/uploads\\\/2022\\\/08\\\/meine-tcm-traditionelle-chinesische-medizin-einfach-erklaert.png\",\"width\":559,\"height\":479,\"caption\":\"meine-TCM.com \u2014 Traditionelle chinesische Medizin einfach erkl\u00e4rt\"},\"image\":{\"@id\":\"https:\\\/\\\/www.meine-tcm.com\\\/#\\\/schema\\\/logo\\\/image\\\/\"},\"sameAs\":[\"https:\\\/\\\/www.instagram.com\\\/meinetcm\\\/\",\"https:\\\/\\\/www.youtube.com\\\/@EinfachbesserLeben\"]},{\"@type\":\"Person\",\"@id\":\"https:\\\/\\\/www.meine-tcm.com\\\/#\\\/schema\\\/person\\\/76da350caed5aad1d9998ba607d86f28\",\"name\":\"Marina\"}]}<\/script>\n<!-- \/ Yoast SEO plugin. -->","yoast_head_json":{"title":"Desintoxicar el h\u00edgado en primavera: consejos de MTC sin extremos","description":"\u00bfFatiga primaveral, dolores de cabeza, irritabilidad? Tu h\u00edgado se est\u00e1 limpiando. Descubre c\u00f3mo ayudarlo desde la perspectiva de la MTC, sin dietas de zumos ni ayunos.","robots":{"index":"index","follow":"follow","max-snippet":"max-snippet:-1","max-image-preview":"max-image-preview:large","max-video-preview":"max-video-preview:-1"},"canonical":"https:\/\/www.meine-tcm.com\/es\/cansado-a-pesar-de-la-primavera-tu-higado-necesita-ayuda\/","og_locale":"es_ES","og_type":"article","og_title":"Leber entgiften im Fr\u00fchling: TCM\u2013Tipps ohne Extrem","og_description":"Fr\u00fchlingsm\u00fcdigkeit, Kopfschmerzen, Gereiztheit? Deine Leber r\u00e4umt auf. Erfahre, wie du sie aus TCM-Sicht unterst\u00fctzt \u2014 ohne Saftkur oder Fasten.","og_url":"https:\/\/www.meine-tcm.com\/es\/cansado-a-pesar-de-la-primavera-tu-higado-necesita-ayuda\/","og_site_name":"meine TCM | Traditionelle Chinesische Medizin einfach erkl\u00e4rt","article_published_time":"2026-03-03T06:00:00+00:00","og_image":[{"width":2160,"height":2160,"url":"https:\/\/www.meine-tcm.com\/wp-content\/uploads\/2025\/12\/maerz-leberreinigung-beitrag-1.jpg","type":"image\/jpeg"}],"author":"Marina","twitter_card":"summary_large_image","twitter_misc":{"Escrito por":"Marina","Tiempo de lectura":"9 minutos"},"schema":{"@context":"https:\/\/schema.org","@graph":[{"@type":"Article","@id":"https:\/\/www.meine-tcm.com\/muede-trotz-fruehling-deine-leber-braucht-hilfe\/#article","isPartOf":{"@id":"https:\/\/www.meine-tcm.com\/muede-trotz-fruehling-deine-leber-braucht-hilfe\/"},"author":{"name":"Marina","@id":"https:\/\/www.meine-tcm.com\/#\/schema\/person\/76da350caed5aad1d9998ba607d86f28"},"headline":"Leber entgiften im Fr\u00fchling","datePublished":"2026-03-03T06:00:00+00:00","mainEntityOfPage":{"@id":"https:\/\/www.meine-tcm.com\/muede-trotz-fruehling-deine-leber-braucht-hilfe\/"},"wordCount":1775,"commentCount":0,"publisher":{"@id":"https:\/\/www.meine-tcm.com\/#organization"},"image":{"@id":"https:\/\/www.meine-tcm.com\/muede-trotz-fruehling-deine-leber-braucht-hilfe\/#primaryimage"},"thumbnailUrl":"https:\/\/www.meine-tcm.com\/wp-content\/uploads\/2025\/12\/maerz-leberreinigung-beitrag-1.jpg","articleSection":["TCM Tipp der Woche"],"inLanguage":"es","potentialAction":[{"@type":"CommentAction","name":"Comment","target":["https:\/\/www.meine-tcm.com\/muede-trotz-fruehling-deine-leber-braucht-hilfe\/#respond"]}]},{"@type":"WebPage","@id":"https:\/\/www.meine-tcm.com\/muede-trotz-fruehling-deine-leber-braucht-hilfe\/","url":"https:\/\/www.meine-tcm.com\/muede-trotz-fruehling-deine-leber-braucht-hilfe\/","name":"Desintoxicar el h\u00edgado en primavera: consejos de MTC sin extremos","isPartOf":{"@id":"https:\/\/www.meine-tcm.com\/#website"},"primaryImageOfPage":{"@id":"https:\/\/www.meine-tcm.com\/muede-trotz-fruehling-deine-leber-braucht-hilfe\/#primaryimage"},"image":{"@id":"https:\/\/www.meine-tcm.com\/muede-trotz-fruehling-deine-leber-braucht-hilfe\/#primaryimage"},"thumbnailUrl":"https:\/\/www.meine-tcm.com\/wp-content\/uploads\/2025\/12\/maerz-leberreinigung-beitrag-1.jpg","datePublished":"2026-03-03T06:00:00+00:00","description":"\u00bfFatiga primaveral, dolores de cabeza, irritabilidad? Tu h\u00edgado se est\u00e1 limpiando. Descubre c\u00f3mo ayudarlo desde la perspectiva de la MTC, sin dietas de zumos ni ayunos.","breadcrumb":{"@id":"https:\/\/www.meine-tcm.com\/muede-trotz-fruehling-deine-leber-braucht-hilfe\/#breadcrumb"},"inLanguage":"es","potentialAction":[{"@type":"ReadAction","target":["https:\/\/www.meine-tcm.com\/muede-trotz-fruehling-deine-leber-braucht-hilfe\/"]}]},{"@type":"ImageObject","inLanguage":"es","@id":"https:\/\/www.meine-tcm.com\/muede-trotz-fruehling-deine-leber-braucht-hilfe\/#primaryimage","url":"https:\/\/www.meine-tcm.com\/wp-content\/uploads\/2025\/12\/maerz-leberreinigung-beitrag-1.jpg","contentUrl":"https:\/\/www.meine-tcm.com\/wp-content\/uploads\/2025\/12\/maerz-leberreinigung-beitrag-1.jpg","width":2160,"height":2160,"caption":"Was du nicht losl\u00e4sst, l\u00e4sst dich nicht los."},{"@type":"BreadcrumbList","@id":"https:\/\/www.meine-tcm.com\/muede-trotz-fruehling-deine-leber-braucht-hilfe\/#breadcrumb","itemListElement":[{"@type":"ListItem","position":1,"name":"Home","item":"https:\/\/www.meine-tcm.com\/"},{"@type":"ListItem","position":2,"name":"Leber entgiften im Fr\u00fchling"}]},{"@type":"WebSite","@id":"https:\/\/www.meine-tcm.com\/#website","url":"https:\/\/www.meine-tcm.com\/","name":"mi MTC | Medicina Tradicional China explicada de forma sencilla","description":"Mant\u00e9ngase sano","publisher":{"@id":"https:\/\/www.meine-tcm.com\/#organization"},"potentialAction":[{"@type":"SearchAction","target":{"@type":"EntryPoint","urlTemplate":"https:\/\/www.meine-tcm.com\/?s={search_term_string}"},"query-input":{"@type":"PropertyValueSpecification","valueRequired":true,"valueName":"search_term_string"}}],"inLanguage":"es"},{"@type":"Organization","@id":"https:\/\/www.meine-tcm.com\/#organization","name":"meine-TCM.com - La Medicina Tradicional China explicada de forma sencilla","url":"https:\/\/www.meine-tcm.com\/","logo":{"@type":"ImageObject","inLanguage":"es","@id":"https:\/\/www.meine-tcm.com\/#\/schema\/logo\/image\/","url":"https:\/\/www.meine-tcm.com\/wp-content\/uploads\/2022\/08\/meine-tcm-traditionelle-chinesische-medizin-einfach-erklaert.png","contentUrl":"https:\/\/www.meine-tcm.com\/wp-content\/uploads\/2022\/08\/meine-tcm-traditionelle-chinesische-medizin-einfach-erklaert.png","width":559,"height":479,"caption":"meine-TCM.com \u2014 Traditionelle chinesische Medizin einfach erkl\u00e4rt"},"image":{"@id":"https:\/\/www.meine-tcm.com\/#\/schema\/logo\/image\/"},"sameAs":["https:\/\/www.instagram.com\/meinetcm\/","https:\/\/www.youtube.com\/@EinfachbesserLeben"]},{"@type":"Person","@id":"https:\/\/www.meine-tcm.com\/#\/schema\/person\/76da350caed5aad1d9998ba607d86f28","name":"Marina"}]}},"wps_subtitle":"So unterst\u00fctzt du deinen K\u00f6rper jetzt richtig","_links":{"self":[{"href":"https:\/\/www.meine-tcm.com\/es\/wp-json\/wp\/v2\/posts\/24335","targetHints":{"allow":["GET"]}}],"collection":[{"href":"https:\/\/www.meine-tcm.com\/es\/wp-json\/wp\/v2\/posts"}],"about":[{"href":"https:\/\/www.meine-tcm.com\/es\/wp-json\/wp\/v2\/types\/post"}],"author":[{"embeddable":true,"href":"https:\/\/www.meine-tcm.com\/es\/wp-json\/wp\/v2\/users\/3859"}],"replies":[{"embeddable":true,"href":"https:\/\/www.meine-tcm.com\/es\/wp-json\/wp\/v2\/comments?post=24335"}],"version-history":[{"count":20,"href":"https:\/\/www.meine-tcm.com\/es\/wp-json\/wp\/v2\/posts\/24335\/revisions"}],"predecessor-version":[{"id":26329,"href":"https:\/\/www.meine-tcm.com\/es\/wp-json\/wp\/v2\/posts\/24335\/revisions\/26329"}],"wp:featuredmedia":[{"embeddable":true,"href":"https:\/\/www.meine-tcm.com\/es\/wp-json\/wp\/v2\/media\/24336"}],"wp:attachment":[{"href":"https:\/\/www.meine-tcm.com\/es\/wp-json\/wp\/v2\/media?parent=24335"}],"wp:term":[{"taxonomy":"category","embeddable":true,"href":"https:\/\/www.meine-tcm.com\/es\/wp-json\/wp\/v2\/categories?post=24335"},{"taxonomy":"post_tag","embeddable":true,"href":"https:\/\/www.meine-tcm.com\/es\/wp-json\/wp\/v2\/tags?post=24335"}],"curies":[{"name":"wp","href":"https:\/\/api.w.org\/{rel}","templated":true}]}}