{"id":23168,"date":"2025-11-19T07:00:00","date_gmt":"2025-11-19T06:00:00","guid":{"rendered":"https:\/\/www.meine-tcm.com\/?p=23168"},"modified":"2026-07-22T15:04:30","modified_gmt":"2026-07-22T13:04:30","slug":"el-apetito-sigue-a-la-luz","status":"publish","type":"post","link":"https:\/\/www.meine-tcm.com\/es\/appetit-folgt-dem-licht\/","title":{"rendered":"Cuando el Yin despierta el hambre"},"content":{"rendered":"<section class=\"section main-teaser\" id=\"section_1906354603\">\n\t\t<div class=\"section-bg fill\" >\n\t\t\t\t\t\t\t\t\t\n\t\t\t\n\n\t\t<\/div>\n\n\t\t\n\n\t\t<div class=\"section-content relative\">\n\t\t\t\n<div class=\"row row-collapse align-center\"  id=\"row-1988813284\">\n\n\t<div id=\"col-1067424607\" class=\"col small-12 large-12\"  >\n\t\t\t\t<div class=\"col-inner text-center\"  >\n\t\t\t\n\t\t\t\n<p class=\"teaser\">Du isst nicht mehr. Du bewegst dich nicht weniger. Und trotzdem f\u00fchlt es sich schwerer an \u2014 oder der Hosenbund kneift.<\/p>\n<p class=\"teaser\">Bienvenido a la estaci\u00f3n fr\u00eda.<br \/>Lo que mucha gente considera indisciplina es en realidad una sofisticada interacci\u00f3n de hormonas, sistema nervioso y microbioma.<\/p>\n\t\t<\/div>\n\t\t\t\t\n<style>\n#col-1067424607 > .col-inner {\n  max-width: 800px;\n}\n<\/style>\n\t<\/div>\n\n\t\n<\/div>\n\t\t<\/div>\n\n\t\t\n<style>\n#section_1906354603 {\n  padding-top: 0px;\n  padding-bottom: 0px;\n}\n<\/style>\n\t<\/section>\n\t\n\t<div id=\"gap-1558319018\" class=\"gap-element clearfix\" style=\"display:block; height:auto;\">\n\t\t\n<style>\n#gap-1558319018 {\n  padding-top: 40px;\n}\n<\/style>\n\t<\/div>\n\t\n\n\t<section class=\"section one-image\" id=\"section_1049008123\">\n\t\t<div class=\"section-bg fill\" >\n\t\t\t\t\t\t\t\t\t\n\t\t\t\n\n\t\t<\/div>\n\n\t\t\n\n\t\t<div class=\"section-content relative\">\n\t\t\t\n<div class=\"row row-collapse align-center\"  id=\"row-1507958638\">\n\n\t<div id=\"col-2130086661\" class=\"col small-12 large-12\"  >\n\t\t\t\t<div class=\"col-inner text-center\"  >\n\t\t\t\n\t\t\t\n\t<div class=\"img has-hover x md-x lg-x y md-y lg-y\" id=\"image_403230014\">\n\t\t\t\t\t\t\t\t<div class=\"img-inner dark\" >\n\t\t\t<img loading=\"lazy\" decoding=\"async\" width=\"1280\" height=\"1280\" src=\"https:\/\/www.meine-tcm.com\/wp-content\/uploads\/2025\/11\/wintergewicht-tcm-beitrag.jpg\" class=\"attachment-original size-original\" alt=\"\u00bfPanza de oto\u00f1o y antojos? Tu cuerpo tiene buenas razones.\" srcset=\"https:\/\/www.meine-tcm.com\/wp-content\/uploads\/2025\/11\/wintergewicht-tcm-beitrag.jpg 1280w, https:\/\/www.meine-tcm.com\/wp-content\/uploads\/2025\/11\/wintergewicht-tcm-beitrag-100x100.jpg 100w, https:\/\/www.meine-tcm.com\/wp-content\/uploads\/2025\/11\/wintergewicht-tcm-beitrag-800x800.jpg 800w, https:\/\/www.meine-tcm.com\/wp-content\/uploads\/2025\/11\/wintergewicht-tcm-beitrag-400x400.jpg 400w, https:\/\/www.meine-tcm.com\/wp-content\/uploads\/2025\/11\/wintergewicht-tcm-beitrag-280x280.jpg 280w, https:\/\/www.meine-tcm.com\/wp-content\/uploads\/2025\/11\/wintergewicht-tcm-beitrag-768x768.jpg 768w, https:\/\/www.meine-tcm.com\/wp-content\/uploads\/2025\/11\/wintergewicht-tcm-beitrag-12x12.jpg 12w\" sizes=\"auto, (max-width: 1280px) 100vw, 1280px\" title=\"\u00bfPanza de oto\u00f1o y antojos? Tu cuerpo tiene buenas razones.\" \/>\t\t\t\t\t\t\n\t\t\t\t\t<\/div>\n\t\t\t\t\t\t\t\t\n<style>\n#image_403230014 {\n  width: 100%;\n}\n<\/style>\n\t<\/div>\n\t\n<p class=\"caption\">\u00bfPanza de oto\u00f1o y antojos? Tu cuerpo tiene buenas razones.<\/p>\n\t\t<\/div>\n\t\t\t\t\n<style>\n#col-2130086661 > .col-inner {\n  border-radius: 10px;\n  max-width: 640px;\n}\n<\/style>\n\t<\/div>\n\n\t\n<\/div>\n\t\t<\/div>\n\n\t\t\n<style>\n#section_1049008123 {\n  padding-top: 0px;\n  padding-bottom: 0px;\n}\n<\/style>\n\t<\/section>\n\t\n\t<div id=\"gap-2009815788\" class=\"gap-element clearfix\" style=\"display:block; height:auto;\">\n\t\t\n<style>\n#gap-2009815788 {\n  padding-top: 40px;\n}\n<\/style>\n\t<\/div>\n\t\n\n\t<section class=\"section text\" id=\"section_1211478203\">\n\t\t<div class=\"section-bg fill\" >\n\t\t\t\t\t\t\t\t\t\n\t\t\t\n\n\t\t<\/div>\n\n\t\t\n\n\t\t<div class=\"section-content relative\">\n\t\t\t\n<div class=\"row row-collapse align-center\"  id=\"row-1358386728\">\n\n\t<div id=\"col-810639974\" class=\"col small-12 large-12\"  >\n\t\t\t\t<div class=\"col-inner text-left\"  >\n\t\t\t\n\t\t\t\n<p>Esto no es ninguna sorpresa en la MTC. Cuando el Yang (calor\/actividad) disminuye y el Yin (fr\u00edo\/descanso) aumenta, todo el sistema se ralentiza.<\/p>\n<p><strong>El bazo<\/strong> - su centro digestivo - se vuelve lento. La humedad se acumula. El cuerpo entra en modo de almacenamiento.<\/p>\n<p>Y cuando entiendas lo que ocurre, podr\u00e1s dejar de luchar y empezar a vivir con tu cuerpo. No contra \u00e9l.<\/p>\n<h2>\ud83e\udde0 1. la falta de luz cambia el apetito - sobre la serotonina y la melatonina<\/h2>\n<p>Wenn die Tage k\u00fcrzer werden, sinkt mit dem Tageslicht auch dein Serotoninspiegel \u2014 der Botenstoff, der dich stabil, zufrieden und fokussiert h\u00e4lt.<\/p>\n<p>Al mismo tiempo, aumenta la melatonina, lo que aumenta el cansancio. Y el cansancio te hace susceptible a los antojos de energ\u00eda r\u00e1pida.<\/p>\n<p><strong>\u2192 El cuerpo busca alimentos reconfortantes:<\/strong> Dulce, graso, r\u00e1pidamente disponible.<br \/><strong>\u2192 La cabeza piensa:<\/strong> \u201eIch hab einfach keine Willenskraft mehr.&#8220;<br \/><strong>\u2192 Doch das ist ganz normal<\/strong> \u2014 und war fr\u00fcher sogar \u00fcberlebenswichtig.<\/p>\n<p><strong>La perspectiva de la MTC:<\/strong> Was wir heute als Serotonin\u2013Mangel messen, nennt die TCM &#8222;Das Shen (Geist) zieht sich zur\u00fcck&#8220;. Ohne Licht weniger Freude. Ohne Freude sucht die Milz nach S\u00fc\u00dfem \u2014 ihrer nat\u00fcrlichen Geschmacksrichtung. Es ist kein Versagen. Es ist ein Hilferuf deiner Mitte.<\/p>\n<p><strong>\ud83d\udca1 Fr\u00fcher bedeutete mehr Reserve:<\/strong> mehr Schutz durch den Winter. Dein K\u00f6rper hat diese uralte Weisheit nicht vergessen.<\/p>\n<h2>\ud83c\udf7d 2. grelina y leptina: el poder invisible detr\u00e1s de las punzadas de hambre<\/h2>\n<p><strong>Zwei Hormone spielen beim Appetit mit:<\/strong><\/p>\n<p><strong>\ud83d\udd39 Grelina:<\/strong> Das Hungersignal. Es steigt, wenn du gestresst bist oder wenig schl\u00e4fst.<\/p>\n<p><strong>\ud83d\udd39 Leptina:<\/strong> Das S\u00e4ttigungssignal. Es sinkt bei K\u00e4lte, Lichtmangel und Schlafmangel.<\/p>\n<p><em><strong>\u00bfEl resultado?<\/strong><\/em><br \/>\u2192 M\u00e1s hambre. Menos saciedad.<br \/>\u2192 Du isst mehr \u2014 nicht aus Gier, sondern weil dein K\u00f6rper unklare Signale sendet.<\/p>\n<p><strong>Lo que la MTC dice al respecto:<\/strong> Hunger und S\u00e4ttigung werden von der Milz gesteuert. Ist sie geschw\u00e4cht (durch K\u00e4lte, Stress, unregelm\u00e4\u00dfiges Essen), kann sie keine klaren Signale mehr senden. Du verlierst das Gef\u00fchl f\u00fcr &#8222;genug&#8220;. Der Weg liegt nicht in Kontrolle, sondern in der St\u00e4rkung deiner Mitte.<\/p>\n<p><strong>Y no:<\/strong> Das regelt sich nicht mit Disziplin. Sondern mit Rhythmus, Schlaf und dem richtigen Timing deiner Mahlzeiten.<\/p>\n<h2>\ud83e\udda0 3. tu intestino te habla - sobre el microbioma<\/h2>\n<p>Tu microbioma cambia con la estaci\u00f3n.<br \/>Im Winter ver\u00e4ndert sich die Darmflora oft \u2014 besonders bei ballaststoffarmer Ern\u00e4hrung.<\/p>\n<p><strong>El resultado:<\/strong><\/p>\n<ul>\n<li>mehr Bl\u00e4hungen &amp; V\u00f6llegef\u00fchl<\/li>\n<li>st\u00e4rkeres Verlangen nach Zucker<\/li>\n<li>tr\u00e4gere Verdauung \u2192 ein schwereres Gef\u00fchl<\/li>\n<\/ul>\n<p><strong>Sabidur\u00eda de la MTC:<\/strong> Lo que hoy llamamos microbioma es descrito por la MTC como <strong>\u201eMedianamente c\u00e1lido\u201c<\/strong>. Wenn er kalt wird, entstehen Feuchtigkeit und Schleim. Diese &#8222;Feuchtigkeit&#8220; macht tr\u00e4ge und m\u00fcde, der Bauch f\u00fchlt sich aufgedunsen an, die Gedanken werden neblig.<\/p>\n<p>Das hat nichts mit Disziplin zu tun. Sondern mit Darmflora, W\u00e4rme und Rhythmus.<\/p>\n<h2>Lo que puedes hacer sin ponerte a dieta<\/h2>\n<p><strong>1. ritmo en lugar de contar calor\u00edas<\/strong><\/p>\n<ul>\n<li><strong>3 comidas s\u00f3lidas y calientes al d\u00eda<\/strong> - Tu bazo ama la regularidad<\/li>\n<li><strong>Desayuno entre las 7 y las 9 de la ma\u00f1ana<\/strong> - La hora del est\u00f3mago seg\u00fan el reloj del \u00f3rgano<\/li>\n<li><strong>No picar nada despu\u00e9s de las 19.00 horas<\/strong> - Deja que tu centro descanse<\/li>\n<li><strong>Platos cocinados calientes<\/strong> - Los alimentos crudos y fr\u00edos debilitan el sistema digestivo<\/li>\n<\/ul>\n<p><strong>Bonificaci\u00f3n TCM:<\/strong> Empieza el d\u00eda con arroz congee caliente o copos de avena con canela y d\u00e1tiles.<\/p>\n<p><strong>2. Schlaf als Kraftquelle<\/strong><\/p>\n<ul>\n<li><strong>7-9 horas por noche<\/strong> \u2014 dein Yin regeneriert sich vor allem im Schlaf<\/li>\n<li><strong>A la cama antes de las 23:00<\/strong> - comienza la temporada de la ves\u00edcula biliar<\/li>\n<li><strong>Luz por la ma\u00f1ana, oscuridad por la tarde<\/strong> - Apoya tu ritmo natural<\/li>\n<\/ul>\n<p><strong>Consejo TCM:<\/strong> Un ba\u00f1o de pies caliente antes de dormir hace descender el yang y calma la mente.<\/p>\n<p><strong>3. utilizar la fibra alimentaria de forma selectiva<\/strong><\/p>\n<ul>\n<li><strong>Fibra diet\u00e9tica soluble<\/strong> nutrir las bacterias intestinales buenas<\/li>\n<li>sie tun einem sensiblen Winter\u2013Darm gut und halten l\u00e4nger satt<\/li>\n<li><strong>Gute Quellen:<\/strong> Akazienfasern, Flohsamenschalen, gekochte Birnen, S\u00fc\u00dfkartoffeln, Hafer, H\u00fclsenfr\u00fcchte<\/li>\n<\/ul>\n<p><strong>4. Picar entre horas: s\u00ed. Pero conscientemente.<\/strong><\/p>\n<ul>\n<li>Ein kleines St\u00fcck hochwertige, ballaststoffreiche Schokolade (ab 70 %) s\u00e4ttigt besser als jeder Verzicht<\/li>\n<li><strong>Opini\u00f3n de TCM:<\/strong> Der bittere Geschmack dunkler Schokolade wird in der TCM dem Herzen zugeordnet und gilt als beruhigend<\/li>\n<\/ul>\n<p><strong>5. Extras de MTC para su centro<\/strong><\/p>\n<p><strong>Ritual matutino:<\/strong><br \/>- 1 taza de agua tibia con jengibre en ayunas<br \/>\u2014 w\u00e4rmt die Mitte und vertreibt Feuchtigkeit<\/p>\n<p><strong>Acupresi\u00f3n:<\/strong><br \/>- <strong>Est\u00f3mago 36 (Z\u00fa S\u0101n L\u012d)<\/strong>3 pulgares por debajo de la r\u00f3tula<br \/>\u2014 t\u00e4glich 60 Sekunden massieren, ein klassischer Punkt f\u00fcr Milz und Magen<br \/>\ud83d\udc47 Puedes encontrar una explicaci\u00f3n detallada aqu\u00ed:<br \/><a href=\"https:\/\/www.meine-tcm.com\/es\/puntos-de-acupuntura\/punto-de-acupuntura-es-36\/\" target=\"_blank\" rel=\"noopener\">www.meine-tcm.com\/akupunkturpunkte\/akupunkturpunkt-ma-36<\/a><\/p>\n<p><strong>T\u00e9 de hierbas para tomar entre horas:<\/strong><br \/>\u2014 Fenchel, K\u00fcmmel, Anis \u2014 w\u00e4rmen und tun nach dem Essen gut<\/p>\n<h2>\ud83c\udf42 Fazit: Dein K\u00f6rper will dich nicht schwer machen \u2014 sondern sicher<\/h2>\n<p>Tu cuerpo no es un enemigo.<br \/>Es un sistema inteligente que se adapta a la luz, la temperatura y las tensiones internas.<\/p>\n<p>Lo que parece debilidad es, en realidad, sabidur\u00eda biol\u00f3gica ancestral:<\/p>\n<p>\u2192 Haz acopio de provisiones.<br \/>\u2192 Conservar la energ\u00eda.<br \/>\u2192 Acumula protecci\u00f3n.<\/p>\n<p>In der TCM sagen wir: &#8222;Der Weise n\u00e4hrt das Leben.&#8220; Dein K\u00f6rper tut genau das \u2014 er bereitet sich vor, sch\u00fctzt dich, h\u00e4lt dich warm.<\/p>\n<p>Was du brauchst, ist kein Kampf \u2014 sondern ein neues Verst\u00e4ndnis f\u00fcr dein inneres Klima.<br \/>\u00bfY despu\u00e9s?<br \/>El tiempo fr\u00edo no se convierte en una trampa. Sino una fuente de fuerza.<\/p>\n\t\t<\/div>\n\t\t\t\t\n<style>\n#col-810639974 > .col-inner {\n  max-width: 800px;\n}\n<\/style>\n\t<\/div>\n\n\t\n<\/div>\n\t\t<\/div>\n\n\t\t\n<style>\n#section_1211478203 {\n  padding-top: 0px;\n  padding-bottom: 0px;\n}\n<\/style>\n\t<\/section>\n\t\n\t<div id=\"gap-444896009\" class=\"gap-element clearfix\" style=\"display:block; height:auto;\">\n\t\t\n<style>\n#gap-444896009 {\n  padding-top: 60px;\n}\n<\/style>\n\t<\/div>\n\t\n\n\t<section class=\"section quote\" id=\"section_1291538620\">\n\t\t<div class=\"section-bg fill\" >\n\t\t\t\t\t\t\t\t\t\n\t\t\t\n\n\t\t<\/div>\n\n\t\t\n\n\t\t<div class=\"section-content relative\">\n\t\t\t\n<div class=\"row row-collapse align-center\"  id=\"row-1023943924\">\n\n\t<div id=\"col-1067636475\" class=\"col small-12 large-12\"  >\n\t\t\t\t<div class=\"col-inner text-center\"  >\n\t\t\t\n\t\t\t\n<p>No est\u00e1s luchando contra tu cuerpo. Luchas contra un antiguo programa invernal que quiere protegerte.<\/p>\n<p class=\"quote-from\">Autor: Desconocido<\/p>\n\t\t<\/div>\n\t\t\t\t\n<style>\n#col-1067636475 > .col-inner {\n  max-width: 600px;\n}\n<\/style>\n\t<\/div>\n\n\t\n<\/div>\n\t\t<\/div>\n\n\t\t\n<style>\n#section_1291538620 {\n  padding-top: 60px;\n  padding-bottom: 60px;\n  background-color: rgb(255, 244, 217);\n}\n<\/style>\n\t<\/section>\n\t\n\t<div id=\"gap-1819004101\" class=\"gap-element clearfix\" style=\"display:block; height:auto;\">\n\t\t\n<style>\n#gap-1819004101 {\n  padding-top: 60px;\n}\n<\/style>\n\t<\/div>\n\t\n\n\t<section class=\"section h2\" id=\"section_1051567841\">\n\t\t<div class=\"section-bg fill\" >\n\t\t\t\t\t\t\t\t\t\n\t\t\t\n\n\t\t<\/div>\n\n\t\t\n\n\t\t<div class=\"section-content relative\">\n\t\t\t\n<div class=\"row row-collapse align-center\"  id=\"row-597724180\">\n\n\t<div id=\"col-2016354840\" class=\"col small-12 large-12\"  >\n\t\t\t\t<div class=\"col-inner text-center\"  >\n\t\t\t\n\t\t\t\n<h2>Otros consejos y art\u00edculos interesantes<\/h2>\n\t\t<\/div>\n\t\t\t\t\n<style>\n#col-2016354840 > .col-inner {\n  max-width: 960px;\n}\n<\/style>\n\t<\/div>\n\n\t\n<\/div>\n\t\t<\/div>\n\n\t\t\n<style>\n#section_1051567841 {\n  padding-top: 0px;\n  padding-bottom: 0px;\n}\n<\/style>\n\t<\/section>\n\t\n\n\t<section class=\"section blogposts-overview\" id=\"section_1686498651\">\n\t\t<div class=\"section-bg fill\" >\n\t\t\t\t\t\t\t\t\t\n\t\t\t\n\n\t\t<\/div>\n\n\t\t\n\n\t\t<div class=\"section-content relative\">\n\t\t\t\n<div class=\"row\"  id=\"row-91203431\">\n\n\t<div id=\"col-1402646478\" class=\"col small-12 large-12\"  >\n\t\t\t\t<div class=\"col-inner text-center\"  >\n\t\t\t\n\t\t\t\n  <style>\n    #row-398228188 .grid-col-1{height: 600px}\n    #row-398228188 .grid-col-1-2{height: 300px}\n    #row-398228188 .grid-col-1-3{height:200px}\n    #row-398228188 .grid-col-2-3{height: 400px}\n    #row-398228188 .grid-col-1-4{height: 150px}\n    #row-398228188 .grid-col-3-4{height: 450px}\n\n\n        \/* Tablet *\/\n    @media (max-width: 850px){\n      #row-398228188 .grid-col-1{height: 400px}\n      #row-398228188 .grid-col-1-2{height: 200px}\n      #row-398228188 .grid-col-1-3{height:133.33333333333px}\n      #row-398228188 .grid-col-2-3{height: 266.66666666667px}\n      #row-398228188 .grid-col-1-4{height: 100px}\n      #row-398228188 .grid-col-3-4{height: 300px}\n    }\n    \n        \/* Mobile *\/\n    @media (max-width: 550px){\n      #row-398228188 .grid-col-1{height: 400px}\n      #row-398228188 .grid-col-1-2{height: 200px}\n      #row-398228188 .grid-col-1-3{height:133.33333333333px}\n      #row-398228188 .grid-col-2-3{height: 266.66666666667px}\n      #row-398228188 .grid-col-1-4{height: 100px}\n      #row-398228188 .grid-col-3-4{height: 300px}\n    }\n    \n\n  <\/style>\n  \n  \n    <div id=\"row-398228188\" class=\"row row-small row-full-width row-grid\" data-packery-options='{\"itemSelector\": \".col\", \"gutter\": 0, \"presentageWidth\" : true}'>\n\n  <div class=\"col post-item grid-col grid-col-1 large-6 medium-12\" >\n\t\t\t<div class=\"col-inner\">\n\t\t\t\t<div class=\"box box-default box-text-bottom box-blog-post has-hover\">\n            \t\t\t\t\t<div class=\"box-image\" >\n  \t\t\t\t\t\t<div class=\"image-cover\" style=\"padding-top:56%;\">\n\t\t\t\t\t\t\t<a href=\"https:\/\/www.meine-tcm.com\/es\/den-herbst-richtig-beginnen\/\" class=\"plain\" aria-label=\"Den Herbst richtig beginnen\">\n\t\t\t\t\t\t\t\t<img loading=\"lazy\" decoding=\"async\" width=\"400\" height=\"400\" src=\"https:\/\/www.meine-tcm.com\/wp-content\/uploads\/2026\/04\/september-beitrag-woche-4-wei-qi-2-400x400.jpg\" class=\"attachment-medium size-medium wp-post-image\" alt=\"Der Wind nimmt sich, was du nicht sch\u00fctzt. Schlie\u00df die T\u00fcr, bevor er einzieht.\" srcset=\"https:\/\/www.meine-tcm.com\/wp-content\/uploads\/2026\/04\/september-beitrag-woche-4-wei-qi-2-400x400.jpg 400w, https:\/\/www.meine-tcm.com\/wp-content\/uploads\/2026\/04\/september-beitrag-woche-4-wei-qi-2-100x100.jpg 100w, https:\/\/www.meine-tcm.com\/wp-content\/uploads\/2026\/04\/september-beitrag-woche-4-wei-qi-2-800x800.jpg 800w, https:\/\/www.meine-tcm.com\/wp-content\/uploads\/2026\/04\/september-beitrag-woche-4-wei-qi-2-280x280.jpg 280w, https:\/\/www.meine-tcm.com\/wp-content\/uploads\/2026\/04\/september-beitrag-woche-4-wei-qi-2-768x768.jpg 768w, https:\/\/www.meine-tcm.com\/wp-content\/uploads\/2026\/04\/september-beitrag-woche-4-wei-qi-2-1536x1536.jpg 1536w, https:\/\/www.meine-tcm.com\/wp-content\/uploads\/2026\/04\/september-beitrag-woche-4-wei-qi-2-2048x2048.jpg 2048w, https:\/\/www.meine-tcm.com\/wp-content\/uploads\/2026\/04\/september-beitrag-woche-4-wei-qi-2-12x12.jpg 12w\" sizes=\"auto, (max-width: 400px) 100vw, 400px\" title=\"Der Wind nimmt sich, was du nicht sch\u00fctzt. Schlie\u00df die T\u00fcr, bevor er einzieht.\" \/>\t\t\t\t\t\t\t<\/a>\n  \t\t\t\t\t\t\t  \t\t\t\t\t\t\t  \t\t\t\t\t\t<\/div>\n  \t\t\t\t\t\t  \t\t\t\t\t<\/div>\n          \t\t\t\t\t<div class=\"box-text text-center\" >\n\t\t\t\t\t<div class=\"box-text-inner blog-post-inner\">\n\n\t\t\t\t\t\n\t\t\t\t\t\t\t\t\t\t\t<p class=\"cat-label  is-xxsmall op-7 uppercase\">\n\t\t\t\t\tConsejo TCM de la semana \t\t\t\t\t<\/p>\n\t\t\t\t\t\t\t\t\t\t<h5 class=\"post-title is-large\">\n\t\t\t\t\t\t<a href=\"https:\/\/www.meine-tcm.com\/es\/den-herbst-richtig-beginnen\/\" class=\"plain\">Den Herbst richtig beginnen<\/a>\n\t\t\t\t\t<\/h5>\n\t\t\t\t\t\t\t\t\t\t<div class=\"is-divider\"><\/div>\n\t\t\t\t\t\t\t\t\t\t<p class=\"from_the_blog_excerpt\">\n\t\t\t\t\t\tZwischen dem ersten k\u00fchlen Abend und dem ersten Frost stellt dein K\u00f6rper von Sommer auf Winter um und ist solange offener\u2026\t\t\t\t\t<\/p>\n\t\t\t\t\t                    \n\t\t\t\t\t\n\t\t\t\t\t\n\t\t\t\t\t<\/div>\n\t\t\t\t\t<\/div>\n\t\t\t\t\t\t\t\t\t\t\t\t\t\t\t\t<div class=\"badge absolute top post-date badge-outline\">\n\t\t\t\t\t\t\t<div class=\"badge-inner\">\n\t\t\t\t\t\t\t\t<span class=\"post-date-day\">01<\/span><br>\n\t\t\t\t\t\t\t\t<span class=\"post-date-month is-xsmall\">Sep<\/span>\n\t\t\t\t\t\t\t<\/div>\n\t\t\t\t\t\t<\/div>\n\t\t\t\t\t\t\t\t\t<\/div>\n\t\t\t<\/div>\n\t\t<\/div><div class=\"col post-item grid-col grid-col-1 large-3 medium-6\" >\n\t\t\t<div class=\"col-inner\">\n\t\t\t\t<div class=\"box box-default box-text-bottom box-blog-post has-hover\">\n            \t\t\t\t\t<div class=\"box-image\" >\n  \t\t\t\t\t\t<div class=\"image-cover\" style=\"padding-top:56%;\">\n\t\t\t\t\t\t\t<a href=\"https:\/\/www.meine-tcm.com\/es\/birnen-dattel-suppe-herbst\/\" class=\"plain\" aria-label=\"Das Herbstgetr\u00e4nk der alten Meister\">\n\t\t\t\t\t\t\t\t<img loading=\"lazy\" decoding=\"async\" width=\"400\" height=\"400\" src=\"https:\/\/www.meine-tcm.com\/wp-content\/uploads\/2026\/08\/birnensuppe-B-glas-928-400x400.jpg\" class=\"attachment-medium size-medium wp-post-image\" alt=\"Birnen\u2013Dattel\u2013Suppe\" srcset=\"https:\/\/www.meine-tcm.com\/wp-content\/uploads\/2026\/08\/birnensuppe-B-glas-928-400x400.jpg 400w, https:\/\/www.meine-tcm.com\/wp-content\/uploads\/2026\/08\/birnensuppe-B-glas-928-800x800.jpg 800w, https:\/\/www.meine-tcm.com\/wp-content\/uploads\/2026\/08\/birnensuppe-B-glas-928-280x280.jpg 280w, https:\/\/www.meine-tcm.com\/wp-content\/uploads\/2026\/08\/birnensuppe-B-glas-928-768x768.jpg 768w, https:\/\/www.meine-tcm.com\/wp-content\/uploads\/2026\/08\/birnensuppe-B-glas-928-12x12.jpg 12w, https:\/\/www.meine-tcm.com\/wp-content\/uploads\/2026\/08\/birnensuppe-B-glas-928-100x100.jpg 100w, https:\/\/www.meine-tcm.com\/wp-content\/uploads\/2026\/08\/birnensuppe-B-glas-928.jpg 928w\" sizes=\"auto, (max-width: 400px) 100vw, 400px\" title=\"Birnen\u2013Dattel\u2013Suppe TCM Rezept\" \/>\t\t\t\t\t\t\t<\/a>\n  \t\t\t\t\t\t\t  \t\t\t\t\t\t\t  \t\t\t\t\t\t<\/div>\n  \t\t\t\t\t\t  \t\t\t\t\t<\/div>\n          \t\t\t\t\t<div class=\"box-text text-center\" >\n\t\t\t\t\t<div class=\"box-text-inner blog-post-inner\">\n\n\t\t\t\t\t\n\t\t\t\t\t\t\t\t\t\t\t<p class=\"cat-label  is-xxsmall op-7 uppercase\">\n\t\t\t\t\tNutrici\u00f3n \t\t\t\t\t<\/p>\n\t\t\t\t\t\t\t\t\t\t<h5 class=\"post-title is-large\">\n\t\t\t\t\t\t<a href=\"https:\/\/www.meine-tcm.com\/es\/birnen-dattel-suppe-herbst\/\" class=\"plain\">Das Herbstgetr\u00e4nk der alten Meister<\/a>\n\t\t\t\t\t<\/h5>\n\t\t\t\t\t\t\t\t\t\t<div class=\"is-divider\"><\/div>\n\t\t\t\t\t\t\t\t\t\t<p class=\"from_the_blog_excerpt\">\n\t\t\t\t\t\tBei uns isst man Birnen roh. In China kocht man sie \u2014 im Herbst fast t\u00e4glich, zusammen mit roten Datteln. Warum\u2026\t\t\t\t\t<\/p>\n\t\t\t\t\t                    \n\t\t\t\t\t\n\t\t\t\t\t\n\t\t\t\t\t<\/div>\n\t\t\t\t\t<\/div>\n\t\t\t\t\t\t\t\t\t\t\t\t\t\t\t\t<div class=\"badge absolute top post-date badge-outline\">\n\t\t\t\t\t\t\t<div class=\"badge-inner\">\n\t\t\t\t\t\t\t\t<span class=\"post-date-day\">28<\/span><br>\n\t\t\t\t\t\t\t\t<span class=\"post-date-month is-xsmall\">Hace<\/span>\n\t\t\t\t\t\t\t<\/div>\n\t\t\t\t\t\t<\/div>\n\t\t\t\t\t\t\t\t\t<\/div>\n\t\t\t<\/div>\n\t\t<\/div><div class=\"col post-item grid-col grid-col-1-2 large-3 medium-6\" >\n\t\t\t<div class=\"col-inner\">\n\t\t\t\t<div class=\"box box-default box-text-bottom box-blog-post has-hover\">\n            \t\t\t\t\t<div class=\"box-image\" >\n  \t\t\t\t\t\t<div class=\"image-cover\" style=\"padding-top:56%;\">\n\t\t\t\t\t\t\t<a href=\"https:\/\/www.meine-tcm.com\/es\/herbst-trockenheit-kratzender-hals-trockene-haut-traege-verdauung\/\" class=\"plain\" aria-label=\"Der Hals kratzt, die Haut spannt, die Verdauung stockt \u2014 im Herbst hat das eine gemeinsame Ursache\">\n\t\t\t\t\t\t\t\t<img loading=\"lazy\" decoding=\"async\" width=\"280\" height=\"280\" src=\"https:\/\/www.meine-tcm.com\/wp-content\/uploads\/2026\/08\/3-weisen-september-2026-behind-the-scenes-1066-280x280.jpg\" class=\"attachment-thumbnail size-thumbnail wp-post-image\" alt=\"Q\u00ed B\u00f3 | El Emperador Amarillo Huangdi | Dr Weber\" srcset=\"https:\/\/www.meine-tcm.com\/wp-content\/uploads\/2026\/08\/3-weisen-september-2026-behind-the-scenes-1066-280x280.jpg 280w, https:\/\/www.meine-tcm.com\/wp-content\/uploads\/2026\/08\/3-weisen-september-2026-behind-the-scenes-1066-100x100.jpg 100w\" sizes=\"auto, (max-width: 280px) 100vw, 280px\" title=\"Frag den Gelben Kaiser Shooting (BTS) - September 2026\" \/>\t\t\t\t\t\t\t<\/a>\n  \t\t\t\t\t\t\t  \t\t\t\t\t\t\t  \t\t\t\t\t\t<\/div>\n  \t\t\t\t\t\t  \t\t\t\t\t<\/div>\n          \t\t\t\t\t<div class=\"box-text text-center\" >\n\t\t\t\t\t<div class=\"box-text-inner blog-post-inner\">\n\n\t\t\t\t\t\n\t\t\t\t\t\t\t\t\t\t\t<p class=\"cat-label  is-xxsmall op-7 uppercase\">\n\t\t\t\t\tLa MTC explicada \t\t\t\t\t<\/p>\n\t\t\t\t\t\t\t\t\t\t<h5 class=\"post-title is-large\">\n\t\t\t\t\t\t<a href=\"https:\/\/www.meine-tcm.com\/es\/herbst-trockenheit-kratzender-hals-trockene-haut-traege-verdauung\/\" class=\"plain\">Der Hals kratzt, die Haut spannt, die Verdauung stockt \u2014 im Herbst hat das eine gemeinsame Ursache<\/a>\n\t\t\t\t\t<\/h5>\n\t\t\t\t\t\t\t\t\t\t<div class=\"is-divider\"><\/div>\n\t\t\t\t\t                    \n\t\t\t\t\t\n\t\t\t\t\t\n\t\t\t\t\t<\/div>\n\t\t\t\t\t<\/div>\n\t\t\t\t\t\t\t\t\t\t\t\t\t\t\t\t<div class=\"badge absolute top post-date badge-outline\">\n\t\t\t\t\t\t\t<div class=\"badge-inner\">\n\t\t\t\t\t\t\t\t<span class=\"post-date-day\">28<\/span><br>\n\t\t\t\t\t\t\t\t<span class=\"post-date-month is-xsmall\">Hace<\/span>\n\t\t\t\t\t\t\t<\/div>\n\t\t\t\t\t\t<\/div>\n\t\t\t\t\t\t\t\t\t<\/div>\n\t\t\t<\/div>\n\t\t<\/div><div class=\"col post-item grid-col grid-col-1-2 large-3 medium-6\" >\n\t\t\t<div class=\"col-inner\">\n\t\t\t\t<div class=\"box box-default box-text-bottom box-blog-post has-hover\">\n            \t\t\t\t\t<div class=\"box-image\" >\n  \t\t\t\t\t\t<div class=\"image-cover\" style=\"padding-top:56%;\">\n\t\t\t\t\t\t\t<a href=\"https:\/\/www.meine-tcm.com\/es\/weisse-lebensmittel-herbst-tcm\/\" class=\"plain\" aria-label=\"Der Herbst entscheidet, wie du durch den Winter kommst\">\n\t\t\t\t\t\t\t\t<img loading=\"lazy\" decoding=\"async\" width=\"280\" height=\"280\" src=\"https:\/\/www.meine-tcm.com\/wp-content\/uploads\/2026\/06\/weisse-medizin-des-herbstes-oktober-woche-2-280x280.jpg\" class=\"attachment-thumbnail size-thumbnail wp-post-image\" alt=\"Was der Herbst den Bl\u00e4ttern nimmt, nimmt er auch dir. N\u00e4hre dein Yin, bevor der Wind es davontr\u00e4gt.\" srcset=\"https:\/\/www.meine-tcm.com\/wp-content\/uploads\/2026\/06\/weisse-medizin-des-herbstes-oktober-woche-2-280x280.jpg 280w, https:\/\/www.meine-tcm.com\/wp-content\/uploads\/2026\/06\/weisse-medizin-des-herbstes-oktober-woche-2-400x400.jpg 400w, https:\/\/www.meine-tcm.com\/wp-content\/uploads\/2026\/06\/weisse-medizin-des-herbstes-oktober-woche-2-800x800.jpg 800w, https:\/\/www.meine-tcm.com\/wp-content\/uploads\/2026\/06\/weisse-medizin-des-herbstes-oktober-woche-2-768x768.jpg 768w, https:\/\/www.meine-tcm.com\/wp-content\/uploads\/2026\/06\/weisse-medizin-des-herbstes-oktober-woche-2-1536x1536.jpg 1536w, https:\/\/www.meine-tcm.com\/wp-content\/uploads\/2026\/06\/weisse-medizin-des-herbstes-oktober-woche-2-2048x2048.jpg 2048w, https:\/\/www.meine-tcm.com\/wp-content\/uploads\/2026\/06\/weisse-medizin-des-herbstes-oktober-woche-2-12x12.jpg 12w, https:\/\/www.meine-tcm.com\/wp-content\/uploads\/2026\/06\/weisse-medizin-des-herbstes-oktober-woche-2-100x100.jpg 100w\" sizes=\"auto, (max-width: 280px) 100vw, 280px\" title=\"Was der Herbst den Bl\u00e4ttern nimmt, nimmt er auch dir. N\u00e4hre dein Yin, bevor der Wind es davontr\u00e4gt.\" \/>\t\t\t\t\t\t\t<\/a>\n  \t\t\t\t\t\t\t  \t\t\t\t\t\t\t  \t\t\t\t\t\t<\/div>\n  \t\t\t\t\t\t  \t\t\t\t\t<\/div>\n          \t\t\t\t\t<div class=\"box-text text-center\" >\n\t\t\t\t\t<div class=\"box-text-inner blog-post-inner\">\n\n\t\t\t\t\t\n\t\t\t\t\t\t\t\t\t\t\t<p class=\"cat-label  is-xxsmall op-7 uppercase\">\n\t\t\t\t\tConsejo TCM de la semana \t\t\t\t\t<\/p>\n\t\t\t\t\t\t\t\t\t\t<h5 class=\"post-title is-large\">\n\t\t\t\t\t\t<a href=\"https:\/\/www.meine-tcm.com\/es\/weisse-lebensmittel-herbst-tcm\/\" class=\"plain\">Der Herbst entscheidet, wie du durch den Winter kommst<\/a>\n\t\t\t\t\t<\/h5>\n\t\t\t\t\t\t\t\t\t\t<div class=\"is-divider\"><\/div>\n\t\t\t\t\t                    \n\t\t\t\t\t\n\t\t\t\t\t\n\t\t\t\t\t<\/div>\n\t\t\t\t\t<\/div>\n\t\t\t\t\t\t\t\t\t\t\t\t\t\t\t\t<div class=\"badge absolute top post-date badge-outline\">\n\t\t\t\t\t\t\t<div class=\"badge-inner\">\n\t\t\t\t\t\t\t\t<span class=\"post-date-day\">26<\/span><br>\n\t\t\t\t\t\t\t\t<span class=\"post-date-month is-xsmall\">Hace<\/span>\n\t\t\t\t\t\t\t<\/div>\n\t\t\t\t\t\t<\/div>\n\t\t\t\t\t\t\t\t\t<\/div>\n\t\t\t<\/div>\n\t\t<\/div><div class=\"col post-item grid-col grid-col-1-2 large-3 medium-6\" >\n\t\t\t<div class=\"col-inner\">\n\t\t\t\t<div class=\"box box-default box-text-bottom box-blog-post has-hover\">\n            \t\t\t\t\t<div class=\"box-image\" >\n  \t\t\t\t\t\t<div class=\"image-cover\" style=\"padding-top:56%;\">\n\t\t\t\t\t\t\t<a href=\"https:\/\/www.meine-tcm.com\/es\/warum-loslassen-im-kopf-nicht-funktioniert\/\" class=\"plain\" aria-label=\"Warum Loslassen im Kopf nicht funktioniert\">\n\t\t\t\t\t\t\t\t<img loading=\"lazy\" decoding=\"async\" width=\"280\" height=\"280\" src=\"https:\/\/www.meine-tcm.com\/wp-content\/uploads\/2026\/08\/seufzen-august-woche-3-1-280x280.jpg\" class=\"attachment-thumbnail size-thumbnail wp-post-image\" alt=\"Dein K\u00f6rper wei\u00df, wie Loslassen geht. Es hei\u00dft Seufzen.\" srcset=\"https:\/\/www.meine-tcm.com\/wp-content\/uploads\/2026\/08\/seufzen-august-woche-3-1-280x280.jpg 280w, https:\/\/www.meine-tcm.com\/wp-content\/uploads\/2026\/08\/seufzen-august-woche-3-1-400x400.jpg 400w, https:\/\/www.meine-tcm.com\/wp-content\/uploads\/2026\/08\/seufzen-august-woche-3-1-800x800.jpg 800w, https:\/\/www.meine-tcm.com\/wp-content\/uploads\/2026\/08\/seufzen-august-woche-3-1-768x768.jpg 768w, https:\/\/www.meine-tcm.com\/wp-content\/uploads\/2026\/08\/seufzen-august-woche-3-1-1536x1536.jpg 1536w, https:\/\/www.meine-tcm.com\/wp-content\/uploads\/2026\/08\/seufzen-august-woche-3-1-2048x2048.jpg 2048w, https:\/\/www.meine-tcm.com\/wp-content\/uploads\/2026\/08\/seufzen-august-woche-3-1-12x12.jpg 12w, https:\/\/www.meine-tcm.com\/wp-content\/uploads\/2026\/08\/seufzen-august-woche-3-1-100x100.jpg 100w\" sizes=\"auto, (max-width: 280px) 100vw, 280px\" title=\"Dein K\u00f6rper wei\u00df, wie Loslassen geht. Es hei\u00dft Seufzen.\" \/>\t\t\t\t\t\t\t<\/a>\n  \t\t\t\t\t\t\t  \t\t\t\t\t\t\t  \t\t\t\t\t\t<\/div>\n  \t\t\t\t\t\t  \t\t\t\t\t<\/div>\n          \t\t\t\t\t<div class=\"box-text text-center\" >\n\t\t\t\t\t<div class=\"box-text-inner blog-post-inner\">\n\n\t\t\t\t\t\n\t\t\t\t\t\t\t\t\t\t\t<p class=\"cat-label  is-xxsmall op-7 uppercase\">\n\t\t\t\t\tConsejo TCM de la semana \t\t\t\t\t<\/p>\n\t\t\t\t\t\t\t\t\t\t<h5 class=\"post-title is-large\">\n\t\t\t\t\t\t<a href=\"https:\/\/www.meine-tcm.com\/es\/warum-loslassen-im-kopf-nicht-funktioniert\/\" class=\"plain\">Warum Loslassen im Kopf nicht funktioniert<\/a>\n\t\t\t\t\t<\/h5>\n\t\t\t\t\t\t\t\t\t\t<div class=\"is-divider\"><\/div>\n\t\t\t\t\t                    \n\t\t\t\t\t\n\t\t\t\t\t\n\t\t\t\t\t<\/div>\n\t\t\t\t\t<\/div>\n\t\t\t\t\t\t\t\t\t\t\t\t\t\t\t\t<div class=\"badge absolute top post-date badge-outline\">\n\t\t\t\t\t\t\t<div class=\"badge-inner\">\n\t\t\t\t\t\t\t\t<span class=\"post-date-day\">18<\/span><br>\n\t\t\t\t\t\t\t\t<span class=\"post-date-month is-xsmall\">Hace<\/span>\n\t\t\t\t\t\t\t<\/div>\n\t\t\t\t\t\t<\/div>\n\t\t\t\t\t\t\t\t\t<\/div>\n\t\t\t<\/div>\n\t\t<\/div><div class=\"col post-item grid-col grid-col-1-2 large-3 medium-6\" >\n\t\t\t<div class=\"col-inner\">\n\t\t\t\t<div class=\"box box-default box-text-bottom box-blog-post has-hover\">\n            \t\t\t\t\t<div class=\"box-image\" >\n  \t\t\t\t\t\t<div class=\"image-cover\" style=\"padding-top:56%;\">\n\t\t\t\t\t\t\t<a href=\"https:\/\/www.meine-tcm.com\/es\/der-weg-aus-dem-gedankenkreis\/\" class=\"plain\" aria-label=\"El camino para salir del c\u00edrculo vicioso de los pensamientos\">\n\t\t\t\t\t\t\t\t<img loading=\"lazy\" decoding=\"async\" width=\"280\" height=\"280\" src=\"https:\/\/www.meine-tcm.com\/wp-content\/uploads\/2026\/07\/gruebeln-august-woche-2-1-280x280.jpg\" class=\"attachment-thumbnail size-thumbnail wp-post-image\" alt=\"Hay pensamientos que no se resuelven. Hay que deshacerse de ellos.\" srcset=\"https:\/\/www.meine-tcm.com\/wp-content\/uploads\/2026\/07\/gruebeln-august-woche-2-1-280x280.jpg 280w, https:\/\/www.meine-tcm.com\/wp-content\/uploads\/2026\/07\/gruebeln-august-woche-2-1-400x400.jpg 400w, https:\/\/www.meine-tcm.com\/wp-content\/uploads\/2026\/07\/gruebeln-august-woche-2-1-800x800.jpg 800w, https:\/\/www.meine-tcm.com\/wp-content\/uploads\/2026\/07\/gruebeln-august-woche-2-1-768x768.jpg 768w, https:\/\/www.meine-tcm.com\/wp-content\/uploads\/2026\/07\/gruebeln-august-woche-2-1-1536x1536.jpg 1536w, https:\/\/www.meine-tcm.com\/wp-content\/uploads\/2026\/07\/gruebeln-august-woche-2-1-2048x2048.jpg 2048w, https:\/\/www.meine-tcm.com\/wp-content\/uploads\/2026\/07\/gruebeln-august-woche-2-1-12x12.jpg 12w, https:\/\/www.meine-tcm.com\/wp-content\/uploads\/2026\/07\/gruebeln-august-woche-2-1-100x100.jpg 100w\" sizes=\"auto, (max-width: 280px) 100vw, 280px\" title=\"Hay pensamientos que no se resuelven. Hay que deshacerse de ellos.\" \/>\t\t\t\t\t\t\t<\/a>\n  \t\t\t\t\t\t\t  \t\t\t\t\t\t\t  \t\t\t\t\t\t<\/div>\n  \t\t\t\t\t\t  \t\t\t\t\t<\/div>\n          \t\t\t\t\t<div class=\"box-text text-center\" >\n\t\t\t\t\t<div class=\"box-text-inner blog-post-inner\">\n\n\t\t\t\t\t\n\t\t\t\t\t\t\t\t\t\t\t<p class=\"cat-label  is-xxsmall op-7 uppercase\">\n\t\t\t\t\tConsejo TCM de la semana \t\t\t\t\t<\/p>\n\t\t\t\t\t\t\t\t\t\t<h5 class=\"post-title is-large\">\n\t\t\t\t\t\t<a href=\"https:\/\/www.meine-tcm.com\/es\/der-weg-aus-dem-gedankenkreis\/\" class=\"plain\">El camino para salir del c\u00edrculo vicioso de los pensamientos<\/a>\n\t\t\t\t\t<\/h5>\n\t\t\t\t\t\t\t\t\t\t<div class=\"is-divider\"><\/div>\n\t\t\t\t\t                    \n\t\t\t\t\t\n\t\t\t\t\t\n\t\t\t\t\t<\/div>\n\t\t\t\t\t<\/div>\n\t\t\t\t\t\t\t\t\t\t\t\t\t\t\t\t<div class=\"badge absolute top post-date badge-outline\">\n\t\t\t\t\t\t\t<div class=\"badge-inner\">\n\t\t\t\t\t\t\t\t<span class=\"post-date-day\">12<\/span><br>\n\t\t\t\t\t\t\t\t<span class=\"post-date-month is-xsmall\">Hace<\/span>\n\t\t\t\t\t\t\t<\/div>\n\t\t\t\t\t\t<\/div>\n\t\t\t\t\t\t\t\t\t<\/div>\n\t\t\t<\/div>\n\t\t<\/div><div class=\"col post-item grid-col grid-col-1-2 large-3 medium-6\" >\n\t\t\t<div class=\"col-inner\">\n\t\t\t\t<div class=\"box box-default box-text-bottom box-blog-post has-hover\">\n            \t\t\t\t\t<div class=\"box-image\" >\n  \t\t\t\t\t\t<div class=\"image-cover\" style=\"padding-top:56%;\">\n\t\t\t\t\t\t\t<a href=\"https:\/\/www.meine-tcm.com\/es\/es-ist-zeit-zu-ernten\/\" class=\"plain\" aria-label=\"Es hora de cosechar\">\n\t\t\t\t\t\t\t\t<img loading=\"lazy\" decoding=\"async\" width=\"280\" height=\"280\" src=\"https:\/\/www.meine-tcm.com\/wp-content\/uploads\/2026\/07\/dojo-august-woche-1-280x280.jpeg\" class=\"attachment-thumbnail size-thumbnail wp-post-image\" alt=\"Ya no tienes que sembrar nada m\u00e1s. Es hora de cosechar.\" srcset=\"https:\/\/www.meine-tcm.com\/wp-content\/uploads\/2026\/07\/dojo-august-woche-1-280x280.jpeg 280w, https:\/\/www.meine-tcm.com\/wp-content\/uploads\/2026\/07\/dojo-august-woche-1-400x400.jpeg 400w, https:\/\/www.meine-tcm.com\/wp-content\/uploads\/2026\/07\/dojo-august-woche-1-800x800.jpeg 800w, https:\/\/www.meine-tcm.com\/wp-content\/uploads\/2026\/07\/dojo-august-woche-1-768x768.jpeg 768w, https:\/\/www.meine-tcm.com\/wp-content\/uploads\/2026\/07\/dojo-august-woche-1-12x12.jpeg 12w, https:\/\/www.meine-tcm.com\/wp-content\/uploads\/2026\/07\/dojo-august-woche-1-100x100.jpeg 100w, https:\/\/www.meine-tcm.com\/wp-content\/uploads\/2026\/07\/dojo-august-woche-1.jpeg 1280w\" sizes=\"auto, (max-width: 280px) 100vw, 280px\" title=\"Ya no tienes que sembrar nada m\u00e1s. Es hora de cosechar.\" \/>\t\t\t\t\t\t\t<\/a>\n  \t\t\t\t\t\t\t  \t\t\t\t\t\t\t  \t\t\t\t\t\t<\/div>\n  \t\t\t\t\t\t  \t\t\t\t\t<\/div>\n          \t\t\t\t\t<div class=\"box-text text-center\" >\n\t\t\t\t\t<div class=\"box-text-inner blog-post-inner\">\n\n\t\t\t\t\t\n\t\t\t\t\t\t\t\t\t\t\t<p class=\"cat-label  is-xxsmall op-7 uppercase\">\n\t\t\t\t\tConsejo TCM de la semana \t\t\t\t\t<\/p>\n\t\t\t\t\t\t\t\t\t\t<h5 class=\"post-title is-large\">\n\t\t\t\t\t\t<a href=\"https:\/\/www.meine-tcm.com\/es\/es-ist-zeit-zu-ernten\/\" class=\"plain\">Es hora de cosechar<\/a>\n\t\t\t\t\t<\/h5>\n\t\t\t\t\t\t\t\t\t\t<div class=\"is-divider\"><\/div>\n\t\t\t\t\t                    \n\t\t\t\t\t\n\t\t\t\t\t\n\t\t\t\t\t<\/div>\n\t\t\t\t\t<\/div>\n\t\t\t\t\t\t\t\t\t\t\t\t\t\t\t\t<div class=\"badge absolute top post-date badge-outline\">\n\t\t\t\t\t\t\t<div class=\"badge-inner\">\n\t\t\t\t\t\t\t\t<span class=\"post-date-day\">04<\/span><br>\n\t\t\t\t\t\t\t\t<span class=\"post-date-month is-xsmall\">Hace<\/span>\n\t\t\t\t\t\t\t<\/div>\n\t\t\t\t\t\t<\/div>\n\t\t\t\t\t\t\t\t\t<\/div>\n\t\t\t<\/div>\n\t\t<\/div><div class=\"col post-item grid-col grid-col-1-2 large-3 medium-6\" >\n\t\t\t<div class=\"col-inner\">\n\t\t\t\t<div class=\"box box-default box-text-bottom box-blog-post has-hover\">\n            \t\t\t\t\t<div class=\"box-image\" >\n  \t\t\t\t\t\t<div class=\"image-cover\" style=\"padding-top:56%;\">\n\t\t\t\t\t\t\t<a href=\"https:\/\/www.meine-tcm.com\/es\/gruebeln-schlaegt-auf-den-magen\/\" class=\"plain\" aria-label=\"C\u00f3mo afecta el dar vueltas a las cosas a tu digesti\u00f3n\u2026 y c\u00f3mo volver a sentirte ligero\">\n\t\t\t\t\t\t\t\t<img loading=\"lazy\" decoding=\"async\" width=\"280\" height=\"280\" src=\"https:\/\/www.meine-tcm.com\/wp-content\/uploads\/2026\/07\/3weisen-leichte-mitte-behind-the-scenes-1066-280x280.jpg\" class=\"attachment-thumbnail size-thumbnail wp-post-image\" alt=\"Q\u00ed B\u00f3 | El Emperador Amarillo Huangdi | Dr Weber\" srcset=\"https:\/\/www.meine-tcm.com\/wp-content\/uploads\/2026\/07\/3weisen-leichte-mitte-behind-the-scenes-1066-280x280.jpg 280w, https:\/\/www.meine-tcm.com\/wp-content\/uploads\/2026\/07\/3weisen-leichte-mitte-behind-the-scenes-1066-100x100.jpg 100w\" sizes=\"auto, (max-width: 280px) 100vw, 280px\" title=\"Sesi\u00f3n fotogr\u00e1fica de \u00abPreg\u00fantale al Emperador Amarillo\u00bb (detr\u00e1s de las c\u00e1maras) - agosto de 2026\" \/>\t\t\t\t\t\t\t<\/a>\n  \t\t\t\t\t\t\t  \t\t\t\t\t\t\t  \t\t\t\t\t\t<\/div>\n  \t\t\t\t\t\t  \t\t\t\t\t<\/div>\n          \t\t\t\t\t<div class=\"box-text text-center\" >\n\t\t\t\t\t<div class=\"box-text-inner blog-post-inner\">\n\n\t\t\t\t\t\n\t\t\t\t\t\t\t\t\t\t\t<p class=\"cat-label  is-xxsmall op-7 uppercase\">\n\t\t\t\t\tGeneral \t\t\t\t\t<\/p>\n\t\t\t\t\t\t\t\t\t\t<h5 class=\"post-title is-large\">\n\t\t\t\t\t\t<a href=\"https:\/\/www.meine-tcm.com\/es\/gruebeln-schlaegt-auf-den-magen\/\" class=\"plain\">C\u00f3mo afecta el dar vueltas a las cosas a tu digesti\u00f3n\u2026 y c\u00f3mo volver a sentirte ligero<\/a>\n\t\t\t\t\t<\/h5>\n\t\t\t\t\t\t\t\t\t\t<div class=\"is-divider\"><\/div>\n\t\t\t\t\t                    \n\t\t\t\t\t\n\t\t\t\t\t\n\t\t\t\t\t<\/div>\n\t\t\t\t\t<\/div>\n\t\t\t\t\t\t\t\t\t\t\t\t\t\t\t\t<div class=\"badge absolute top post-date badge-outline\">\n\t\t\t\t\t\t\t<div class=\"badge-inner\">\n\t\t\t\t\t\t\t\t<span class=\"post-date-day\">31<\/span><br>\n\t\t\t\t\t\t\t\t<span class=\"post-date-month is-xsmall\">Julio<\/span>\n\t\t\t\t\t\t\t<\/div>\n\t\t\t\t\t\t<\/div>\n\t\t\t\t\t\t\t\t\t<\/div>\n\t\t\t<\/div>\n\t\t<\/div><\/div>\n\t\t<\/div>\n\t\t\t\t\n<style>\n#col-1402646478 > .col-inner {\n  max-width: 1060px;\n}\n<\/style>\n\t<\/div>\n\n\t\n<\/div>\n\t\t<\/div>\n\n\t\t\n<style>\n#section_1686498651 {\n  padding-top: 0px;\n  padding-bottom: 0px;\n}\n<\/style>\n\t<\/section>\n\t\n\t<div id=\"gap-967043599\" class=\"gap-element clearfix\" style=\"display:block; height:auto;\">\n\t\t\n<style>\n#gap-967043599 {\n  padding-top: 20px;\n}\n<\/style>\n\t<\/div>\n\t\n\n\t<section class=\"section h2\" id=\"section_289472747\">\n\t\t<div class=\"section-bg fill\" >\n\t\t\t\t\t\t\t\t\t\n\t\t\t\n\n\t\t<\/div>\n\n\t\t\n\n\t\t<div class=\"section-content relative\">\n\t\t\t\n<div class=\"row row-collapse align-center\"  id=\"row-2049485216\">\n\n\t<div id=\"col-1652120239\" class=\"col small-12 large-12\"  >\n\t\t\t\t<div class=\"col-inner text-center\"  >\n\t\t\t\n\t\t\t\n<h2>Nuestros productos m\u00e1s populares<\/h2>\n\t\t<\/div>\n\t\t\t\t\n<style>\n#col-1652120239 > .col-inner {\n  max-width: 960px;\n}\n<\/style>\n\t<\/div>\n\n\t\n<\/div>\n\t\t<\/div>\n\n\t\t\n<style>\n#section_289472747 {\n  padding-top: 0px;\n  padding-bottom: 0px;\n}\n<\/style>\n\t<\/section>\n\t\n\t<div id=\"gap-406622566\" class=\"gap-element clearfix\" style=\"display:block; height:auto;\">\n\t\t\n<style>\n#gap-406622566 {\n  padding-top: 10px;\n}\n<\/style>\n\t<\/div>\n\t\n\n\t<section class=\"section top-produkte\" id=\"section_502249111\">\n\t\t<div class=\"section-bg fill\" >\n\t\t\t\t\t\t\t\t\t\n\t\t\t\n\n\t\t<\/div>\n\n\t\t\n\n\t\t<div class=\"section-content relative\">\n\t\t\t\n<div class=\"row row-collapse align-center\"  id=\"row-1906953850\">\n\n\t<div id=\"col-1244244394\" class=\"col small-12 large-12\"  >\n\t\t\t\t<div class=\"col-inner text-left\"  >\n\t\t\t\n\t\t\t\n\t\n  \n    <div class=\"row  equalize-box large-columns-5 medium-columns-3 small-columns-2 row-small\" >\n  \n\t     <div class=\"col\" >\n\t\t\t\t\t\t<div class=\"col-inner\">\n\t\t\t\t\t\t\n<div class=\"badge-container absolute left top z-1\">\n\n<\/div>\n\t\t\t\t\t\t<div class=\"product-small box has-hover box-normal box-text-bottom\">\n\t\t\t\t\t\t\t<div class=\"box-image\" >\n\t\t\t\t\t\t\t\t<div class=\"image-zoom\" >\n\t\t\t\t\t\t\t\t\t<a href=\"https:\/\/www.meine-tcm.com\/es\/produkt\/akupen-der-geniale-akupressurstift-mit-videoanleitung\/\" aria-label=\"Selbst\u2013Akupressur lernen: die AkuPen\u2013Videothek mit \u00fcber 100 Anleitungsvideos\">\n\t\t\t\t\t\t\t\t\t\t<img loading=\"lazy\" decoding=\"async\" width=\"400\" height=\"480\" src=\"https:\/\/www.meine-tcm.com\/wp-content\/uploads\/2014\/08\/Akupen-weiss-vertikal-3-400x480.jpg\" class=\"show-on-hover absolute fill hide-for-small back-image\" alt=\"AkuPen abierto\" aria-hidden=\"true\" title=\"AkuPen de Einfach besser leben\" \/><img loading=\"lazy\" decoding=\"async\" width=\"283\" height=\"400\" src=\"https:\/\/www.meine-tcm.com\/wp-content\/uploads\/2014\/08\/Akupen-mit-Verpackung-auf-weiss-2400x3392-1-283x400.jpg\" class=\"attachment-medium size-medium\" alt=\"AukPen con embalaje de madera\" srcset=\"https:\/\/www.meine-tcm.com\/wp-content\/uploads\/2014\/08\/Akupen-mit-Verpackung-auf-weiss-2400x3392-1-283x400.jpg 283w, https:\/\/www.meine-tcm.com\/wp-content\/uploads\/2014\/08\/Akupen-mit-Verpackung-auf-weiss-2400x3392-1-scaled-800x1131.jpg 800w, https:\/\/www.meine-tcm.com\/wp-content\/uploads\/2014\/08\/Akupen-mit-Verpackung-auf-weiss-2400x3392-1-566x800.jpg 566w, https:\/\/www.meine-tcm.com\/wp-content\/uploads\/2014\/08\/Akupen-mit-Verpackung-auf-weiss-2400x3392-1-768x1085.jpg 768w, https:\/\/www.meine-tcm.com\/wp-content\/uploads\/2014\/08\/Akupen-mit-Verpackung-auf-weiss-2400x3392-1-1087x1536.jpg 1087w, https:\/\/www.meine-tcm.com\/wp-content\/uploads\/2014\/08\/Akupen-mit-Verpackung-auf-weiss-2400x3392-1-1449x2048.jpg 1449w, https:\/\/www.meine-tcm.com\/wp-content\/uploads\/2014\/08\/Akupen-mit-Verpackung-auf-weiss-2400x3392-1-8x12.jpg 8w, https:\/\/www.meine-tcm.com\/wp-content\/uploads\/2014\/08\/Akupen-mit-Verpackung-auf-weiss-2400x3392-1-scaled.jpg 1811w\" sizes=\"auto, (max-width: 283px) 100vw, 283px\" title=\"AkuPen con instrucciones en v\u00eddeo\" \/>\t\t\t\t\t\t\t\t\t<\/a>\n\t\t\t\t\t\t\t\t\t\t\t\t\t\t\t\t\t\t \t\t\t\t\t\t\t\t<\/div>\n\t\t\t\t\t\t\t\t<div class=\"image-tools top right show-on-hover\">\n\t\t\t\t\t\t\t\t\t\t\t\t\t\t\t\t\t<\/div>\n\t\t\t\t\t\t\t\t\t\t\t\t\t\t\t\t\t<div class=\"image-tools grid-tools text-center hide-for-small bottom hover-slide-in show-on-hover\">\n\t\t\t\t\t\t\t\t\t\t<a href=\"#quick-view\" class=\"quick-view\" role=\"button\" data-prod=\"1365\" aria-haspopup=\"dialog\" aria-expanded=\"false\" data-flatsome-role-button>Vista R\u00e1pida<\/a>\t\t\t\t\t\t\t\t\t<\/div>\n\t\t\t\t\t\t\t\t\t\t\t\t\t\t\t\t\t\t\t\t\t\t\t<\/div>\n\n\t\t\t\t\t\t\t<div class=\"box-text text-center\" >\n\t\t\t\t\t\t\t\t<div class=\"title-wrapper\">\t\t<p class=\"category uppercase is-smaller no-text-overflow product-cat op-8\">\n\t\t\tAkuPen\t\t<\/p>\n\t<p class=\"name product-title woocommerce-loop-product__title\"><a href=\"https:\/\/www.meine-tcm.com\/es\/produkt\/akupen-der-geniale-akupressurstift-mit-videoanleitung\/\" class=\"woocommerce-LoopProduct-link woocommerce-loop-product__link\">Selbst\u2013Akupressur lernen: die AkuPen\u2013Videothek mit \u00fcber 100 Anleitungsvideos<\/a><\/p><\/div><div class=\"price-wrapper\">\n\t<span class=\"price\"><span class=\"woocommerce-Price-amount amount\"><bdi>80,57&nbsp;<span class=\"woocommerce-Price-currencySymbol\" translate=\"no\">\u20ac<\/span><\/bdi><\/span><\/span>\n\n\n<\/div>\t<span id=\"woocommerce_loop_add_to_cart_link_describedby_1365\" class=\"screen-reader-text\">\n\t\t\t<\/span>\n\t\t\t\t\t\t\t<\/div>\n\t\t\t\t\t\t<\/div>\n\t\t\t\t\t\t<\/div>\n\t\t\t\t\t<\/div><div class=\"col\" >\n\t\t\t\t\t\t<div class=\"col-inner\">\n\t\t\t\t\t\t\n<div class=\"badge-container absolute left top z-1\">\n<div class=\"callout badge badge-circle\"><div class=\"badge-inner secondary on-sale\"><span class=\"onsale\" data-no-translation=\"\" data-trp-gettext=\"\">\u00a1Oferta!<\/span><\/div><\/div>\n<\/div>\n\t\t\t\t\t\t<div class=\"product-small box has-hover box-normal box-text-bottom\">\n\t\t\t\t\t\t\t<div class=\"box-image\" >\n\t\t\t\t\t\t\t\t<div class=\"image-zoom\" >\n\t\t\t\t\t\t\t\t\t<a href=\"https:\/\/www.meine-tcm.com\/es\/produkt\/qi-gong-bundle-mit-den-besten-3-qi-gong-kursen\/\" aria-label=\"Qi Gong - Paquete con los 3 mejores cursos de Qi Gong\">\n\t\t\t\t\t\t\t\t\t\t<img loading=\"lazy\" decoding=\"async\" width=\"400\" height=\"480\" src=\"https:\/\/www.meine-tcm.com\/wp-content\/uploads\/2014\/06\/qi-gong-kurs-8-brokate-07-smartphone-400x480.jpg\" class=\"show-on-hover absolute fill hide-for-small back-image\" alt=\"La mano sostiene un smartphone, en la pantalla el portal de cursos en l\u00ednea de Einfach besser leben\" aria-hidden=\"true\" title=\"Cursos de v\u00eddeo en l\u00ednea de Einfach besser leben\" \/><img loading=\"lazy\" decoding=\"async\" width=\"283\" height=\"400\" src=\"https:\/\/www.meine-tcm.com\/wp-content\/uploads\/2020\/09\/qi-gong-kurse-bundle-283x400.jpg\" class=\"attachment-medium size-medium\" alt=\"Foto con las portadas de tres cursos de Qi Gong de Einfach besser Leben\" srcset=\"https:\/\/www.meine-tcm.com\/wp-content\/uploads\/2020\/09\/qi-gong-kurse-bundle-283x400.jpg 283w, https:\/\/www.meine-tcm.com\/wp-content\/uploads\/2020\/09\/qi-gong-kurse-bundle-510x721.jpg 510w, https:\/\/www.meine-tcm.com\/wp-content\/uploads\/2020\/09\/qi-gong-kurse-bundle-566x800.jpg 566w, https:\/\/www.meine-tcm.com\/wp-content\/uploads\/2020\/09\/qi-gong-kurse-bundle.jpg 600w\" sizes=\"auto, (max-width: 283px) 100vw, 283px\" title=\"Cursos de Qi Gong en l\u00ednea\" \/>\t\t\t\t\t\t\t\t\t<\/a>\n\t\t\t\t\t\t\t\t\t\t\t\t\t\t\t\t\t\t \t\t\t\t\t\t\t\t<\/div>\n\t\t\t\t\t\t\t\t<div class=\"image-tools top right show-on-hover\">\n\t\t\t\t\t\t\t\t\t\t\t\t\t\t\t\t\t<\/div>\n\t\t\t\t\t\t\t\t\t\t\t\t\t\t\t\t\t<div class=\"image-tools grid-tools text-center hide-for-small bottom hover-slide-in show-on-hover\">\n\t\t\t\t\t\t\t\t\t\t<a href=\"#quick-view\" class=\"quick-view\" role=\"button\" data-prod=\"1583\" aria-haspopup=\"dialog\" aria-expanded=\"false\" data-flatsome-role-button>Vista R\u00e1pida<\/a>\t\t\t\t\t\t\t\t\t<\/div>\n\t\t\t\t\t\t\t\t\t\t\t\t\t\t\t\t\t\t\t\t\t\t\t<\/div>\n\n\t\t\t\t\t\t\t<div class=\"box-text text-center\" >\n\t\t\t\t\t\t\t\t<div class=\"title-wrapper\">\t\t<p class=\"category uppercase is-smaller no-text-overflow product-cat op-8\">\n\t\t\tQi Gong\t\t<\/p>\n\t<p class=\"name product-title woocommerce-loop-product__title\"><a href=\"https:\/\/www.meine-tcm.com\/es\/produkt\/qi-gong-bundle-mit-den-besten-3-qi-gong-kursen\/\" class=\"woocommerce-LoopProduct-link woocommerce-loop-product__link\">Qi Gong - Paquete con los 3 mejores cursos de Qi Gong<\/a><\/p><\/div><div class=\"price-wrapper\">\n\t<span class=\"price\"><del aria-hidden=\"true\"><span class=\"woocommerce-Price-amount amount\"><bdi>85,41&nbsp;<span class=\"woocommerce-Price-currencySymbol\" translate=\"no\">\u20ac<\/span><\/bdi><\/span><\/del> <span class=\"screen-reader-text\" data-no-translation=\"\" data-trp-gettext=\"\">El precio original era: 85,41&nbsp;&euro;.<\/span><ins aria-hidden=\"true\"><span class=\"woocommerce-Price-amount amount\"><bdi>72,60&nbsp;<span class=\"woocommerce-Price-currencySymbol\" translate=\"no\">\u20ac<\/span><\/bdi><\/span><\/ins><span class=\"screen-reader-text\" data-no-translation=\"\" data-trp-gettext=\"\">El precio actual es: 72,60&nbsp;&euro;.<\/span><\/span>\n\n\n<\/div>\t<span id=\"woocommerce_loop_add_to_cart_link_describedby_1583\" class=\"screen-reader-text\">\n\t\t\t<\/span>\n\t\t\t\t\t\t\t<\/div>\n\t\t\t\t\t\t<\/div>\n\t\t\t\t\t\t<\/div>\n\t\t\t\t\t<\/div><div class=\"col\" >\n\t\t\t\t\t\t<div class=\"col-inner\">\n\t\t\t\t\t\t\n<div class=\"badge-container absolute left top z-1\">\n\n<\/div>\n\t\t\t\t\t\t<div class=\"product-small box has-hover box-normal box-text-bottom\">\n\t\t\t\t\t\t\t<div class=\"box-image\" >\n\t\t\t\t\t\t\t\t<div class=\"image-zoom\" >\n\t\t\t\t\t\t\t\t\t<a href=\"https:\/\/www.meine-tcm.com\/es\/produkt\/qi-gong-kurs-18-figuren-der-harmonie\/\" aria-label=\"Curso de Qi Gong II - Las 18 figuras de la armon\u00eda\">\n\t\t\t\t\t\t\t\t\t\t<img loading=\"lazy\" decoding=\"async\" width=\"400\" height=\"480\" src=\"https:\/\/www.meine-tcm.com\/wp-content\/uploads\/2014\/08\/qi-gong-kurs-18-figuren-der-harmonie-05-smartphone-400x480.jpg\" class=\"show-on-hover absolute fill hide-for-small back-image\" alt=\"La mano sostiene un smartphone, en la pantalla el portal de cursos en l\u00ednea de Einfach besser leben\" aria-hidden=\"true\" title=\"Cursos de v\u00eddeo en l\u00ednea de Einfach besser leben\" \/><img loading=\"lazy\" decoding=\"async\" width=\"283\" height=\"400\" src=\"https:\/\/www.meine-tcm.com\/wp-content\/uploads\/2014\/08\/qi-gong-kurs-18-figuren-der-harmonie-01-283x400.jpg\" class=\"attachment-medium size-medium\" alt=\"Portada del curso de Qi Qong moderno - Las 18 figuras de la armon\u00eda\" srcset=\"https:\/\/www.meine-tcm.com\/wp-content\/uploads\/2014\/08\/qi-gong-kurs-18-figuren-der-harmonie-01-283x400.jpg 283w, https:\/\/www.meine-tcm.com\/wp-content\/uploads\/2014\/08\/qi-gong-kurs-18-figuren-der-harmonie-01-510x721.jpg 510w, https:\/\/www.meine-tcm.com\/wp-content\/uploads\/2014\/08\/qi-gong-kurs-18-figuren-der-harmonie-01-566x800.jpg 566w, https:\/\/www.meine-tcm.com\/wp-content\/uploads\/2014\/08\/qi-gong-kurs-18-figuren-der-harmonie-01-600x848.jpg 600w, https:\/\/www.meine-tcm.com\/wp-content\/uploads\/2014\/08\/qi-gong-kurs-18-figuren-der-harmonie-01.jpg 764w\" sizes=\"auto, (max-width: 283px) 100vw, 283px\" title=\"Curso de Qi Qong - Las 18 figuras de la armon\u00eda\" \/>\t\t\t\t\t\t\t\t\t<\/a>\n\t\t\t\t\t\t\t\t\t\t\t\t\t\t\t\t\t\t \t\t\t\t\t\t\t\t<\/div>\n\t\t\t\t\t\t\t\t<div class=\"image-tools top right show-on-hover\">\n\t\t\t\t\t\t\t\t\t\t\t\t\t\t\t\t\t<\/div>\n\t\t\t\t\t\t\t\t\t\t\t\t\t\t\t\t\t<div class=\"image-tools grid-tools text-center hide-for-small bottom hover-slide-in show-on-hover\">\n\t\t\t\t\t\t\t\t\t\t<a href=\"#quick-view\" class=\"quick-view\" role=\"button\" data-prod=\"1376\" aria-haspopup=\"dialog\" aria-expanded=\"false\" data-flatsome-role-button>Vista R\u00e1pida<\/a>\t\t\t\t\t\t\t\t\t<\/div>\n\t\t\t\t\t\t\t\t\t\t\t\t\t\t\t\t\t\t\t\t\t\t\t<\/div>\n\n\t\t\t\t\t\t\t<div class=\"box-text text-center\" >\n\t\t\t\t\t\t\t\t<div class=\"title-wrapper\">\t\t<p class=\"category uppercase is-smaller no-text-overflow product-cat op-8\">\n\t\t\tQi Gong\t\t<\/p>\n\t<p class=\"name product-title woocommerce-loop-product__title\"><a href=\"https:\/\/www.meine-tcm.com\/es\/produkt\/qi-gong-kurs-18-figuren-der-harmonie\/\" class=\"woocommerce-LoopProduct-link woocommerce-loop-product__link\">Curso de Qi Gong II - Las 18 figuras de la armon\u00eda<\/a><\/p><\/div><div class=\"price-wrapper\">\n\t<span class=\"price\"><span class=\"woocommerce-Price-amount amount\"><bdi>35,19&nbsp;<span class=\"woocommerce-Price-currencySymbol\" translate=\"no\">\u20ac<\/span><\/bdi><\/span><\/span>\n\n\n<\/div>\t<span id=\"woocommerce_loop_add_to_cart_link_describedby_1376\" class=\"screen-reader-text\">\n\t\tEste producto tiene m\u00faltiples variantes. Las opciones se pueden elegir en la p\u00e1gina de producto\t<\/span>\n\t\t\t\t\t\t\t<\/div>\n\t\t\t\t\t\t<\/div>\n\t\t\t\t\t\t<\/div>\n\t\t\t\t\t<\/div><div class=\"col\" >\n\t\t\t\t\t\t<div class=\"col-inner\">\n\t\t\t\t\t\t\n<div class=\"badge-container absolute left top z-1\">\n<div class=\"callout badge badge-circle\"><div class=\"badge-inner secondary on-sale\"><span class=\"onsale\">-29%<\/span><\/div><\/div>\n<\/div>\n\t\t\t\t\t\t<div class=\"product-small box has-hover box-normal box-text-bottom\">\n\t\t\t\t\t\t\t<div class=\"box-image\" >\n\t\t\t\t\t\t\t\t<div class=\"image-zoom\" >\n\t\t\t\t\t\t\t\t\t<a href=\"https:\/\/www.meine-tcm.com\/es\/produkt\/meridian-yoga-fuer-mehr-energie-und-vitalitaet\/\" aria-label=\"Meridian Yoga para m\u00e1s energ\u00eda y vitalidad - curso en l\u00ednea\">\n\t\t\t\t\t\t\t\t\t\t<img loading=\"lazy\" decoding=\"async\" width=\"283\" height=\"400\" src=\"https:\/\/www.meine-tcm.com\/wp-content\/uploads\/2019\/09\/meridian-yoga-inlay-aussen-v1-764x1080-1-283x400.jpg\" class=\"attachment-medium size-medium\" alt=\"Cubrir el curso en l\u00ednea de Meridian Yoga con Kati en la postura de Meridian Yoga\" srcset=\"https:\/\/www.meine-tcm.com\/wp-content\/uploads\/2019\/09\/meridian-yoga-inlay-aussen-v1-764x1080-1-283x400.jpg 283w, https:\/\/www.meine-tcm.com\/wp-content\/uploads\/2019\/09\/meridian-yoga-inlay-aussen-v1-764x1080-1-510x721.jpg 510w, https:\/\/www.meine-tcm.com\/wp-content\/uploads\/2019\/09\/meridian-yoga-inlay-aussen-v1-764x1080-1-566x800.jpg 566w, https:\/\/www.meine-tcm.com\/wp-content\/uploads\/2019\/09\/meridian-yoga-inlay-aussen-v1-764x1080-1-600x848.jpg 600w, https:\/\/www.meine-tcm.com\/wp-content\/uploads\/2019\/09\/meridian-yoga-inlay-aussen-v1-764x1080-1.jpg 764w\" sizes=\"auto, (max-width: 283px) 100vw, 283px\" title=\"Curso en l\u00ednea de Meridian Yoga con calendario de formaci\u00f3n\" \/>\t\t\t\t\t\t\t\t\t<\/a>\n\t\t\t\t\t\t\t\t\t\t\t\t\t\t\t\t\t\t \t\t\t\t\t\t\t\t<\/div>\n\t\t\t\t\t\t\t\t<div class=\"image-tools top right show-on-hover\">\n\t\t\t\t\t\t\t\t\t\t\t\t\t\t\t\t\t<\/div>\n\t\t\t\t\t\t\t\t\t\t\t\t\t\t\t\t\t<div class=\"image-tools grid-tools text-center hide-for-small bottom hover-slide-in show-on-hover\">\n\t\t\t\t\t\t\t\t\t\t<a href=\"#quick-view\" class=\"quick-view\" role=\"button\" data-prod=\"1363\" aria-haspopup=\"dialog\" aria-expanded=\"false\" data-flatsome-role-button>Vista R\u00e1pida<\/a>\t\t\t\t\t\t\t\t\t<\/div>\n\t\t\t\t\t\t\t\t\t\t\t\t\t\t\t\t\t\t\t\t\t\t\t<\/div>\n\n\t\t\t\t\t\t\t<div class=\"box-text text-center\" >\n\t\t\t\t\t\t\t\t<div class=\"title-wrapper\">\t\t<p class=\"category uppercase is-smaller no-text-overflow product-cat op-8\">\n\t\t\tYoga\t\t<\/p>\n\t<p class=\"name product-title woocommerce-loop-product__title\"><a href=\"https:\/\/www.meine-tcm.com\/es\/produkt\/meridian-yoga-fuer-mehr-energie-und-vitalitaet\/\" class=\"woocommerce-LoopProduct-link woocommerce-loop-product__link\">Meridian Yoga para m\u00e1s energ\u00eda y vitalidad - curso en l\u00ednea<\/a><\/p><\/div><div class=\"price-wrapper\">\n\t<span class=\"price\"><del aria-hidden=\"true\"><span class=\"woocommerce-Price-amount amount\"><bdi>70,49&nbsp;<span class=\"woocommerce-Price-currencySymbol\" translate=\"no\">\u20ac<\/span><\/bdi><\/span><\/del> <span class=\"screen-reader-text\" data-no-translation=\"\" data-trp-gettext=\"\">El precio original era: 70,49&nbsp;&euro;.<\/span><ins aria-hidden=\"true\"><span class=\"woocommerce-Price-amount amount\"><bdi>50,32&nbsp;<span class=\"woocommerce-Price-currencySymbol\" translate=\"no\">\u20ac<\/span><\/bdi><\/span><\/ins><span class=\"screen-reader-text\" data-no-translation=\"\" data-trp-gettext=\"\">El precio actual es: 50,32&nbsp;&euro;.<\/span><\/span>\n\n\n<\/div>\t<span id=\"woocommerce_loop_add_to_cart_link_describedby_1363\" class=\"screen-reader-text\">\n\t\t\t<\/span>\n\t\t\t\t\t\t\t<\/div>\n\t\t\t\t\t\t<\/div>\n\t\t\t\t\t\t<\/div>\n\t\t\t\t\t<\/div><div class=\"col\" >\n\t\t\t\t\t\t<div class=\"col-inner\">\n\t\t\t\t\t\t\n<div class=\"badge-container absolute left top z-1\">\n\n<\/div>\n\t\t\t\t\t\t<div class=\"product-small box has-hover box-normal box-text-bottom\">\n\t\t\t\t\t\t\t<div class=\"box-image\" >\n\t\t\t\t\t\t\t\t<div class=\"image-zoom\" >\n\t\t\t\t\t\t\t\t\t<a href=\"https:\/\/www.meine-tcm.com\/es\/produkt\/dein-ganzheitliches-rueckentraining-1\/\" aria-label=\"Su entrenamiento integral de la espalda\">\n\t\t\t\t\t\t\t\t\t\t<img loading=\"lazy\" decoding=\"async\" width=\"400\" height=\"480\" src=\"https:\/\/www.meine-tcm.com\/wp-content\/uploads\/2014\/07\/ganzheitliches-rueckentraining-kurs-06-smartphone-400x480.jpg\" class=\"show-on-hover absolute fill hide-for-small back-image\" alt=\"La mano sostiene un smartphone, en la pantalla el portal de cursos en l\u00ednea de Einfach besser leben\" aria-hidden=\"true\" title=\"Cursos de v\u00eddeo en l\u00ednea de Einfach besser leben\" \/><img loading=\"lazy\" decoding=\"async\" width=\"283\" height=\"400\" src=\"https:\/\/www.meine-tcm.com\/wp-content\/uploads\/2014\/07\/ganzheitliches-rueckentraining-kurs-01-283x400.jpg\" class=\"attachment-medium size-medium\" alt=\"Imagen de portada del DVD Su DVD de entrenamiento hol\u00edstico de la espalda con Wolfgang\" srcset=\"https:\/\/www.meine-tcm.com\/wp-content\/uploads\/2014\/07\/ganzheitliches-rueckentraining-kurs-01-283x400.jpg 283w, https:\/\/www.meine-tcm.com\/wp-content\/uploads\/2014\/07\/ganzheitliches-rueckentraining-kurs-01-510x721.jpg 510w, https:\/\/www.meine-tcm.com\/wp-content\/uploads\/2014\/07\/ganzheitliches-rueckentraining-kurs-01-566x800.jpg 566w, https:\/\/www.meine-tcm.com\/wp-content\/uploads\/2014\/07\/ganzheitliches-rueckentraining-kurs-01-600x848.jpg 600w, https:\/\/www.meine-tcm.com\/wp-content\/uploads\/2014\/07\/ganzheitliches-rueckentraining-kurs-01.jpg 764w\" sizes=\"auto, (max-width: 283px) 100vw, 283px\" title=\"Su curso hol\u00edstico de entrenamiento de la espalda en DVD\" \/>\t\t\t\t\t\t\t\t\t<\/a>\n\t\t\t\t\t\t\t\t\t\t\t\t\t\t\t\t\t\t \t\t\t\t\t\t\t\t<\/div>\n\t\t\t\t\t\t\t\t<div class=\"image-tools top right show-on-hover\">\n\t\t\t\t\t\t\t\t\t\t\t\t\t\t\t\t\t<\/div>\n\t\t\t\t\t\t\t\t\t\t\t\t\t\t\t\t\t<div class=\"image-tools grid-tools text-center hide-for-small bottom hover-slide-in show-on-hover\">\n\t\t\t\t\t\t\t\t\t\t<a href=\"#quick-view\" class=\"quick-view\" role=\"button\" data-prod=\"1406\" aria-haspopup=\"dialog\" aria-expanded=\"false\" data-flatsome-role-button>Vista R\u00e1pida<\/a>\t\t\t\t\t\t\t\t\t<\/div>\n\t\t\t\t\t\t\t\t\t\t\t\t\t\t\t\t\t\t\t\t\t\t\t<\/div>\n\n\t\t\t\t\t\t\t<div class=\"box-text text-center\" >\n\t\t\t\t\t\t\t\t<div class=\"title-wrapper\">\t\t<p class=\"category uppercase is-smaller no-text-overflow product-cat op-8\">\n\t\t\tDolor de espalda\t\t<\/p>\n\t<p class=\"name product-title woocommerce-loop-product__title\"><a href=\"https:\/\/www.meine-tcm.com\/es\/produkt\/dein-ganzheitliches-rueckentraining-1\/\" class=\"woocommerce-LoopProduct-link woocommerce-loop-product__link\">Su entrenamiento integral de la espalda<\/a><\/p><\/div><div class=\"price-wrapper\">\n\t<span class=\"price\"><span class=\"woocommerce-Price-amount amount\"><bdi>25,11&nbsp;<span class=\"woocommerce-Price-currencySymbol\" translate=\"no\">\u20ac<\/span><\/bdi><\/span><\/span>\n\n\n<\/div>\t<span id=\"woocommerce_loop_add_to_cart_link_describedby_1406\" class=\"screen-reader-text\">\n\t\tEste producto tiene m\u00faltiples variantes. Las opciones se pueden elegir en la p\u00e1gina de producto\t<\/span>\n\t\t\t\t\t\t\t<\/div>\n\t\t\t\t\t\t<\/div>\n\t\t\t\t\t\t<\/div>\n\t\t\t\t\t<\/div><\/div>\n\t\t<\/div>\n\t\t\t\t\n<style>\n#col-1244244394 > .col-inner {\n  max-width: 1200px;\n}\n<\/style>\n\t<\/div>\n\n\t\n<\/div>\n\t\t<\/div>\n\n\t\t\n<style>\n#section_502249111 {\n  padding-top: 0px;\n  padding-bottom: 0px;\n}\n<\/style>\n\t<\/section>\n\t\n\n\nh2 {\ntext-align: left;\n}\nsection.one-image .img {\nmargin-bottom: 0 !important;\n}\nsection.one-image img {\n    border-radius: 15px;\n}\n\n\n\n\n<p class=\"wp-block-paragraph\"><\/p>","protected":false},"excerpt":{"rendered":"<p>Ya no comes.<br \/>\nNo te mueves menos.<br \/>\nY, sin embargo, la b\u00e1scula marca m\u00e1s, o los pantalones aprietan.<\/p>\n<p>Bienvenido a la estaci\u00f3n fr\u00eda.<br \/>\nPorque lo que muchos consideran falta de disciplina,<br \/>\nes, en realidad, una sofisticada interacci\u00f3n entre<br \/>\nHormonas, sistema nervioso y microbioma.<\/p>","protected":false},"author":3859,"featured_media":23171,"comment_status":"open","ping_status":"open","sticky":false,"template":"","format":"standard","meta":{"_acf_changed":false,"footnotes":""},"categories":[300],"tags":[],"class_list":["post-23168","post","type-post","status-publish","format-standard","has-post-thumbnail","hentry","category-tcm-tipp-der-woche"],"acf":[],"yoast_head":"<!-- This site is optimized with the Yoast SEO plugin v28.3 - https:\/\/yoast.com\/product\/yoast-seo-wordpress\/ -->\n<title>Warum du im Winter leichter zunimmst (TCM erkl\u00e4rt)<\/title>\n<meta name=\"description\" content=\"Warum du im Winter mehr Appetit hast: Hormone, Mikrobiom &amp; TCM. Verstehe deinen K\u00f6rper statt gegen ihn zu k\u00e4mpfen.\" \/>\n<meta name=\"robots\" content=\"index, follow, max-snippet:-1, max-image-preview:large, max-video-preview:-1\" \/>\n<link rel=\"canonical\" href=\"https:\/\/www.meine-tcm.com\/es\/el-apetito-sigue-a-la-luz\/\" \/>\n<meta property=\"og:locale\" content=\"es_ES\" \/>\n<meta property=\"og:type\" content=\"article\" \/>\n<meta property=\"og:title\" content=\"Warum du im Winter leichter zunimmst (TCM erkl\u00e4rt)\" \/>\n<meta property=\"og:description\" content=\"Warum du im Winter mehr Appetit hast: Hormone, Mikrobiom &amp; TCM. Verstehe deinen K\u00f6rper statt gegen ihn zu k\u00e4mpfen.\" \/>\n<meta property=\"og:url\" content=\"https:\/\/www.meine-tcm.com\/es\/el-apetito-sigue-a-la-luz\/\" \/>\n<meta property=\"og:site_name\" content=\"meine TCM | Traditionelle Chinesische Medizin einfach erkl\u00e4rt\" \/>\n<meta property=\"article:published_time\" content=\"2025-11-19T06:00:00+00:00\" \/>\n<meta property=\"article:modified_time\" content=\"2026-07-22T13:04:30+00:00\" \/>\n<meta property=\"og:image\" content=\"https:\/\/www.meine-tcm.com\/wp-content\/uploads\/2025\/11\/wintergewicht-tcm-beitrag.jpg\" \/>\n\t<meta property=\"og:image:width\" content=\"1280\" \/>\n\t<meta property=\"og:image:height\" content=\"1280\" \/>\n\t<meta property=\"og:image:type\" content=\"image\/jpeg\" \/>\n<meta name=\"author\" content=\"Marina\" \/>\n<meta name=\"twitter:card\" content=\"summary_large_image\" \/>\n<meta name=\"twitter:label1\" content=\"Escrito por\" \/>\n\t<meta name=\"twitter:data1\" content=\"Marina\" \/>\n\t<meta name=\"twitter:label2\" content=\"Tiempo de lectura\" \/>\n\t<meta name=\"twitter:data2\" content=\"6 minutos\" \/>\n<script type=\"application\/ld+json\" class=\"yoast-schema-graph\">{\"@context\":\"https:\\\/\\\/schema.org\",\"@graph\":[{\"@type\":\"Article\",\"@id\":\"https:\\\/\\\/www.meine-tcm.com\\\/appetit-folgt-dem-licht\\\/#article\",\"isPartOf\":{\"@id\":\"https:\\\/\\\/www.meine-tcm.com\\\/appetit-folgt-dem-licht\\\/\"},\"author\":{\"name\":\"Marina\",\"@id\":\"https:\\\/\\\/www.meine-tcm.com\\\/#\\\/schema\\\/person\\\/76da350caed5aad1d9998ba607d86f28\"},\"headline\":\"Wenn Yin den Hunger weckt\",\"datePublished\":\"2025-11-19T06:00:00+00:00\",\"dateModified\":\"2026-07-22T13:04:30+00:00\",\"mainEntityOfPage\":{\"@id\":\"https:\\\/\\\/www.meine-tcm.com\\\/appetit-folgt-dem-licht\\\/\"},\"wordCount\":1194,\"commentCount\":0,\"publisher\":{\"@id\":\"https:\\\/\\\/www.meine-tcm.com\\\/#organization\"},\"image\":{\"@id\":\"https:\\\/\\\/www.meine-tcm.com\\\/appetit-folgt-dem-licht\\\/#primaryimage\"},\"thumbnailUrl\":\"https:\\\/\\\/www.meine-tcm.com\\\/wp-content\\\/uploads\\\/2025\\\/11\\\/wintergewicht-tcm-beitrag.jpg\",\"articleSection\":[\"TCM Tipp der Woche\"],\"inLanguage\":\"es\",\"potentialAction\":[{\"@type\":\"CommentAction\",\"name\":\"Comment\",\"target\":[\"https:\\\/\\\/www.meine-tcm.com\\\/appetit-folgt-dem-licht\\\/#respond\"]}]},{\"@type\":\"WebPage\",\"@id\":\"https:\\\/\\\/www.meine-tcm.com\\\/appetit-folgt-dem-licht\\\/\",\"url\":\"https:\\\/\\\/www.meine-tcm.com\\\/appetit-folgt-dem-licht\\\/\",\"name\":\"Warum du im Winter leichter zunimmst (TCM erkl\u00e4rt)\",\"isPartOf\":{\"@id\":\"https:\\\/\\\/www.meine-tcm.com\\\/#website\"},\"primaryImageOfPage\":{\"@id\":\"https:\\\/\\\/www.meine-tcm.com\\\/appetit-folgt-dem-licht\\\/#primaryimage\"},\"image\":{\"@id\":\"https:\\\/\\\/www.meine-tcm.com\\\/appetit-folgt-dem-licht\\\/#primaryimage\"},\"thumbnailUrl\":\"https:\\\/\\\/www.meine-tcm.com\\\/wp-content\\\/uploads\\\/2025\\\/11\\\/wintergewicht-tcm-beitrag.jpg\",\"datePublished\":\"2025-11-19T06:00:00+00:00\",\"dateModified\":\"2026-07-22T13:04:30+00:00\",\"description\":\"Warum du im Winter mehr Appetit hast: Hormone, Mikrobiom & TCM. Verstehe deinen K\u00f6rper statt gegen ihn zu k\u00e4mpfen.\",\"breadcrumb\":{\"@id\":\"https:\\\/\\\/www.meine-tcm.com\\\/appetit-folgt-dem-licht\\\/#breadcrumb\"},\"inLanguage\":\"es\",\"potentialAction\":[{\"@type\":\"ReadAction\",\"target\":[\"https:\\\/\\\/www.meine-tcm.com\\\/appetit-folgt-dem-licht\\\/\"]}]},{\"@type\":\"ImageObject\",\"inLanguage\":\"es\",\"@id\":\"https:\\\/\\\/www.meine-tcm.com\\\/appetit-folgt-dem-licht\\\/#primaryimage\",\"url\":\"https:\\\/\\\/www.meine-tcm.com\\\/wp-content\\\/uploads\\\/2025\\\/11\\\/wintergewicht-tcm-beitrag.jpg\",\"contentUrl\":\"https:\\\/\\\/www.meine-tcm.com\\\/wp-content\\\/uploads\\\/2025\\\/11\\\/wintergewicht-tcm-beitrag.jpg\",\"width\":1280,\"height\":1280,\"caption\":\"Herbstbauch & Hei\u00dfhunger? Dein K\u00f6rper hat gute Gr\u00fcnde.\"},{\"@type\":\"BreadcrumbList\",\"@id\":\"https:\\\/\\\/www.meine-tcm.com\\\/appetit-folgt-dem-licht\\\/#breadcrumb\",\"itemListElement\":[{\"@type\":\"ListItem\",\"position\":1,\"name\":\"Home\",\"item\":\"https:\\\/\\\/www.meine-tcm.com\\\/\"},{\"@type\":\"ListItem\",\"position\":2,\"name\":\"Wenn Yin den Hunger weckt\"}]},{\"@type\":\"WebSite\",\"@id\":\"https:\\\/\\\/www.meine-tcm.com\\\/#website\",\"url\":\"https:\\\/\\\/www.meine-tcm.com\\\/\",\"name\":\"meine TCM | Traditionelle Chinesische Medizin einfach erkl\u00e4rt\",\"description\":\"Einfach gesund bleiben\",\"publisher\":{\"@id\":\"https:\\\/\\\/www.meine-tcm.com\\\/#organization\"},\"potentialAction\":[{\"@type\":\"SearchAction\",\"target\":{\"@type\":\"EntryPoint\",\"urlTemplate\":\"https:\\\/\\\/www.meine-tcm.com\\\/?s={search_term_string}\"},\"query-input\":{\"@type\":\"PropertyValueSpecification\",\"valueRequired\":true,\"valueName\":\"search_term_string\"}}],\"inLanguage\":\"es\"},{\"@type\":\"Organization\",\"@id\":\"https:\\\/\\\/www.meine-tcm.com\\\/#organization\",\"name\":\"meine-TCM.com \u2014 Traditionelle chinesische Medizin einfach erkl\u00e4rt\",\"url\":\"https:\\\/\\\/www.meine-tcm.com\\\/\",\"logo\":{\"@type\":\"ImageObject\",\"inLanguage\":\"es\",\"@id\":\"https:\\\/\\\/www.meine-tcm.com\\\/#\\\/schema\\\/logo\\\/image\\\/\",\"url\":\"https:\\\/\\\/www.meine-tcm.com\\\/wp-content\\\/uploads\\\/2022\\\/08\\\/meine-tcm-traditionelle-chinesische-medizin-einfach-erklaert.png\",\"contentUrl\":\"https:\\\/\\\/www.meine-tcm.com\\\/wp-content\\\/uploads\\\/2022\\\/08\\\/meine-tcm-traditionelle-chinesische-medizin-einfach-erklaert.png\",\"width\":559,\"height\":479,\"caption\":\"meine-TCM.com \u2014 Traditionelle chinesische Medizin einfach erkl\u00e4rt\"},\"image\":{\"@id\":\"https:\\\/\\\/www.meine-tcm.com\\\/#\\\/schema\\\/logo\\\/image\\\/\"},\"sameAs\":[\"https:\\\/\\\/www.instagram.com\\\/meinetcm\\\/\",\"https:\\\/\\\/www.youtube.com\\\/@EinfachbesserLeben\"]},{\"@type\":\"Person\",\"@id\":\"https:\\\/\\\/www.meine-tcm.com\\\/#\\\/schema\\\/person\\\/76da350caed5aad1d9998ba607d86f28\",\"name\":\"Marina\"}]}<\/script>\n<!-- \/ Yoast SEO plugin. -->","yoast_head_json":{"title":"Por qu\u00e9 engordas m\u00e1s f\u00e1cilmente en invierno (explicaci\u00f3n de la MTC)","description":"Por qu\u00e9 tienes m\u00e1s apetito en invierno: Hormonas, microbioma y MTC. Entiende tu cuerpo en lugar de luchar contra \u00e9l.","robots":{"index":"index","follow":"follow","max-snippet":"max-snippet:-1","max-image-preview":"max-image-preview:large","max-video-preview":"max-video-preview:-1"},"canonical":"https:\/\/www.meine-tcm.com\/es\/el-apetito-sigue-a-la-luz\/","og_locale":"es_ES","og_type":"article","og_title":"Warum du im Winter leichter zunimmst (TCM erkl\u00e4rt)","og_description":"Warum du im Winter mehr Appetit hast: Hormone, Mikrobiom & TCM. Verstehe deinen K\u00f6rper statt gegen ihn zu k\u00e4mpfen.","og_url":"https:\/\/www.meine-tcm.com\/es\/el-apetito-sigue-a-la-luz\/","og_site_name":"meine TCM | Traditionelle Chinesische Medizin einfach erkl\u00e4rt","article_published_time":"2025-11-19T06:00:00+00:00","article_modified_time":"2026-07-22T13:04:30+00:00","og_image":[{"width":1280,"height":1280,"url":"https:\/\/www.meine-tcm.com\/wp-content\/uploads\/2025\/11\/wintergewicht-tcm-beitrag.jpg","type":"image\/jpeg"}],"author":"Marina","twitter_card":"summary_large_image","twitter_misc":{"Escrito por":"Marina","Tiempo de lectura":"6 minutos"},"schema":{"@context":"https:\/\/schema.org","@graph":[{"@type":"Article","@id":"https:\/\/www.meine-tcm.com\/appetit-folgt-dem-licht\/#article","isPartOf":{"@id":"https:\/\/www.meine-tcm.com\/appetit-folgt-dem-licht\/"},"author":{"name":"Marina","@id":"https:\/\/www.meine-tcm.com\/#\/schema\/person\/76da350caed5aad1d9998ba607d86f28"},"headline":"Wenn Yin den Hunger weckt","datePublished":"2025-11-19T06:00:00+00:00","dateModified":"2026-07-22T13:04:30+00:00","mainEntityOfPage":{"@id":"https:\/\/www.meine-tcm.com\/appetit-folgt-dem-licht\/"},"wordCount":1194,"commentCount":0,"publisher":{"@id":"https:\/\/www.meine-tcm.com\/#organization"},"image":{"@id":"https:\/\/www.meine-tcm.com\/appetit-folgt-dem-licht\/#primaryimage"},"thumbnailUrl":"https:\/\/www.meine-tcm.com\/wp-content\/uploads\/2025\/11\/wintergewicht-tcm-beitrag.jpg","articleSection":["TCM Tipp der Woche"],"inLanguage":"es","potentialAction":[{"@type":"CommentAction","name":"Comment","target":["https:\/\/www.meine-tcm.com\/appetit-folgt-dem-licht\/#respond"]}]},{"@type":"WebPage","@id":"https:\/\/www.meine-tcm.com\/appetit-folgt-dem-licht\/","url":"https:\/\/www.meine-tcm.com\/appetit-folgt-dem-licht\/","name":"Por qu\u00e9 engordas m\u00e1s f\u00e1cilmente en invierno (explicaci\u00f3n de la MTC)","isPartOf":{"@id":"https:\/\/www.meine-tcm.com\/#website"},"primaryImageOfPage":{"@id":"https:\/\/www.meine-tcm.com\/appetit-folgt-dem-licht\/#primaryimage"},"image":{"@id":"https:\/\/www.meine-tcm.com\/appetit-folgt-dem-licht\/#primaryimage"},"thumbnailUrl":"https:\/\/www.meine-tcm.com\/wp-content\/uploads\/2025\/11\/wintergewicht-tcm-beitrag.jpg","datePublished":"2025-11-19T06:00:00+00:00","dateModified":"2026-07-22T13:04:30+00:00","description":"Por qu\u00e9 tienes m\u00e1s apetito en invierno: Hormonas, microbioma y MTC. Entiende tu cuerpo en lugar de luchar contra \u00e9l.","breadcrumb":{"@id":"https:\/\/www.meine-tcm.com\/appetit-folgt-dem-licht\/#breadcrumb"},"inLanguage":"es","potentialAction":[{"@type":"ReadAction","target":["https:\/\/www.meine-tcm.com\/appetit-folgt-dem-licht\/"]}]},{"@type":"ImageObject","inLanguage":"es","@id":"https:\/\/www.meine-tcm.com\/appetit-folgt-dem-licht\/#primaryimage","url":"https:\/\/www.meine-tcm.com\/wp-content\/uploads\/2025\/11\/wintergewicht-tcm-beitrag.jpg","contentUrl":"https:\/\/www.meine-tcm.com\/wp-content\/uploads\/2025\/11\/wintergewicht-tcm-beitrag.jpg","width":1280,"height":1280,"caption":"Herbstbauch & Hei\u00dfhunger? Dein K\u00f6rper hat gute Gr\u00fcnde."},{"@type":"BreadcrumbList","@id":"https:\/\/www.meine-tcm.com\/appetit-folgt-dem-licht\/#breadcrumb","itemListElement":[{"@type":"ListItem","position":1,"name":"Home","item":"https:\/\/www.meine-tcm.com\/"},{"@type":"ListItem","position":2,"name":"Wenn Yin den Hunger weckt"}]},{"@type":"WebSite","@id":"https:\/\/www.meine-tcm.com\/#website","url":"https:\/\/www.meine-tcm.com\/","name":"mi MTC | Medicina Tradicional China explicada de forma sencilla","description":"Mant\u00e9ngase sano","publisher":{"@id":"https:\/\/www.meine-tcm.com\/#organization"},"potentialAction":[{"@type":"SearchAction","target":{"@type":"EntryPoint","urlTemplate":"https:\/\/www.meine-tcm.com\/?s={search_term_string}"},"query-input":{"@type":"PropertyValueSpecification","valueRequired":true,"valueName":"search_term_string"}}],"inLanguage":"es"},{"@type":"Organization","@id":"https:\/\/www.meine-tcm.com\/#organization","name":"meine-TCM.com - La Medicina Tradicional China explicada de forma sencilla","url":"https:\/\/www.meine-tcm.com\/","logo":{"@type":"ImageObject","inLanguage":"es","@id":"https:\/\/www.meine-tcm.com\/#\/schema\/logo\/image\/","url":"https:\/\/www.meine-tcm.com\/wp-content\/uploads\/2022\/08\/meine-tcm-traditionelle-chinesische-medizin-einfach-erklaert.png","contentUrl":"https:\/\/www.meine-tcm.com\/wp-content\/uploads\/2022\/08\/meine-tcm-traditionelle-chinesische-medizin-einfach-erklaert.png","width":559,"height":479,"caption":"meine-TCM.com \u2014 Traditionelle chinesische Medizin einfach erkl\u00e4rt"},"image":{"@id":"https:\/\/www.meine-tcm.com\/#\/schema\/logo\/image\/"},"sameAs":["https:\/\/www.instagram.com\/meinetcm\/","https:\/\/www.youtube.com\/@EinfachbesserLeben"]},{"@type":"Person","@id":"https:\/\/www.meine-tcm.com\/#\/schema\/person\/76da350caed5aad1d9998ba607d86f28","name":"Marina"}]}},"wps_subtitle":"Winterweisheit der TCM","_links":{"self":[{"href":"https:\/\/www.meine-tcm.com\/es\/wp-json\/wp\/v2\/posts\/23168","targetHints":{"allow":["GET"]}}],"collection":[{"href":"https:\/\/www.meine-tcm.com\/es\/wp-json\/wp\/v2\/posts"}],"about":[{"href":"https:\/\/www.meine-tcm.com\/es\/wp-json\/wp\/v2\/types\/post"}],"author":[{"embeddable":true,"href":"https:\/\/www.meine-tcm.com\/es\/wp-json\/wp\/v2\/users\/3859"}],"replies":[{"embeddable":true,"href":"https:\/\/www.meine-tcm.com\/es\/wp-json\/wp\/v2\/comments?post=23168"}],"version-history":[{"count":13,"href":"https:\/\/www.meine-tcm.com\/es\/wp-json\/wp\/v2\/posts\/23168\/revisions"}],"predecessor-version":[{"id":32755,"href":"https:\/\/www.meine-tcm.com\/es\/wp-json\/wp\/v2\/posts\/23168\/revisions\/32755"}],"wp:featuredmedia":[{"embeddable":true,"href":"https:\/\/www.meine-tcm.com\/es\/wp-json\/wp\/v2\/media\/23171"}],"wp:attachment":[{"href":"https:\/\/www.meine-tcm.com\/es\/wp-json\/wp\/v2\/media?parent=23168"}],"wp:term":[{"taxonomy":"category","embeddable":true,"href":"https:\/\/www.meine-tcm.com\/es\/wp-json\/wp\/v2\/categories?post=23168"},{"taxonomy":"post_tag","embeddable":true,"href":"https:\/\/www.meine-tcm.com\/es\/wp-json\/wp\/v2\/tags?post=23168"}],"curies":[{"name":"wp","href":"https:\/\/api.w.org\/{rel}","templated":true}]}}