{"id":22790,"date":"2025-11-11T22:13:22","date_gmt":"2025-11-11T21:13:22","guid":{"rendered":"https:\/\/www.meine-tcm.com\/?p=22790"},"modified":"2026-07-22T15:05:02","modified_gmt":"2026-07-22T13:05:02","slug":"nutricion-yin-contra-la-sequedad-interior","status":"publish","type":"post","link":"https:\/\/www.meine-tcm.com\/es\/yin-naehren-gegen-innere-trockenheit\/","title":{"rendered":"Nutrir el yin contra la sequedad interior"},"content":{"rendered":"<section class=\"section main-teaser\" id=\"section_1122557209\">\n\t\t<div class=\"section-bg fill\" >\n\t\t\t\t\t\t\t\t\t\n\t\t\t\n\n\t\t<\/div>\n\n\t\t\n\n\t\t<div class=\"section-content relative\">\n\t\t\t\n<div class=\"row row-collapse align-center\"  id=\"row-1415533769\">\n\n\t<div id=\"col-672214664\" class=\"col small-12 large-12\"  >\n\t\t\t\t<div class=\"col-inner text-center\"  >\n\t\t\t\n\t\t\t\n<p class=\"teaser\">\ud83c\udf42 La estaci\u00f3n fr\u00eda te susurra una antigua verdad: la naturaleza se retira: sabe cu\u00e1ndo es el momento de coger fuerzas.<\/p>\n<p class=\"teaser\">Las hojas caen para conservar la fuerza.<br \/>Los jugos se hunden en las ra\u00edces.<br \/>Y t\u00fa tambi\u00e9n puedes sentirlo: esta invitaci\u00f3n silenciosa a volver sobre uno mismo.<\/p>\n\t\t<\/div>\n\t\t\t\t\n<style>\n#col-672214664 > .col-inner {\n  max-width: 800px;\n}\n<\/style>\n\t<\/div>\n\n\t\n<\/div>\n\t\t<\/div>\n\n\t\t\n<style>\n#section_1122557209 {\n  padding-top: 0px;\n  padding-bottom: 0px;\n}\n<\/style>\n\t<\/section>\n\t\n\t<div id=\"gap-2107570878\" class=\"gap-element clearfix\" style=\"display:block; height:auto;\">\n\t\t\n<style>\n#gap-2107570878 {\n  padding-top: 40px;\n}\n<\/style>\n\t<\/div>\n\t\n\n\t<section class=\"section one-image\" id=\"section_232685754\">\n\t\t<div class=\"section-bg fill\" >\n\t\t\t\t\t\t\t\t\t\n\t\t\t\n\n\t\t<\/div>\n\n\t\t\n\n\t\t<div class=\"section-content relative\">\n\t\t\t\n<div class=\"row row-collapse align-center\"  id=\"row-1079185791\">\n\n\t<div id=\"col-1707079020\" class=\"col small-12 large-12\"  >\n\t\t\t\t<div class=\"col-inner text-center\"  >\n\t\t\t\n\t\t\t\n\t<div class=\"img has-hover x md-x lg-x y md-y lg-y\" id=\"image_523276041\">\n\t\t\t\t\t\t\t\t<div class=\"img-inner dark\" >\n\t\t\t<img loading=\"lazy\" decoding=\"async\" width=\"1280\" height=\"1280\" src=\"https:\/\/www.meine-tcm.com\/wp-content\/uploads\/2025\/11\/trockenheit-im-herbst.jpg\" class=\"attachment-original size-original\" alt=\"En oto\u00f1o, la naturaleza se seca, y a veces nosotros tambi\u00e9n. Alimenta tu yin antes de que el viento se lo lleve.\" srcset=\"https:\/\/www.meine-tcm.com\/wp-content\/uploads\/2025\/11\/trockenheit-im-herbst.jpg 1280w, https:\/\/www.meine-tcm.com\/wp-content\/uploads\/2025\/11\/trockenheit-im-herbst-100x100.jpg 100w, https:\/\/www.meine-tcm.com\/wp-content\/uploads\/2025\/11\/trockenheit-im-herbst-800x800.jpg 800w, https:\/\/www.meine-tcm.com\/wp-content\/uploads\/2025\/11\/trockenheit-im-herbst-400x400.jpg 400w, https:\/\/www.meine-tcm.com\/wp-content\/uploads\/2025\/11\/trockenheit-im-herbst-280x280.jpg 280w, https:\/\/www.meine-tcm.com\/wp-content\/uploads\/2025\/11\/trockenheit-im-herbst-768x768.jpg 768w, https:\/\/www.meine-tcm.com\/wp-content\/uploads\/2025\/11\/trockenheit-im-herbst-12x12.jpg 12w\" sizes=\"auto, (max-width: 1280px) 100vw, 1280px\" title=\"En oto\u00f1o, la naturaleza se seca, y a veces nosotros tambi\u00e9n. Alimenta tu yin antes de que el viento se lo lleve.\" \/>\t\t\t\t\t\t\n\t\t\t\t\t<\/div>\n\t\t\t\t\t\t\t\t\n<style>\n#image_523276041 {\n  width: 100%;\n}\n<\/style>\n\t<\/div>\n\t\n<p class=\"caption\">En oto\u00f1o, la naturaleza se seca, y a veces nosotros tambi\u00e9n.<br \/>Alimenta tu yin antes de que el viento se lo lleve.<\/p>\n\t\t<\/div>\n\t\t\t\t\n<style>\n#col-1707079020 > .col-inner {\n  border-radius: 10px;\n  max-width: 640px;\n}\n<\/style>\n\t<\/div>\n\n\t\n<\/div>\n\t\t<\/div>\n\n\t\t\n<style>\n#section_232685754 {\n  padding-top: 0px;\n  padding-bottom: 0px;\n}\n<\/style>\n\t<\/section>\n\t\n\t<div id=\"gap-179663514\" class=\"gap-element clearfix\" style=\"display:block; height:auto;\">\n\t\t\n<style>\n#gap-179663514 {\n  padding-top: 40px;\n}\n<\/style>\n\t<\/div>\n\t\n\n\t<section class=\"section text\" id=\"section_449285041\">\n\t\t<div class=\"section-bg fill\" >\n\t\t\t\t\t\t\t\t\t\n\t\t\t\n\n\t\t<\/div>\n\n\t\t\n\n\t\t<div class=\"section-content relative\">\n\t\t\t\n<div class=\"row row-collapse align-center\"  id=\"row-195562101\">\n\n\t<div id=\"col-1840892597\" class=\"col small-12 large-12\"  >\n\t\t\t\t<div class=\"col-inner text-left\"  >\n\t\t\t\n\t\t\t\n<p>La piel se reseca.<br \/>Die Kehle f\u00fchlt sich trocken an.<br \/>Los ojos arden ligeramente.<br \/>Un toque de melancol\u00eda se extiende en tu interior.<\/p>\n<p>No se trata de coincidencias, sino de mensajes de tu cuerpo:<\/p>\n<blockquote>\n<p>&#8222;N\u00e4hre mich, bevor der Wind mich austrocknet.&#8220;<\/p>\n<\/blockquote>\n<h2>\ud83c\udf2c\ufe0f Los pulmones, tu puerta entre el interior y el exterior<\/h2>\n<p>En la MTC, los pulmones son algo m\u00e1s que un \u00f3rgano. Es su primera l\u00ednea de defensa, su Wei Qi (energ\u00eda de defensa).<\/p>\n<p>\ud83d\udc49 Ella gobierna:<\/p>\n<ul>\n<li>Piel y poros (su l\u00edmite exterior)<\/li>\n<li>Mucosas (su hidrataci\u00f3n interna)<\/li>\n<li>L\u00edmites emocionales (su capacidad para dejar ir)<\/li>\n<\/ul>\n<p><strong>Wenn kalter, trockener Wind auf die Lunge trifft,<\/strong> zeigen sich aus TCM\u2013Sicht oft:<\/p>\n<ul>\n<li>ein trockenes Gef\u00fchl in Hals und Nase<\/li>\n<li>rissige Lippen, raue H\u00e4nde<\/li>\n<li>diese merkw\u00fcrdige Melancholie, die niemand versteht<\/li>\n<li>das Gef\u00fchl, dass alle anderen voller Energie sind, nur du nicht<\/li>\n<li>diese Sehnsucht nach R\u00fcckzug, die du dir nicht erkl\u00e4ren kannst<\/li>\n<\/ul>\n<p>\u00bfTe suena?<br \/>Entonces no est\u00e1s solo y, sobre todo, no est\u00e1s \u201eroto\u201c.<br \/>Bienvenido al tiempo Yin.<\/p>\n<h2>\ud83c\udf43 Los 5 pilares del cuidado Yin (seg\u00fan los antiguos maestros)<\/h2>\n<p><strong>1. alimento blanco para los pulmones<\/strong><br \/>Los textos antiguos ense\u00f1an: \u201eLo que es blanco nutre el elemento metal\u201c.\u201c<\/p>\n<p><strong>Instalar diariamente:<\/strong><\/p>\n<ul>\n<li>Birne (ged\u00fcnstet mit etwas Honig) \u2014 der Klassiker in der trockenen Zeit<\/li>\n<li>Rettich &amp; Daikon<\/li>\n<li>Mandeln (als Mus oder eingeweicht)<\/li>\n<li>Arroz congee por la ma\u00f1ana - acumula sustancia<\/li>\n<\/ul>\n<p><strong>\ud83d\udce3 Tipp:<\/strong> Una sopa tradicional de pera y d\u00e1tiles al estilo de la MTC: dulce, nutritiva e hidratante. <em>(Puedes encontrar la receta completa al final del post)<\/em><\/p>\n<p><strong>2. el ritmo respiratorio olvidado<\/strong><br \/>La mayor\u00eda de la gente respira demasiado superficialmente en la estaci\u00f3n fr\u00eda.<br \/>El cuerpo cambia a \u201ellama baja\u201c - pero esto debilita tu Wei Qi.<\/p>\n<p><strong><em>La respiraci\u00f3n 4-7-8 (ma\u00f1ana y noche):<\/em><\/strong><\/p>\n<ul>\n<li>Inspirar por la nariz: 4 segundos<\/li>\n<li>Mantener: 7 segundos<\/li>\n<li>Espirar por la nariz: 8 segundos<\/li>\n<\/ul>\n<p><strong>\u2192 Warum das guttut:<\/strong> La espiraci\u00f3n prolongada activa<br \/>tu sistema nervioso parasimp\u00e1tico - tu Yin.<\/p>\n<p>\ud83d\udc47 Puedes encontrar las instrucciones en v\u00eddeo aqu\u00ed:<br \/><a href=\"https:\/\/www.youtube.com\/watch?v=r0w-Xdx-9Qs\" target=\"_blank\" rel=\"noopener\">www.youtube.com\/watch?v=r0w-Xdx-9Qs<\/a><\/p>\n<p><strong>3. el poder de la humedad<\/strong><br \/>Befeuchtung kommt vor allem von innen:<\/p>\n<p><em>Ritual matutino:<\/em><\/p>\n<ul>\n<li>1 vaso de agua tibia con una pizca de sal marina<\/li>\n<li>gefolgt von einem Essl\u00f6ffel schwarzem Sesam (gemahlen)<\/li>\n<li>oder: eingeweichte Goji\u2013Beeren im warmen Wasser<\/li>\n<\/ul>\n<p><em>Ritual nocturno:<\/em><\/p>\n<ul>\n<li>warme Goldene Milch (Mandelmilch + Kurkuma + Pfeffer + Honig)<\/li>\n<li>dazu: 5 Waln\u00fcsse, langsam gekaut<\/li>\n<\/ul>\n<p><strong>4. Akupressur\u2013Punkte<\/strong><\/p>\n<p>Lu 09 (T\u00e0i Yu\u0101n) \u2014 &#8222;Grosser Abgrund&#8220;<\/p>\n<ul>\n<li>Posici\u00f3n: pliegue de la mu\u00f1eca, lado del pulgar<\/li>\n<li>In der TCM: st\u00e4rkt das Lungen\u2013Yin<\/li>\n<li>Aplicaci\u00f3n: masajear con movimientos circulares durante 60 segundos<\/li>\n<\/ul>\n<p>\ud83d\udc47 Puedes encontrar una explicaci\u00f3n detallada aqu\u00ed:<br \/><a href=\"https:\/\/www.meine-tcm.com\/es\/puntos-de-acupuntura\/punto-de-acupuntura-pu-09\/\" target=\"_blank\" rel=\"noopener\">www.meine-tcm.com\/akupunkturpunkte\/akupunkturpunkt-lu-09<\/a><\/p>\n<p>KG 17 (Sh\u0101n Zh\u014dng) - \u201eEl centro del pecho\u201c<\/p>\n<ul>\n<li>Posici\u00f3n: centro del estern\u00f3n, altura del pez\u00f3n<\/li>\n<li>In der TCM: \u00f6ffnet den Brustkorb, hilft beim Loslassen<\/li>\n<li>Aplicaci\u00f3n: Golpear suavemente con la mano plana<\/li>\n<\/ul>\n<p>\ud83d\udc47 Puedes encontrar una explicaci\u00f3n detallada aqu\u00ed:<br \/><a href=\"https:\/\/www.meine-tcm.com\/es\/puntos-de-acupuntura\/punto-de-acupuntura-vc-17\/\" target=\"_blank\" rel=\"noopener\">www.meine-tcm.com\/akupunkturpunkte\/akupunkturpunkt-kg-17<\/a><\/p>\n<p><strong>5 El arte de acostarse pronto<\/strong><br \/>&#8222;Gehe schlafen mit den H\u00fchnern, stehe auf mit dem Hahn&#8220; \u2014<br \/>es la recomendaci\u00f3n de los cl\u00e1sicos.<\/p>\n<p>\u00bfPor qu\u00e9? La hora de la ves\u00edcula comienza despu\u00e9s de las 11 de la noche.<br \/>Wer dann noch wach ist, zehrt an seinem Yin.<\/p>\n<p>Pr\u00e1ctico:<\/p>\n<ul>\n<li>22:00: Todas las pantallas apagadas<\/li>\n<li>22:30: En la cama con un libro o meditando<\/li>\n<li>23:00: Dormir<\/li>\n<\/ul>\n<h2>\ud83d\udcab Mantener la ra\u00edz, no s\u00f3lo las hojas.<\/h2>\n<p>Los viejos maestros de TCM sab\u00edan: \u201e<strong>Pulmones e intestino grueso<\/strong> est\u00e1n acoplados\u201c.\u201c<br \/>Eine warme, ballaststoffreiche Kost tut aus TCM\u2013Sicht beiden gut.<\/p>\n<p>Baue \u00fcber den Tag darmfreundliche Lebensmittel ein \u2014 Gem\u00fcse, H\u00fclsenfr\u00fcchte, Hafer, ein L\u00f6ffel Flohsamenschalen mit ausreichend Wasser \u2014, und iss lieber warm und gekocht als kalt und roh.<\/p>\n<h2>\ud83d\udd2e El mensaje m\u00e1s profundo del tiempo de silencio<\/h2>\n<p>Este tiempo nos ense\u00f1a que dejar ir crea espacio para algo nuevo.<\/p>\n<p><strong>Lo que saben los \u00e1rboles:<\/strong><br \/>S\u00f3lo los que se dejan ir a tiempo tienen la fuerza para un nuevo comienzo.<\/p>\n<p><strong>Lo que tu cuerpo sabe:<\/strong><br \/>Nur wer sein Yin n\u00e4hrt, geht gelassener durch den Winter.<\/p>\n<p><strong>Una invitaci\u00f3n:<\/strong><br \/>T\u00f3mate 5 minutos hoy. Respira profundamente. Cocina una pera. Masajea Lu 9.<br \/>Esto no es bienestar. Esto es sabidur\u00eda.<\/p>\n<h2>\ud83c\udf42 Wie steht es um dein Yin\u2013Gleichgewicht?<\/h2>\n<p>Mit unserer kostenlosen TCM\u2013Analyse findest du heraus, welches TCM\u2013Muster (z. B. Trockenheit oder Yin\u2013Mangel) gerade zu dir passt:<br \/>\ud83d\udc49 Empieza ahora: <a href=\"https:\/\/www.meine-tcm.com\/es\/analisis-tcm\/\" target=\"_blank\" rel=\"noopener\">www.meine-tcm.com\/tcm-analyse<\/a><\/p>\n<blockquote>\n<p>&#8222;Wer sein Yin n\u00e4hrt, geht gelassen durch die kalte Zeit.&#8220;<\/p>\n<\/blockquote>\n<h3>Y aqu\u00ed viene la sopa prometida que nutre tu yin:<\/h3>\n<h2>\ud83c\udf50 Sopa de pera y d\u00e1tiles<\/h2>\n<p>Ingredientes (para 2-3 raciones):<\/p>\n<ul>\n<li>2-3 peras Nashi (alternativamente: Williams Christ maduras)<\/li>\n<li>eine Handvoll rote Datteln (Jujuben, getrocknet)<\/li>\n<li>eine kleine Handvoll Goji\u2013Beeren<\/li>\n<li>2-3 cucharadas de miel (preferiblemente miel de acacia)<\/li>\n<li>ca. 1 Liter Wasser<\/li>\n<\/ul>\n<p>Preparaci\u00f3n:<\/p>\n<ul>\n<li><strong>Preparar las peras:<\/strong> Gr\u00fcndlich waschen, Kerngeh\u00e4use entfernen, in schmale Spalten schneiden (Schale dranlassen).<\/li>\n<li><strong>Enfoque culinario:<\/strong> A\u00f1ade las peras y los d\u00e1tiles al agua hirviendo y una cucharada de miel. \u00a1El dulzor viene despu\u00e9s!<\/li>\n<li><strong>Ten paciencia:<\/strong> 90 Minuten sanft k\u00f6cheln lassen. Ja, wirklich so lange! Das ist TCM\u2013Kochen \u2014 die Zeit zieht das Aroma heraus. Zwischendurch Wasser nachgie\u00dfen, sodass alles bedeckt bleibt.<\/li>\n<li><strong>Final:<\/strong> A\u00f1adir las bayas de goji en los \u00faltimos 10 minutos (de lo contrario, se ablandar\u00e1n demasiado). Endulzar con miel al gusto.<\/li>\n<li><strong>Sirve:<\/strong> S\u00edrvalo caliente en peque\u00f1os cuencos o cu\u00e9lelo y ll\u00e9veselo como \u201ebebida\u201c en un termo.<\/li>\n<\/ul>\n<p><em><strong>Sencillos consejos pr\u00e1cticos:<\/strong><\/em><\/p>\n<p>\u2713 <strong>\u00bfNo tienes goji a mano?<\/strong> No importa - la base de pera y fecha es lo m\u00e1s importante<br \/>\u2713 <strong>\u00bfDemasiado dulce?<\/strong> Utiliza az\u00facar glas en lugar de miel, que es m\u00e1s neutra.<br \/>\u2713 <strong>Lo m\u00e1s destacado:<\/strong> Los chinos \u201ebeben\u201c esta sopa, por lo que tambi\u00e9n se puede tomar caliente a lo largo del d\u00eda.<br \/>\u2713 <strong>Nach TCM:<\/strong> ein warmer, befeuchtender und n\u00e4hrender Trank f\u00fcr die trockene Jahreszeit<\/p>\n<p>Schmeckt warm am sch\u00f6nsten \u2014 gern \u00fcber den Tag verteilt, so oft dir danach ist.<\/p>\n<p>Todo lo mejor para tu tiempo Yin,<br \/><em>Su equipo TCM<\/em><\/p>\n\t\t<\/div>\n\t\t\t\t\n<style>\n#col-1840892597 > .col-inner {\n  max-width: 800px;\n}\n<\/style>\n\t<\/div>\n\n\t\n<\/div>\n\t\t<\/div>\n\n\t\t\n<style>\n#section_449285041 {\n  padding-top: 0px;\n  padding-bottom: 0px;\n}\n<\/style>\n\t<\/section>\n\t\n\t<div id=\"gap-1152961667\" class=\"gap-element clearfix\" style=\"display:block; height:auto;\">\n\t\t\n<style>\n#gap-1152961667 {\n  padding-top: 60px;\n}\n<\/style>\n\t<\/div>\n\t\n\n\t<section class=\"section quote\" id=\"section_785274600\">\n\t\t<div class=\"section-bg fill\" >\n\t\t\t\t\t\t\t\t\t\n\t\t\t\n\n\t\t<\/div>\n\n\t\t\n\n\t\t<div class=\"section-content relative\">\n\t\t\t\n<div class=\"row row-collapse align-center\"  id=\"row-1920727457\">\n\n\t<div id=\"col-345763090\" class=\"col small-12 large-12\"  >\n\t\t\t\t<div class=\"col-inner text-center\"  >\n\t\t\t\n\t\t\t\n<p>N\u00e4hre dein Yin, bevor der Wind es verweht.<\/p>\n<p class=\"quote-from\">Antigua sabidur\u00eda de la MTC<\/p>\n\t\t<\/div>\n\t\t\t\t\n<style>\n#col-345763090 > .col-inner {\n  max-width: 600px;\n}\n<\/style>\n\t<\/div>\n\n\t\n<\/div>\n\t\t<\/div>\n\n\t\t\n<style>\n#section_785274600 {\n  padding-top: 60px;\n  padding-bottom: 60px;\n  background-color: rgb(255, 244, 217);\n}\n<\/style>\n\t<\/section>\n\t\n\t<div id=\"gap-668547081\" class=\"gap-element clearfix\" style=\"display:block; height:auto;\">\n\t\t\n<style>\n#gap-668547081 {\n  padding-top: 60px;\n}\n<\/style>\n\t<\/div>\n\t\n\n\t<section class=\"section h2\" id=\"section_437533252\">\n\t\t<div class=\"section-bg fill\" >\n\t\t\t\t\t\t\t\t\t\n\t\t\t\n\n\t\t<\/div>\n\n\t\t\n\n\t\t<div class=\"section-content relative\">\n\t\t\t\n<div class=\"row row-collapse align-center\"  id=\"row-449252681\">\n\n\t<div id=\"col-524730516\" class=\"col small-12 large-12\"  >\n\t\t\t\t<div class=\"col-inner text-center\"  >\n\t\t\t\n\t\t\t\n<h2>Otros consejos y art\u00edculos interesantes<\/h2>\n\t\t<\/div>\n\t\t\t\t\n<style>\n#col-524730516 > .col-inner {\n  max-width: 960px;\n}\n<\/style>\n\t<\/div>\n\n\t\n<\/div>\n\t\t<\/div>\n\n\t\t\n<style>\n#section_437533252 {\n  padding-top: 0px;\n  padding-bottom: 0px;\n}\n<\/style>\n\t<\/section>\n\t\n\n\t<section class=\"section blogposts-overview\" id=\"section_989140933\">\n\t\t<div class=\"section-bg fill\" >\n\t\t\t\t\t\t\t\t\t\n\t\t\t\n\n\t\t<\/div>\n\n\t\t\n\n\t\t<div class=\"section-content relative\">\n\t\t\t\n<div class=\"row\"  id=\"row-1532949660\">\n\n\t<div id=\"col-1015220287\" class=\"col small-12 large-12\"  >\n\t\t\t\t<div class=\"col-inner text-center\"  >\n\t\t\t\n\t\t\t\n  <style>\n    #row-1997645356 .grid-col-1{height: 600px}\n    #row-1997645356 .grid-col-1-2{height: 300px}\n    #row-1997645356 .grid-col-1-3{height:200px}\n    #row-1997645356 .grid-col-2-3{height: 400px}\n    #row-1997645356 .grid-col-1-4{height: 150px}\n    #row-1997645356 .grid-col-3-4{height: 450px}\n\n\n        \/* Tablet *\/\n    @media (max-width: 850px){\n      #row-1997645356 .grid-col-1{height: 400px}\n      #row-1997645356 .grid-col-1-2{height: 200px}\n      #row-1997645356 .grid-col-1-3{height:133.33333333333px}\n      #row-1997645356 .grid-col-2-3{height: 266.66666666667px}\n      #row-1997645356 .grid-col-1-4{height: 100px}\n      #row-1997645356 .grid-col-3-4{height: 300px}\n    }\n    \n        \/* Mobile *\/\n    @media (max-width: 550px){\n      #row-1997645356 .grid-col-1{height: 400px}\n      #row-1997645356 .grid-col-1-2{height: 200px}\n      #row-1997645356 .grid-col-1-3{height:133.33333333333px}\n      #row-1997645356 .grid-col-2-3{height: 266.66666666667px}\n      #row-1997645356 .grid-col-1-4{height: 100px}\n      #row-1997645356 .grid-col-3-4{height: 300px}\n    }\n    \n\n  <\/style>\n  \n  \n    <div id=\"row-1997645356\" class=\"row row-small row-full-width row-grid\" data-packery-options='{\"itemSelector\": \".col\", \"gutter\": 0, \"presentageWidth\" : true}'>\n\n  <div class=\"col post-item grid-col grid-col-1 large-6 medium-12\" >\n\t\t\t<div class=\"col-inner\">\n\t\t\t\t<div class=\"box box-default box-text-bottom box-blog-post has-hover\">\n            \t\t\t\t\t<div class=\"box-image\" >\n  \t\t\t\t\t\t<div class=\"image-cover\" style=\"padding-top:56%;\">\n\t\t\t\t\t\t\t<a href=\"https:\/\/www.meine-tcm.com\/es\/den-herbst-richtig-beginnen\/\" class=\"plain\" aria-label=\"Den Herbst richtig beginnen\">\n\t\t\t\t\t\t\t\t<img loading=\"lazy\" decoding=\"async\" width=\"400\" height=\"400\" src=\"https:\/\/www.meine-tcm.com\/wp-content\/uploads\/2026\/04\/september-beitrag-woche-4-wei-qi-2-400x400.jpg\" class=\"attachment-medium size-medium wp-post-image\" alt=\"Der Wind nimmt sich, was du nicht sch\u00fctzt. Schlie\u00df die T\u00fcr, bevor er einzieht.\" srcset=\"https:\/\/www.meine-tcm.com\/wp-content\/uploads\/2026\/04\/september-beitrag-woche-4-wei-qi-2-400x400.jpg 400w, https:\/\/www.meine-tcm.com\/wp-content\/uploads\/2026\/04\/september-beitrag-woche-4-wei-qi-2-100x100.jpg 100w, https:\/\/www.meine-tcm.com\/wp-content\/uploads\/2026\/04\/september-beitrag-woche-4-wei-qi-2-800x800.jpg 800w, https:\/\/www.meine-tcm.com\/wp-content\/uploads\/2026\/04\/september-beitrag-woche-4-wei-qi-2-280x280.jpg 280w, https:\/\/www.meine-tcm.com\/wp-content\/uploads\/2026\/04\/september-beitrag-woche-4-wei-qi-2-768x768.jpg 768w, https:\/\/www.meine-tcm.com\/wp-content\/uploads\/2026\/04\/september-beitrag-woche-4-wei-qi-2-1536x1536.jpg 1536w, https:\/\/www.meine-tcm.com\/wp-content\/uploads\/2026\/04\/september-beitrag-woche-4-wei-qi-2-2048x2048.jpg 2048w, https:\/\/www.meine-tcm.com\/wp-content\/uploads\/2026\/04\/september-beitrag-woche-4-wei-qi-2-12x12.jpg 12w\" sizes=\"auto, (max-width: 400px) 100vw, 400px\" title=\"Der Wind nimmt sich, was du nicht sch\u00fctzt. Schlie\u00df die T\u00fcr, bevor er einzieht.\" \/>\t\t\t\t\t\t\t<\/a>\n  \t\t\t\t\t\t\t  \t\t\t\t\t\t\t  \t\t\t\t\t\t<\/div>\n  \t\t\t\t\t\t  \t\t\t\t\t<\/div>\n          \t\t\t\t\t<div class=\"box-text text-center\" >\n\t\t\t\t\t<div class=\"box-text-inner blog-post-inner\">\n\n\t\t\t\t\t\n\t\t\t\t\t\t\t\t\t\t\t<p class=\"cat-label  is-xxsmall op-7 uppercase\">\n\t\t\t\t\tConsejo TCM de la semana \t\t\t\t\t<\/p>\n\t\t\t\t\t\t\t\t\t\t<h5 class=\"post-title is-large\">\n\t\t\t\t\t\t<a href=\"https:\/\/www.meine-tcm.com\/es\/den-herbst-richtig-beginnen\/\" class=\"plain\">Den Herbst richtig beginnen<\/a>\n\t\t\t\t\t<\/h5>\n\t\t\t\t\t\t\t\t\t\t<div class=\"is-divider\"><\/div>\n\t\t\t\t\t\t\t\t\t\t<p class=\"from_the_blog_excerpt\">\n\t\t\t\t\t\tZwischen dem ersten k\u00fchlen Abend und dem ersten Frost stellt dein K\u00f6rper von Sommer auf Winter um und ist solange offener\u2026\t\t\t\t\t<\/p>\n\t\t\t\t\t                    \n\t\t\t\t\t\n\t\t\t\t\t\n\t\t\t\t\t<\/div>\n\t\t\t\t\t<\/div>\n\t\t\t\t\t\t\t\t\t\t\t\t\t\t\t\t<div class=\"badge absolute top post-date badge-outline\">\n\t\t\t\t\t\t\t<div class=\"badge-inner\">\n\t\t\t\t\t\t\t\t<span class=\"post-date-day\">01<\/span><br>\n\t\t\t\t\t\t\t\t<span class=\"post-date-month is-xsmall\">Sep<\/span>\n\t\t\t\t\t\t\t<\/div>\n\t\t\t\t\t\t<\/div>\n\t\t\t\t\t\t\t\t\t<\/div>\n\t\t\t<\/div>\n\t\t<\/div><div class=\"col post-item grid-col grid-col-1 large-3 medium-6\" >\n\t\t\t<div class=\"col-inner\">\n\t\t\t\t<div class=\"box box-default box-text-bottom box-blog-post has-hover\">\n            \t\t\t\t\t<div class=\"box-image\" >\n  \t\t\t\t\t\t<div class=\"image-cover\" style=\"padding-top:56%;\">\n\t\t\t\t\t\t\t<a href=\"https:\/\/www.meine-tcm.com\/es\/birnen-dattel-suppe-herbst\/\" class=\"plain\" aria-label=\"Das Herbstgetr\u00e4nk der alten Meister\">\n\t\t\t\t\t\t\t\t<img loading=\"lazy\" decoding=\"async\" width=\"400\" height=\"400\" src=\"https:\/\/www.meine-tcm.com\/wp-content\/uploads\/2026\/08\/birnensuppe-B-glas-928-400x400.jpg\" class=\"attachment-medium size-medium wp-post-image\" alt=\"Birnen\u2013Dattel\u2013Suppe\" srcset=\"https:\/\/www.meine-tcm.com\/wp-content\/uploads\/2026\/08\/birnensuppe-B-glas-928-400x400.jpg 400w, https:\/\/www.meine-tcm.com\/wp-content\/uploads\/2026\/08\/birnensuppe-B-glas-928-800x800.jpg 800w, https:\/\/www.meine-tcm.com\/wp-content\/uploads\/2026\/08\/birnensuppe-B-glas-928-280x280.jpg 280w, https:\/\/www.meine-tcm.com\/wp-content\/uploads\/2026\/08\/birnensuppe-B-glas-928-768x768.jpg 768w, https:\/\/www.meine-tcm.com\/wp-content\/uploads\/2026\/08\/birnensuppe-B-glas-928-12x12.jpg 12w, https:\/\/www.meine-tcm.com\/wp-content\/uploads\/2026\/08\/birnensuppe-B-glas-928-100x100.jpg 100w, https:\/\/www.meine-tcm.com\/wp-content\/uploads\/2026\/08\/birnensuppe-B-glas-928.jpg 928w\" sizes=\"auto, (max-width: 400px) 100vw, 400px\" title=\"Birnen\u2013Dattel\u2013Suppe TCM Rezept\" \/>\t\t\t\t\t\t\t<\/a>\n  \t\t\t\t\t\t\t  \t\t\t\t\t\t\t  \t\t\t\t\t\t<\/div>\n  \t\t\t\t\t\t  \t\t\t\t\t<\/div>\n          \t\t\t\t\t<div class=\"box-text text-center\" >\n\t\t\t\t\t<div class=\"box-text-inner blog-post-inner\">\n\n\t\t\t\t\t\n\t\t\t\t\t\t\t\t\t\t\t<p class=\"cat-label  is-xxsmall op-7 uppercase\">\n\t\t\t\t\tNutrici\u00f3n \t\t\t\t\t<\/p>\n\t\t\t\t\t\t\t\t\t\t<h5 class=\"post-title is-large\">\n\t\t\t\t\t\t<a href=\"https:\/\/www.meine-tcm.com\/es\/birnen-dattel-suppe-herbst\/\" class=\"plain\">Das Herbstgetr\u00e4nk der alten Meister<\/a>\n\t\t\t\t\t<\/h5>\n\t\t\t\t\t\t\t\t\t\t<div class=\"is-divider\"><\/div>\n\t\t\t\t\t\t\t\t\t\t<p class=\"from_the_blog_excerpt\">\n\t\t\t\t\t\tBei uns isst man Birnen roh. In China kocht man sie \u2014 im Herbst fast t\u00e4glich, zusammen mit roten Datteln. Warum\u2026\t\t\t\t\t<\/p>\n\t\t\t\t\t                    \n\t\t\t\t\t\n\t\t\t\t\t\n\t\t\t\t\t<\/div>\n\t\t\t\t\t<\/div>\n\t\t\t\t\t\t\t\t\t\t\t\t\t\t\t\t<div class=\"badge absolute top post-date badge-outline\">\n\t\t\t\t\t\t\t<div class=\"badge-inner\">\n\t\t\t\t\t\t\t\t<span class=\"post-date-day\">28<\/span><br>\n\t\t\t\t\t\t\t\t<span class=\"post-date-month is-xsmall\">Hace<\/span>\n\t\t\t\t\t\t\t<\/div>\n\t\t\t\t\t\t<\/div>\n\t\t\t\t\t\t\t\t\t<\/div>\n\t\t\t<\/div>\n\t\t<\/div><div class=\"col post-item grid-col grid-col-1-2 large-3 medium-6\" >\n\t\t\t<div class=\"col-inner\">\n\t\t\t\t<div class=\"box box-default box-text-bottom box-blog-post has-hover\">\n            \t\t\t\t\t<div class=\"box-image\" >\n  \t\t\t\t\t\t<div class=\"image-cover\" style=\"padding-top:56%;\">\n\t\t\t\t\t\t\t<a href=\"https:\/\/www.meine-tcm.com\/es\/herbst-trockenheit-kratzender-hals-trockene-haut-traege-verdauung\/\" class=\"plain\" aria-label=\"Der Hals kratzt, die Haut spannt, die Verdauung stockt \u2014 im Herbst hat das eine gemeinsame Ursache\">\n\t\t\t\t\t\t\t\t<img loading=\"lazy\" decoding=\"async\" width=\"280\" height=\"280\" src=\"https:\/\/www.meine-tcm.com\/wp-content\/uploads\/2026\/08\/3-weisen-september-2026-behind-the-scenes-1066-280x280.jpg\" class=\"attachment-thumbnail size-thumbnail wp-post-image\" alt=\"Q\u00ed B\u00f3 | El Emperador Amarillo Huangdi | Dr Weber\" srcset=\"https:\/\/www.meine-tcm.com\/wp-content\/uploads\/2026\/08\/3-weisen-september-2026-behind-the-scenes-1066-280x280.jpg 280w, https:\/\/www.meine-tcm.com\/wp-content\/uploads\/2026\/08\/3-weisen-september-2026-behind-the-scenes-1066-100x100.jpg 100w\" sizes=\"auto, (max-width: 280px) 100vw, 280px\" title=\"Frag den Gelben Kaiser Shooting (BTS) - September 2026\" \/>\t\t\t\t\t\t\t<\/a>\n  \t\t\t\t\t\t\t  \t\t\t\t\t\t\t  \t\t\t\t\t\t<\/div>\n  \t\t\t\t\t\t  \t\t\t\t\t<\/div>\n          \t\t\t\t\t<div class=\"box-text text-center\" >\n\t\t\t\t\t<div class=\"box-text-inner blog-post-inner\">\n\n\t\t\t\t\t\n\t\t\t\t\t\t\t\t\t\t\t<p class=\"cat-label  is-xxsmall op-7 uppercase\">\n\t\t\t\t\tLa MTC explicada \t\t\t\t\t<\/p>\n\t\t\t\t\t\t\t\t\t\t<h5 class=\"post-title is-large\">\n\t\t\t\t\t\t<a href=\"https:\/\/www.meine-tcm.com\/es\/herbst-trockenheit-kratzender-hals-trockene-haut-traege-verdauung\/\" class=\"plain\">Der Hals kratzt, die Haut spannt, die Verdauung stockt \u2014 im Herbst hat das eine gemeinsame Ursache<\/a>\n\t\t\t\t\t<\/h5>\n\t\t\t\t\t\t\t\t\t\t<div class=\"is-divider\"><\/div>\n\t\t\t\t\t                    \n\t\t\t\t\t\n\t\t\t\t\t\n\t\t\t\t\t<\/div>\n\t\t\t\t\t<\/div>\n\t\t\t\t\t\t\t\t\t\t\t\t\t\t\t\t<div class=\"badge absolute top post-date badge-outline\">\n\t\t\t\t\t\t\t<div class=\"badge-inner\">\n\t\t\t\t\t\t\t\t<span class=\"post-date-day\">28<\/span><br>\n\t\t\t\t\t\t\t\t<span class=\"post-date-month is-xsmall\">Hace<\/span>\n\t\t\t\t\t\t\t<\/div>\n\t\t\t\t\t\t<\/div>\n\t\t\t\t\t\t\t\t\t<\/div>\n\t\t\t<\/div>\n\t\t<\/div><div class=\"col post-item grid-col grid-col-1-2 large-3 medium-6\" >\n\t\t\t<div class=\"col-inner\">\n\t\t\t\t<div class=\"box box-default box-text-bottom box-blog-post has-hover\">\n            \t\t\t\t\t<div class=\"box-image\" >\n  \t\t\t\t\t\t<div class=\"image-cover\" style=\"padding-top:56%;\">\n\t\t\t\t\t\t\t<a href=\"https:\/\/www.meine-tcm.com\/es\/weisse-lebensmittel-herbst-tcm\/\" class=\"plain\" aria-label=\"Der Herbst entscheidet, wie du durch den Winter kommst\">\n\t\t\t\t\t\t\t\t<img loading=\"lazy\" decoding=\"async\" width=\"280\" height=\"280\" src=\"https:\/\/www.meine-tcm.com\/wp-content\/uploads\/2026\/06\/weisse-medizin-des-herbstes-oktober-woche-2-280x280.jpg\" class=\"attachment-thumbnail size-thumbnail wp-post-image\" alt=\"Was der Herbst den Bl\u00e4ttern nimmt, nimmt er auch dir. N\u00e4hre dein Yin, bevor der Wind es davontr\u00e4gt.\" srcset=\"https:\/\/www.meine-tcm.com\/wp-content\/uploads\/2026\/06\/weisse-medizin-des-herbstes-oktober-woche-2-280x280.jpg 280w, https:\/\/www.meine-tcm.com\/wp-content\/uploads\/2026\/06\/weisse-medizin-des-herbstes-oktober-woche-2-400x400.jpg 400w, https:\/\/www.meine-tcm.com\/wp-content\/uploads\/2026\/06\/weisse-medizin-des-herbstes-oktober-woche-2-800x800.jpg 800w, https:\/\/www.meine-tcm.com\/wp-content\/uploads\/2026\/06\/weisse-medizin-des-herbstes-oktober-woche-2-768x768.jpg 768w, https:\/\/www.meine-tcm.com\/wp-content\/uploads\/2026\/06\/weisse-medizin-des-herbstes-oktober-woche-2-1536x1536.jpg 1536w, https:\/\/www.meine-tcm.com\/wp-content\/uploads\/2026\/06\/weisse-medizin-des-herbstes-oktober-woche-2-2048x2048.jpg 2048w, https:\/\/www.meine-tcm.com\/wp-content\/uploads\/2026\/06\/weisse-medizin-des-herbstes-oktober-woche-2-12x12.jpg 12w, https:\/\/www.meine-tcm.com\/wp-content\/uploads\/2026\/06\/weisse-medizin-des-herbstes-oktober-woche-2-100x100.jpg 100w\" sizes=\"auto, (max-width: 280px) 100vw, 280px\" title=\"Was der Herbst den Bl\u00e4ttern nimmt, nimmt er auch dir. N\u00e4hre dein Yin, bevor der Wind es davontr\u00e4gt.\" \/>\t\t\t\t\t\t\t<\/a>\n  \t\t\t\t\t\t\t  \t\t\t\t\t\t\t  \t\t\t\t\t\t<\/div>\n  \t\t\t\t\t\t  \t\t\t\t\t<\/div>\n          \t\t\t\t\t<div class=\"box-text text-center\" >\n\t\t\t\t\t<div class=\"box-text-inner blog-post-inner\">\n\n\t\t\t\t\t\n\t\t\t\t\t\t\t\t\t\t\t<p class=\"cat-label  is-xxsmall op-7 uppercase\">\n\t\t\t\t\tConsejo TCM de la semana \t\t\t\t\t<\/p>\n\t\t\t\t\t\t\t\t\t\t<h5 class=\"post-title is-large\">\n\t\t\t\t\t\t<a href=\"https:\/\/www.meine-tcm.com\/es\/weisse-lebensmittel-herbst-tcm\/\" class=\"plain\">Der Herbst entscheidet, wie du durch den Winter kommst<\/a>\n\t\t\t\t\t<\/h5>\n\t\t\t\t\t\t\t\t\t\t<div class=\"is-divider\"><\/div>\n\t\t\t\t\t                    \n\t\t\t\t\t\n\t\t\t\t\t\n\t\t\t\t\t<\/div>\n\t\t\t\t\t<\/div>\n\t\t\t\t\t\t\t\t\t\t\t\t\t\t\t\t<div class=\"badge absolute top post-date badge-outline\">\n\t\t\t\t\t\t\t<div class=\"badge-inner\">\n\t\t\t\t\t\t\t\t<span class=\"post-date-day\">26<\/span><br>\n\t\t\t\t\t\t\t\t<span class=\"post-date-month is-xsmall\">Hace<\/span>\n\t\t\t\t\t\t\t<\/div>\n\t\t\t\t\t\t<\/div>\n\t\t\t\t\t\t\t\t\t<\/div>\n\t\t\t<\/div>\n\t\t<\/div><div class=\"col post-item grid-col grid-col-1-2 large-3 medium-6\" >\n\t\t\t<div class=\"col-inner\">\n\t\t\t\t<div class=\"box box-default box-text-bottom box-blog-post has-hover\">\n            \t\t\t\t\t<div class=\"box-image\" >\n  \t\t\t\t\t\t<div class=\"image-cover\" style=\"padding-top:56%;\">\n\t\t\t\t\t\t\t<a href=\"https:\/\/www.meine-tcm.com\/es\/warum-loslassen-im-kopf-nicht-funktioniert\/\" class=\"plain\" aria-label=\"Warum Loslassen im Kopf nicht funktioniert\">\n\t\t\t\t\t\t\t\t<img loading=\"lazy\" decoding=\"async\" width=\"280\" height=\"280\" src=\"https:\/\/www.meine-tcm.com\/wp-content\/uploads\/2026\/08\/seufzen-august-woche-3-1-280x280.jpg\" class=\"attachment-thumbnail size-thumbnail wp-post-image\" alt=\"Dein K\u00f6rper wei\u00df, wie Loslassen geht. Es hei\u00dft Seufzen.\" srcset=\"https:\/\/www.meine-tcm.com\/wp-content\/uploads\/2026\/08\/seufzen-august-woche-3-1-280x280.jpg 280w, https:\/\/www.meine-tcm.com\/wp-content\/uploads\/2026\/08\/seufzen-august-woche-3-1-400x400.jpg 400w, https:\/\/www.meine-tcm.com\/wp-content\/uploads\/2026\/08\/seufzen-august-woche-3-1-800x800.jpg 800w, https:\/\/www.meine-tcm.com\/wp-content\/uploads\/2026\/08\/seufzen-august-woche-3-1-768x768.jpg 768w, https:\/\/www.meine-tcm.com\/wp-content\/uploads\/2026\/08\/seufzen-august-woche-3-1-1536x1536.jpg 1536w, https:\/\/www.meine-tcm.com\/wp-content\/uploads\/2026\/08\/seufzen-august-woche-3-1-2048x2048.jpg 2048w, https:\/\/www.meine-tcm.com\/wp-content\/uploads\/2026\/08\/seufzen-august-woche-3-1-12x12.jpg 12w, https:\/\/www.meine-tcm.com\/wp-content\/uploads\/2026\/08\/seufzen-august-woche-3-1-100x100.jpg 100w\" sizes=\"auto, (max-width: 280px) 100vw, 280px\" title=\"Dein K\u00f6rper wei\u00df, wie Loslassen geht. Es hei\u00dft Seufzen.\" \/>\t\t\t\t\t\t\t<\/a>\n  \t\t\t\t\t\t\t  \t\t\t\t\t\t\t  \t\t\t\t\t\t<\/div>\n  \t\t\t\t\t\t  \t\t\t\t\t<\/div>\n          \t\t\t\t\t<div class=\"box-text text-center\" >\n\t\t\t\t\t<div class=\"box-text-inner blog-post-inner\">\n\n\t\t\t\t\t\n\t\t\t\t\t\t\t\t\t\t\t<p class=\"cat-label  is-xxsmall op-7 uppercase\">\n\t\t\t\t\tConsejo TCM de la semana \t\t\t\t\t<\/p>\n\t\t\t\t\t\t\t\t\t\t<h5 class=\"post-title is-large\">\n\t\t\t\t\t\t<a href=\"https:\/\/www.meine-tcm.com\/es\/warum-loslassen-im-kopf-nicht-funktioniert\/\" class=\"plain\">Warum Loslassen im Kopf nicht funktioniert<\/a>\n\t\t\t\t\t<\/h5>\n\t\t\t\t\t\t\t\t\t\t<div class=\"is-divider\"><\/div>\n\t\t\t\t\t                    \n\t\t\t\t\t\n\t\t\t\t\t\n\t\t\t\t\t<\/div>\n\t\t\t\t\t<\/div>\n\t\t\t\t\t\t\t\t\t\t\t\t\t\t\t\t<div class=\"badge absolute top post-date badge-outline\">\n\t\t\t\t\t\t\t<div class=\"badge-inner\">\n\t\t\t\t\t\t\t\t<span class=\"post-date-day\">18<\/span><br>\n\t\t\t\t\t\t\t\t<span class=\"post-date-month is-xsmall\">Hace<\/span>\n\t\t\t\t\t\t\t<\/div>\n\t\t\t\t\t\t<\/div>\n\t\t\t\t\t\t\t\t\t<\/div>\n\t\t\t<\/div>\n\t\t<\/div><div class=\"col post-item grid-col grid-col-1-2 large-3 medium-6\" >\n\t\t\t<div class=\"col-inner\">\n\t\t\t\t<div class=\"box box-default box-text-bottom box-blog-post has-hover\">\n            \t\t\t\t\t<div class=\"box-image\" >\n  \t\t\t\t\t\t<div class=\"image-cover\" style=\"padding-top:56%;\">\n\t\t\t\t\t\t\t<a href=\"https:\/\/www.meine-tcm.com\/es\/der-weg-aus-dem-gedankenkreis\/\" class=\"plain\" aria-label=\"El camino para salir del c\u00edrculo vicioso de los pensamientos\">\n\t\t\t\t\t\t\t\t<img loading=\"lazy\" decoding=\"async\" width=\"280\" height=\"280\" src=\"https:\/\/www.meine-tcm.com\/wp-content\/uploads\/2026\/07\/gruebeln-august-woche-2-1-280x280.jpg\" class=\"attachment-thumbnail size-thumbnail wp-post-image\" alt=\"Hay pensamientos que no se resuelven. Hay que deshacerse de ellos.\" srcset=\"https:\/\/www.meine-tcm.com\/wp-content\/uploads\/2026\/07\/gruebeln-august-woche-2-1-280x280.jpg 280w, https:\/\/www.meine-tcm.com\/wp-content\/uploads\/2026\/07\/gruebeln-august-woche-2-1-400x400.jpg 400w, https:\/\/www.meine-tcm.com\/wp-content\/uploads\/2026\/07\/gruebeln-august-woche-2-1-800x800.jpg 800w, https:\/\/www.meine-tcm.com\/wp-content\/uploads\/2026\/07\/gruebeln-august-woche-2-1-768x768.jpg 768w, https:\/\/www.meine-tcm.com\/wp-content\/uploads\/2026\/07\/gruebeln-august-woche-2-1-1536x1536.jpg 1536w, https:\/\/www.meine-tcm.com\/wp-content\/uploads\/2026\/07\/gruebeln-august-woche-2-1-2048x2048.jpg 2048w, https:\/\/www.meine-tcm.com\/wp-content\/uploads\/2026\/07\/gruebeln-august-woche-2-1-12x12.jpg 12w, https:\/\/www.meine-tcm.com\/wp-content\/uploads\/2026\/07\/gruebeln-august-woche-2-1-100x100.jpg 100w\" sizes=\"auto, (max-width: 280px) 100vw, 280px\" title=\"Hay pensamientos que no se resuelven. Hay que deshacerse de ellos.\" \/>\t\t\t\t\t\t\t<\/a>\n  \t\t\t\t\t\t\t  \t\t\t\t\t\t\t  \t\t\t\t\t\t<\/div>\n  \t\t\t\t\t\t  \t\t\t\t\t<\/div>\n          \t\t\t\t\t<div class=\"box-text text-center\" >\n\t\t\t\t\t<div class=\"box-text-inner blog-post-inner\">\n\n\t\t\t\t\t\n\t\t\t\t\t\t\t\t\t\t\t<p class=\"cat-label  is-xxsmall op-7 uppercase\">\n\t\t\t\t\tConsejo TCM de la semana \t\t\t\t\t<\/p>\n\t\t\t\t\t\t\t\t\t\t<h5 class=\"post-title is-large\">\n\t\t\t\t\t\t<a href=\"https:\/\/www.meine-tcm.com\/es\/der-weg-aus-dem-gedankenkreis\/\" class=\"plain\">El camino para salir del c\u00edrculo vicioso de los pensamientos<\/a>\n\t\t\t\t\t<\/h5>\n\t\t\t\t\t\t\t\t\t\t<div class=\"is-divider\"><\/div>\n\t\t\t\t\t                    \n\t\t\t\t\t\n\t\t\t\t\t\n\t\t\t\t\t<\/div>\n\t\t\t\t\t<\/div>\n\t\t\t\t\t\t\t\t\t\t\t\t\t\t\t\t<div class=\"badge absolute top post-date badge-outline\">\n\t\t\t\t\t\t\t<div class=\"badge-inner\">\n\t\t\t\t\t\t\t\t<span class=\"post-date-day\">12<\/span><br>\n\t\t\t\t\t\t\t\t<span class=\"post-date-month is-xsmall\">Hace<\/span>\n\t\t\t\t\t\t\t<\/div>\n\t\t\t\t\t\t<\/div>\n\t\t\t\t\t\t\t\t\t<\/div>\n\t\t\t<\/div>\n\t\t<\/div><div class=\"col post-item grid-col grid-col-1-2 large-3 medium-6\" >\n\t\t\t<div class=\"col-inner\">\n\t\t\t\t<div class=\"box box-default box-text-bottom box-blog-post has-hover\">\n            \t\t\t\t\t<div class=\"box-image\" >\n  \t\t\t\t\t\t<div class=\"image-cover\" style=\"padding-top:56%;\">\n\t\t\t\t\t\t\t<a href=\"https:\/\/www.meine-tcm.com\/es\/es-ist-zeit-zu-ernten\/\" class=\"plain\" aria-label=\"Es hora de cosechar\">\n\t\t\t\t\t\t\t\t<img loading=\"lazy\" decoding=\"async\" width=\"280\" height=\"280\" src=\"https:\/\/www.meine-tcm.com\/wp-content\/uploads\/2026\/07\/dojo-august-woche-1-280x280.jpeg\" class=\"attachment-thumbnail size-thumbnail wp-post-image\" alt=\"Ya no tienes que sembrar nada m\u00e1s. Es hora de cosechar.\" srcset=\"https:\/\/www.meine-tcm.com\/wp-content\/uploads\/2026\/07\/dojo-august-woche-1-280x280.jpeg 280w, https:\/\/www.meine-tcm.com\/wp-content\/uploads\/2026\/07\/dojo-august-woche-1-400x400.jpeg 400w, https:\/\/www.meine-tcm.com\/wp-content\/uploads\/2026\/07\/dojo-august-woche-1-800x800.jpeg 800w, https:\/\/www.meine-tcm.com\/wp-content\/uploads\/2026\/07\/dojo-august-woche-1-768x768.jpeg 768w, https:\/\/www.meine-tcm.com\/wp-content\/uploads\/2026\/07\/dojo-august-woche-1-12x12.jpeg 12w, https:\/\/www.meine-tcm.com\/wp-content\/uploads\/2026\/07\/dojo-august-woche-1-100x100.jpeg 100w, https:\/\/www.meine-tcm.com\/wp-content\/uploads\/2026\/07\/dojo-august-woche-1.jpeg 1280w\" sizes=\"auto, (max-width: 280px) 100vw, 280px\" title=\"Ya no tienes que sembrar nada m\u00e1s. Es hora de cosechar.\" \/>\t\t\t\t\t\t\t<\/a>\n  \t\t\t\t\t\t\t  \t\t\t\t\t\t\t  \t\t\t\t\t\t<\/div>\n  \t\t\t\t\t\t  \t\t\t\t\t<\/div>\n          \t\t\t\t\t<div class=\"box-text text-center\" >\n\t\t\t\t\t<div class=\"box-text-inner blog-post-inner\">\n\n\t\t\t\t\t\n\t\t\t\t\t\t\t\t\t\t\t<p class=\"cat-label  is-xxsmall op-7 uppercase\">\n\t\t\t\t\tConsejo TCM de la semana \t\t\t\t\t<\/p>\n\t\t\t\t\t\t\t\t\t\t<h5 class=\"post-title is-large\">\n\t\t\t\t\t\t<a href=\"https:\/\/www.meine-tcm.com\/es\/es-ist-zeit-zu-ernten\/\" class=\"plain\">Es hora de cosechar<\/a>\n\t\t\t\t\t<\/h5>\n\t\t\t\t\t\t\t\t\t\t<div class=\"is-divider\"><\/div>\n\t\t\t\t\t                    \n\t\t\t\t\t\n\t\t\t\t\t\n\t\t\t\t\t<\/div>\n\t\t\t\t\t<\/div>\n\t\t\t\t\t\t\t\t\t\t\t\t\t\t\t\t<div class=\"badge absolute top post-date badge-outline\">\n\t\t\t\t\t\t\t<div class=\"badge-inner\">\n\t\t\t\t\t\t\t\t<span class=\"post-date-day\">04<\/span><br>\n\t\t\t\t\t\t\t\t<span class=\"post-date-month is-xsmall\">Hace<\/span>\n\t\t\t\t\t\t\t<\/div>\n\t\t\t\t\t\t<\/div>\n\t\t\t\t\t\t\t\t\t<\/div>\n\t\t\t<\/div>\n\t\t<\/div><div class=\"col post-item grid-col grid-col-1-2 large-3 medium-6\" >\n\t\t\t<div class=\"col-inner\">\n\t\t\t\t<div class=\"box box-default box-text-bottom box-blog-post has-hover\">\n            \t\t\t\t\t<div class=\"box-image\" >\n  \t\t\t\t\t\t<div class=\"image-cover\" style=\"padding-top:56%;\">\n\t\t\t\t\t\t\t<a href=\"https:\/\/www.meine-tcm.com\/es\/gruebeln-schlaegt-auf-den-magen\/\" class=\"plain\" aria-label=\"C\u00f3mo afecta el dar vueltas a las cosas a tu digesti\u00f3n\u2026 y c\u00f3mo volver a sentirte ligero\">\n\t\t\t\t\t\t\t\t<img loading=\"lazy\" decoding=\"async\" width=\"280\" height=\"280\" src=\"https:\/\/www.meine-tcm.com\/wp-content\/uploads\/2026\/07\/3weisen-leichte-mitte-behind-the-scenes-1066-280x280.jpg\" class=\"attachment-thumbnail size-thumbnail wp-post-image\" alt=\"Q\u00ed B\u00f3 | El Emperador Amarillo Huangdi | Dr Weber\" srcset=\"https:\/\/www.meine-tcm.com\/wp-content\/uploads\/2026\/07\/3weisen-leichte-mitte-behind-the-scenes-1066-280x280.jpg 280w, https:\/\/www.meine-tcm.com\/wp-content\/uploads\/2026\/07\/3weisen-leichte-mitte-behind-the-scenes-1066-100x100.jpg 100w\" sizes=\"auto, (max-width: 280px) 100vw, 280px\" title=\"Sesi\u00f3n fotogr\u00e1fica de \u00abPreg\u00fantale al Emperador Amarillo\u00bb (detr\u00e1s de las c\u00e1maras) - agosto de 2026\" \/>\t\t\t\t\t\t\t<\/a>\n  \t\t\t\t\t\t\t  \t\t\t\t\t\t\t  \t\t\t\t\t\t<\/div>\n  \t\t\t\t\t\t  \t\t\t\t\t<\/div>\n          \t\t\t\t\t<div class=\"box-text text-center\" >\n\t\t\t\t\t<div class=\"box-text-inner blog-post-inner\">\n\n\t\t\t\t\t\n\t\t\t\t\t\t\t\t\t\t\t<p class=\"cat-label  is-xxsmall op-7 uppercase\">\n\t\t\t\t\tGeneral \t\t\t\t\t<\/p>\n\t\t\t\t\t\t\t\t\t\t<h5 class=\"post-title is-large\">\n\t\t\t\t\t\t<a href=\"https:\/\/www.meine-tcm.com\/es\/gruebeln-schlaegt-auf-den-magen\/\" class=\"plain\">C\u00f3mo afecta el dar vueltas a las cosas a tu digesti\u00f3n\u2026 y c\u00f3mo volver a sentirte ligero<\/a>\n\t\t\t\t\t<\/h5>\n\t\t\t\t\t\t\t\t\t\t<div class=\"is-divider\"><\/div>\n\t\t\t\t\t                    \n\t\t\t\t\t\n\t\t\t\t\t\n\t\t\t\t\t<\/div>\n\t\t\t\t\t<\/div>\n\t\t\t\t\t\t\t\t\t\t\t\t\t\t\t\t<div class=\"badge absolute top post-date badge-outline\">\n\t\t\t\t\t\t\t<div class=\"badge-inner\">\n\t\t\t\t\t\t\t\t<span class=\"post-date-day\">31<\/span><br>\n\t\t\t\t\t\t\t\t<span class=\"post-date-month is-xsmall\">Julio<\/span>\n\t\t\t\t\t\t\t<\/div>\n\t\t\t\t\t\t<\/div>\n\t\t\t\t\t\t\t\t\t<\/div>\n\t\t\t<\/div>\n\t\t<\/div><\/div>\n\t\t<\/div>\n\t\t\t\t\n<style>\n#col-1015220287 > .col-inner {\n  max-width: 1060px;\n}\n<\/style>\n\t<\/div>\n\n\t\n<\/div>\n\t\t<\/div>\n\n\t\t\n<style>\n#section_989140933 {\n  padding-top: 0px;\n  padding-bottom: 0px;\n}\n<\/style>\n\t<\/section>\n\t\n\t<div id=\"gap-1685225627\" class=\"gap-element clearfix\" style=\"display:block; height:auto;\">\n\t\t\n<style>\n#gap-1685225627 {\n  padding-top: 20px;\n}\n<\/style>\n\t<\/div>\n\t\n\n\t<section class=\"section h2\" id=\"section_1276173417\">\n\t\t<div class=\"section-bg fill\" >\n\t\t\t\t\t\t\t\t\t\n\t\t\t\n\n\t\t<\/div>\n\n\t\t\n\n\t\t<div class=\"section-content relative\">\n\t\t\t\n<div class=\"row row-collapse align-center\"  id=\"row-1228889399\">\n\n\t<div id=\"col-1255857801\" class=\"col small-12 large-12\"  >\n\t\t\t\t<div class=\"col-inner text-center\"  >\n\t\t\t\n\t\t\t\n<h2>Nuestros productos m\u00e1s populares<\/h2>\n\t\t<\/div>\n\t\t\t\t\n<style>\n#col-1255857801 > .col-inner {\n  max-width: 960px;\n}\n<\/style>\n\t<\/div>\n\n\t\n<\/div>\n\t\t<\/div>\n\n\t\t\n<style>\n#section_1276173417 {\n  padding-top: 0px;\n  padding-bottom: 0px;\n}\n<\/style>\n\t<\/section>\n\t\n\t<div id=\"gap-1778784200\" class=\"gap-element clearfix\" style=\"display:block; height:auto;\">\n\t\t\n<style>\n#gap-1778784200 {\n  padding-top: 10px;\n}\n<\/style>\n\t<\/div>\n\t\n\n\t<section class=\"section top-produkte\" id=\"section_326967605\">\n\t\t<div class=\"section-bg fill\" >\n\t\t\t\t\t\t\t\t\t\n\t\t\t\n\n\t\t<\/div>\n\n\t\t\n\n\t\t<div class=\"section-content relative\">\n\t\t\t\n<div class=\"row row-collapse align-center\"  id=\"row-1048644085\">\n\n\t<div id=\"col-287618510\" class=\"col small-12 large-12\"  >\n\t\t\t\t<div class=\"col-inner text-left\"  >\n\t\t\t\n\t\t\t\n\t\n  \n    <div class=\"row  equalize-box large-columns-5 medium-columns-3 small-columns-2 row-small\" >\n  \n\t     <div class=\"col\" >\n\t\t\t\t\t\t<div class=\"col-inner\">\n\t\t\t\t\t\t\n<div class=\"badge-container absolute left top z-1\">\n\n<\/div>\n\t\t\t\t\t\t<div class=\"product-small box has-hover box-normal box-text-bottom\">\n\t\t\t\t\t\t\t<div class=\"box-image\" >\n\t\t\t\t\t\t\t\t<div class=\"image-zoom\" >\n\t\t\t\t\t\t\t\t\t<a href=\"https:\/\/www.meine-tcm.com\/es\/produkt\/akupen-der-geniale-akupressurstift-mit-videoanleitung\/\" aria-label=\"Selbst\u2013Akupressur lernen: die AkuPen\u2013Videothek mit \u00fcber 100 Anleitungsvideos\">\n\t\t\t\t\t\t\t\t\t\t<img loading=\"lazy\" decoding=\"async\" width=\"400\" height=\"480\" src=\"https:\/\/www.meine-tcm.com\/wp-content\/uploads\/2014\/08\/Akupen-weiss-vertikal-3-400x480.jpg\" class=\"show-on-hover absolute fill hide-for-small back-image\" alt=\"AkuPen abierto\" aria-hidden=\"true\" title=\"AkuPen de Einfach besser leben\" \/><img loading=\"lazy\" decoding=\"async\" width=\"283\" height=\"400\" src=\"https:\/\/www.meine-tcm.com\/wp-content\/uploads\/2014\/08\/Akupen-mit-Verpackung-auf-weiss-2400x3392-1-283x400.jpg\" class=\"attachment-medium size-medium\" alt=\"AukPen con embalaje de madera\" srcset=\"https:\/\/www.meine-tcm.com\/wp-content\/uploads\/2014\/08\/Akupen-mit-Verpackung-auf-weiss-2400x3392-1-283x400.jpg 283w, https:\/\/www.meine-tcm.com\/wp-content\/uploads\/2014\/08\/Akupen-mit-Verpackung-auf-weiss-2400x3392-1-scaled-800x1131.jpg 800w, https:\/\/www.meine-tcm.com\/wp-content\/uploads\/2014\/08\/Akupen-mit-Verpackung-auf-weiss-2400x3392-1-566x800.jpg 566w, https:\/\/www.meine-tcm.com\/wp-content\/uploads\/2014\/08\/Akupen-mit-Verpackung-auf-weiss-2400x3392-1-768x1085.jpg 768w, https:\/\/www.meine-tcm.com\/wp-content\/uploads\/2014\/08\/Akupen-mit-Verpackung-auf-weiss-2400x3392-1-1087x1536.jpg 1087w, https:\/\/www.meine-tcm.com\/wp-content\/uploads\/2014\/08\/Akupen-mit-Verpackung-auf-weiss-2400x3392-1-1449x2048.jpg 1449w, https:\/\/www.meine-tcm.com\/wp-content\/uploads\/2014\/08\/Akupen-mit-Verpackung-auf-weiss-2400x3392-1-8x12.jpg 8w, https:\/\/www.meine-tcm.com\/wp-content\/uploads\/2014\/08\/Akupen-mit-Verpackung-auf-weiss-2400x3392-1-scaled.jpg 1811w\" sizes=\"auto, (max-width: 283px) 100vw, 283px\" title=\"AkuPen con instrucciones en v\u00eddeo\" \/>\t\t\t\t\t\t\t\t\t<\/a>\n\t\t\t\t\t\t\t\t\t\t\t\t\t\t\t\t\t\t \t\t\t\t\t\t\t\t<\/div>\n\t\t\t\t\t\t\t\t<div class=\"image-tools top right show-on-hover\">\n\t\t\t\t\t\t\t\t\t\t\t\t\t\t\t\t\t<\/div>\n\t\t\t\t\t\t\t\t\t\t\t\t\t\t\t\t\t<div class=\"image-tools grid-tools text-center hide-for-small bottom hover-slide-in show-on-hover\">\n\t\t\t\t\t\t\t\t\t\t<a href=\"#quick-view\" class=\"quick-view\" role=\"button\" data-prod=\"1365\" aria-haspopup=\"dialog\" aria-expanded=\"false\" data-flatsome-role-button>Vista R\u00e1pida<\/a>\t\t\t\t\t\t\t\t\t<\/div>\n\t\t\t\t\t\t\t\t\t\t\t\t\t\t\t\t\t\t\t\t\t\t\t<\/div>\n\n\t\t\t\t\t\t\t<div class=\"box-text text-center\" >\n\t\t\t\t\t\t\t\t<div class=\"title-wrapper\">\t\t<p class=\"category uppercase is-smaller no-text-overflow product-cat op-8\">\n\t\t\tAkuPen\t\t<\/p>\n\t<p class=\"name product-title woocommerce-loop-product__title\"><a href=\"https:\/\/www.meine-tcm.com\/es\/produkt\/akupen-der-geniale-akupressurstift-mit-videoanleitung\/\" class=\"woocommerce-LoopProduct-link woocommerce-loop-product__link\">Selbst\u2013Akupressur lernen: die AkuPen\u2013Videothek mit \u00fcber 100 Anleitungsvideos<\/a><\/p><\/div><div class=\"price-wrapper\">\n\t<span class=\"price\"><span class=\"woocommerce-Price-amount amount\"><bdi>80,57&nbsp;<span class=\"woocommerce-Price-currencySymbol\" translate=\"no\">\u20ac<\/span><\/bdi><\/span><\/span>\n\n\n<\/div>\t<span id=\"woocommerce_loop_add_to_cart_link_describedby_1365\" class=\"screen-reader-text\">\n\t\t\t<\/span>\n\t\t\t\t\t\t\t<\/div>\n\t\t\t\t\t\t<\/div>\n\t\t\t\t\t\t<\/div>\n\t\t\t\t\t<\/div><div class=\"col\" >\n\t\t\t\t\t\t<div class=\"col-inner\">\n\t\t\t\t\t\t\n<div class=\"badge-container absolute left top z-1\">\n<div class=\"callout badge badge-circle\"><div class=\"badge-inner secondary on-sale\"><span class=\"onsale\" data-no-translation=\"\" data-trp-gettext=\"\">\u00a1Oferta!<\/span><\/div><\/div>\n<\/div>\n\t\t\t\t\t\t<div class=\"product-small box has-hover box-normal box-text-bottom\">\n\t\t\t\t\t\t\t<div class=\"box-image\" >\n\t\t\t\t\t\t\t\t<div class=\"image-zoom\" >\n\t\t\t\t\t\t\t\t\t<a href=\"https:\/\/www.meine-tcm.com\/es\/produkt\/qi-gong-bundle-mit-den-besten-3-qi-gong-kursen\/\" aria-label=\"Qi Gong - Paquete con los 3 mejores cursos de Qi Gong\">\n\t\t\t\t\t\t\t\t\t\t<img loading=\"lazy\" decoding=\"async\" width=\"400\" height=\"480\" src=\"https:\/\/www.meine-tcm.com\/wp-content\/uploads\/2014\/06\/qi-gong-kurs-8-brokate-07-smartphone-400x480.jpg\" class=\"show-on-hover absolute fill hide-for-small back-image\" alt=\"La mano sostiene un smartphone, en la pantalla el portal de cursos en l\u00ednea de Einfach besser leben\" aria-hidden=\"true\" title=\"Cursos de v\u00eddeo en l\u00ednea de Einfach besser leben\" \/><img loading=\"lazy\" decoding=\"async\" width=\"283\" height=\"400\" src=\"https:\/\/www.meine-tcm.com\/wp-content\/uploads\/2020\/09\/qi-gong-kurse-bundle-283x400.jpg\" class=\"attachment-medium size-medium\" alt=\"Foto con las portadas de tres cursos de Qi Gong de Einfach besser Leben\" srcset=\"https:\/\/www.meine-tcm.com\/wp-content\/uploads\/2020\/09\/qi-gong-kurse-bundle-283x400.jpg 283w, https:\/\/www.meine-tcm.com\/wp-content\/uploads\/2020\/09\/qi-gong-kurse-bundle-510x721.jpg 510w, https:\/\/www.meine-tcm.com\/wp-content\/uploads\/2020\/09\/qi-gong-kurse-bundle-566x800.jpg 566w, https:\/\/www.meine-tcm.com\/wp-content\/uploads\/2020\/09\/qi-gong-kurse-bundle.jpg 600w\" sizes=\"auto, (max-width: 283px) 100vw, 283px\" title=\"Cursos de Qi Gong en l\u00ednea\" \/>\t\t\t\t\t\t\t\t\t<\/a>\n\t\t\t\t\t\t\t\t\t\t\t\t\t\t\t\t\t\t \t\t\t\t\t\t\t\t<\/div>\n\t\t\t\t\t\t\t\t<div class=\"image-tools top right show-on-hover\">\n\t\t\t\t\t\t\t\t\t\t\t\t\t\t\t\t\t<\/div>\n\t\t\t\t\t\t\t\t\t\t\t\t\t\t\t\t\t<div class=\"image-tools grid-tools text-center hide-for-small bottom hover-slide-in show-on-hover\">\n\t\t\t\t\t\t\t\t\t\t<a href=\"#quick-view\" class=\"quick-view\" role=\"button\" data-prod=\"1583\" aria-haspopup=\"dialog\" aria-expanded=\"false\" data-flatsome-role-button>Vista R\u00e1pida<\/a>\t\t\t\t\t\t\t\t\t<\/div>\n\t\t\t\t\t\t\t\t\t\t\t\t\t\t\t\t\t\t\t\t\t\t\t<\/div>\n\n\t\t\t\t\t\t\t<div class=\"box-text text-center\" >\n\t\t\t\t\t\t\t\t<div class=\"title-wrapper\">\t\t<p class=\"category uppercase is-smaller no-text-overflow product-cat op-8\">\n\t\t\tQi Gong\t\t<\/p>\n\t<p class=\"name product-title woocommerce-loop-product__title\"><a href=\"https:\/\/www.meine-tcm.com\/es\/produkt\/qi-gong-bundle-mit-den-besten-3-qi-gong-kursen\/\" class=\"woocommerce-LoopProduct-link woocommerce-loop-product__link\">Qi Gong - Paquete con los 3 mejores cursos de Qi Gong<\/a><\/p><\/div><div class=\"price-wrapper\">\n\t<span class=\"price\"><del aria-hidden=\"true\"><span class=\"woocommerce-Price-amount amount\"><bdi>85,41&nbsp;<span class=\"woocommerce-Price-currencySymbol\" translate=\"no\">\u20ac<\/span><\/bdi><\/span><\/del> <span class=\"screen-reader-text\" data-no-translation=\"\" data-trp-gettext=\"\">El precio original era: 85,41&nbsp;&euro;.<\/span><ins aria-hidden=\"true\"><span class=\"woocommerce-Price-amount amount\"><bdi>72,60&nbsp;<span class=\"woocommerce-Price-currencySymbol\" translate=\"no\">\u20ac<\/span><\/bdi><\/span><\/ins><span class=\"screen-reader-text\" data-no-translation=\"\" data-trp-gettext=\"\">El precio actual es: 72,60&nbsp;&euro;.<\/span><\/span>\n\n\n<\/div>\t<span id=\"woocommerce_loop_add_to_cart_link_describedby_1583\" class=\"screen-reader-text\">\n\t\t\t<\/span>\n\t\t\t\t\t\t\t<\/div>\n\t\t\t\t\t\t<\/div>\n\t\t\t\t\t\t<\/div>\n\t\t\t\t\t<\/div><div class=\"col\" >\n\t\t\t\t\t\t<div class=\"col-inner\">\n\t\t\t\t\t\t\n<div class=\"badge-container absolute left top z-1\">\n\n<\/div>\n\t\t\t\t\t\t<div class=\"product-small box has-hover box-normal box-text-bottom\">\n\t\t\t\t\t\t\t<div class=\"box-image\" >\n\t\t\t\t\t\t\t\t<div class=\"image-zoom\" >\n\t\t\t\t\t\t\t\t\t<a href=\"https:\/\/www.meine-tcm.com\/es\/produkt\/qi-gong-kurs-18-figuren-der-harmonie\/\" aria-label=\"Curso de Qi Gong II - Las 18 figuras de la armon\u00eda\">\n\t\t\t\t\t\t\t\t\t\t<img loading=\"lazy\" decoding=\"async\" width=\"400\" height=\"480\" src=\"https:\/\/www.meine-tcm.com\/wp-content\/uploads\/2014\/08\/qi-gong-kurs-18-figuren-der-harmonie-05-smartphone-400x480.jpg\" class=\"show-on-hover absolute fill hide-for-small back-image\" alt=\"La mano sostiene un smartphone, en la pantalla el portal de cursos en l\u00ednea de Einfach besser leben\" aria-hidden=\"true\" title=\"Cursos de v\u00eddeo en l\u00ednea de Einfach besser leben\" \/><img loading=\"lazy\" decoding=\"async\" width=\"283\" height=\"400\" src=\"https:\/\/www.meine-tcm.com\/wp-content\/uploads\/2014\/08\/qi-gong-kurs-18-figuren-der-harmonie-01-283x400.jpg\" class=\"attachment-medium size-medium\" alt=\"Portada del curso de Qi Qong moderno - Las 18 figuras de la armon\u00eda\" srcset=\"https:\/\/www.meine-tcm.com\/wp-content\/uploads\/2014\/08\/qi-gong-kurs-18-figuren-der-harmonie-01-283x400.jpg 283w, https:\/\/www.meine-tcm.com\/wp-content\/uploads\/2014\/08\/qi-gong-kurs-18-figuren-der-harmonie-01-510x721.jpg 510w, https:\/\/www.meine-tcm.com\/wp-content\/uploads\/2014\/08\/qi-gong-kurs-18-figuren-der-harmonie-01-566x800.jpg 566w, https:\/\/www.meine-tcm.com\/wp-content\/uploads\/2014\/08\/qi-gong-kurs-18-figuren-der-harmonie-01-600x848.jpg 600w, https:\/\/www.meine-tcm.com\/wp-content\/uploads\/2014\/08\/qi-gong-kurs-18-figuren-der-harmonie-01.jpg 764w\" sizes=\"auto, (max-width: 283px) 100vw, 283px\" title=\"Curso de Qi Qong - Las 18 figuras de la armon\u00eda\" \/>\t\t\t\t\t\t\t\t\t<\/a>\n\t\t\t\t\t\t\t\t\t\t\t\t\t\t\t\t\t\t \t\t\t\t\t\t\t\t<\/div>\n\t\t\t\t\t\t\t\t<div class=\"image-tools top right show-on-hover\">\n\t\t\t\t\t\t\t\t\t\t\t\t\t\t\t\t\t<\/div>\n\t\t\t\t\t\t\t\t\t\t\t\t\t\t\t\t\t<div class=\"image-tools grid-tools text-center hide-for-small bottom hover-slide-in show-on-hover\">\n\t\t\t\t\t\t\t\t\t\t<a href=\"#quick-view\" class=\"quick-view\" role=\"button\" data-prod=\"1376\" aria-haspopup=\"dialog\" aria-expanded=\"false\" data-flatsome-role-button>Vista R\u00e1pida<\/a>\t\t\t\t\t\t\t\t\t<\/div>\n\t\t\t\t\t\t\t\t\t\t\t\t\t\t\t\t\t\t\t\t\t\t\t<\/div>\n\n\t\t\t\t\t\t\t<div class=\"box-text text-center\" >\n\t\t\t\t\t\t\t\t<div class=\"title-wrapper\">\t\t<p class=\"category uppercase is-smaller no-text-overflow product-cat op-8\">\n\t\t\tQi Gong\t\t<\/p>\n\t<p class=\"name product-title woocommerce-loop-product__title\"><a href=\"https:\/\/www.meine-tcm.com\/es\/produkt\/qi-gong-kurs-18-figuren-der-harmonie\/\" class=\"woocommerce-LoopProduct-link woocommerce-loop-product__link\">Curso de Qi Gong II - Las 18 figuras de la armon\u00eda<\/a><\/p><\/div><div class=\"price-wrapper\">\n\t<span class=\"price\"><span class=\"woocommerce-Price-amount amount\"><bdi>35,19&nbsp;<span class=\"woocommerce-Price-currencySymbol\" translate=\"no\">\u20ac<\/span><\/bdi><\/span><\/span>\n\n\n<\/div>\t<span id=\"woocommerce_loop_add_to_cart_link_describedby_1376\" class=\"screen-reader-text\">\n\t\tEste producto tiene m\u00faltiples variantes. Las opciones se pueden elegir en la p\u00e1gina de producto\t<\/span>\n\t\t\t\t\t\t\t<\/div>\n\t\t\t\t\t\t<\/div>\n\t\t\t\t\t\t<\/div>\n\t\t\t\t\t<\/div><div class=\"col\" >\n\t\t\t\t\t\t<div class=\"col-inner\">\n\t\t\t\t\t\t\n<div class=\"badge-container absolute left top z-1\">\n<div class=\"callout badge badge-circle\"><div class=\"badge-inner secondary on-sale\"><span class=\"onsale\">-29%<\/span><\/div><\/div>\n<\/div>\n\t\t\t\t\t\t<div class=\"product-small box has-hover box-normal box-text-bottom\">\n\t\t\t\t\t\t\t<div class=\"box-image\" >\n\t\t\t\t\t\t\t\t<div class=\"image-zoom\" >\n\t\t\t\t\t\t\t\t\t<a href=\"https:\/\/www.meine-tcm.com\/es\/produkt\/meridian-yoga-fuer-mehr-energie-und-vitalitaet\/\" aria-label=\"Meridian Yoga para m\u00e1s energ\u00eda y vitalidad - curso en l\u00ednea\">\n\t\t\t\t\t\t\t\t\t\t<img loading=\"lazy\" decoding=\"async\" width=\"283\" height=\"400\" src=\"https:\/\/www.meine-tcm.com\/wp-content\/uploads\/2019\/09\/meridian-yoga-inlay-aussen-v1-764x1080-1-283x400.jpg\" class=\"attachment-medium size-medium\" alt=\"Cubrir el curso en l\u00ednea de Meridian Yoga con Kati en la postura de Meridian Yoga\" srcset=\"https:\/\/www.meine-tcm.com\/wp-content\/uploads\/2019\/09\/meridian-yoga-inlay-aussen-v1-764x1080-1-283x400.jpg 283w, https:\/\/www.meine-tcm.com\/wp-content\/uploads\/2019\/09\/meridian-yoga-inlay-aussen-v1-764x1080-1-510x721.jpg 510w, https:\/\/www.meine-tcm.com\/wp-content\/uploads\/2019\/09\/meridian-yoga-inlay-aussen-v1-764x1080-1-566x800.jpg 566w, https:\/\/www.meine-tcm.com\/wp-content\/uploads\/2019\/09\/meridian-yoga-inlay-aussen-v1-764x1080-1-600x848.jpg 600w, https:\/\/www.meine-tcm.com\/wp-content\/uploads\/2019\/09\/meridian-yoga-inlay-aussen-v1-764x1080-1.jpg 764w\" sizes=\"auto, (max-width: 283px) 100vw, 283px\" title=\"Curso en l\u00ednea de Meridian Yoga con calendario de formaci\u00f3n\" \/>\t\t\t\t\t\t\t\t\t<\/a>\n\t\t\t\t\t\t\t\t\t\t\t\t\t\t\t\t\t\t \t\t\t\t\t\t\t\t<\/div>\n\t\t\t\t\t\t\t\t<div class=\"image-tools top right show-on-hover\">\n\t\t\t\t\t\t\t\t\t\t\t\t\t\t\t\t\t<\/div>\n\t\t\t\t\t\t\t\t\t\t\t\t\t\t\t\t\t<div class=\"image-tools grid-tools text-center hide-for-small bottom hover-slide-in show-on-hover\">\n\t\t\t\t\t\t\t\t\t\t<a href=\"#quick-view\" class=\"quick-view\" role=\"button\" data-prod=\"1363\" aria-haspopup=\"dialog\" aria-expanded=\"false\" data-flatsome-role-button>Vista R\u00e1pida<\/a>\t\t\t\t\t\t\t\t\t<\/div>\n\t\t\t\t\t\t\t\t\t\t\t\t\t\t\t\t\t\t\t\t\t\t\t<\/div>\n\n\t\t\t\t\t\t\t<div class=\"box-text text-center\" >\n\t\t\t\t\t\t\t\t<div class=\"title-wrapper\">\t\t<p class=\"category uppercase is-smaller no-text-overflow product-cat op-8\">\n\t\t\tYoga\t\t<\/p>\n\t<p class=\"name product-title woocommerce-loop-product__title\"><a href=\"https:\/\/www.meine-tcm.com\/es\/produkt\/meridian-yoga-fuer-mehr-energie-und-vitalitaet\/\" class=\"woocommerce-LoopProduct-link woocommerce-loop-product__link\">Meridian Yoga para m\u00e1s energ\u00eda y vitalidad - curso en l\u00ednea<\/a><\/p><\/div><div class=\"price-wrapper\">\n\t<span class=\"price\"><del aria-hidden=\"true\"><span class=\"woocommerce-Price-amount amount\"><bdi>70,49&nbsp;<span class=\"woocommerce-Price-currencySymbol\" translate=\"no\">\u20ac<\/span><\/bdi><\/span><\/del> <span class=\"screen-reader-text\" data-no-translation=\"\" data-trp-gettext=\"\">El precio original era: 70,49&nbsp;&euro;.<\/span><ins aria-hidden=\"true\"><span class=\"woocommerce-Price-amount amount\"><bdi>50,32&nbsp;<span class=\"woocommerce-Price-currencySymbol\" translate=\"no\">\u20ac<\/span><\/bdi><\/span><\/ins><span class=\"screen-reader-text\" data-no-translation=\"\" data-trp-gettext=\"\">El precio actual es: 50,32&nbsp;&euro;.<\/span><\/span>\n\n\n<\/div>\t<span id=\"woocommerce_loop_add_to_cart_link_describedby_1363\" class=\"screen-reader-text\">\n\t\t\t<\/span>\n\t\t\t\t\t\t\t<\/div>\n\t\t\t\t\t\t<\/div>\n\t\t\t\t\t\t<\/div>\n\t\t\t\t\t<\/div><div class=\"col\" >\n\t\t\t\t\t\t<div class=\"col-inner\">\n\t\t\t\t\t\t\n<div class=\"badge-container absolute left top z-1\">\n\n<\/div>\n\t\t\t\t\t\t<div class=\"product-small box has-hover box-normal box-text-bottom\">\n\t\t\t\t\t\t\t<div class=\"box-image\" >\n\t\t\t\t\t\t\t\t<div class=\"image-zoom\" >\n\t\t\t\t\t\t\t\t\t<a href=\"https:\/\/www.meine-tcm.com\/es\/produkt\/dein-ganzheitliches-rueckentraining-1\/\" aria-label=\"Su entrenamiento integral de la espalda\">\n\t\t\t\t\t\t\t\t\t\t<img loading=\"lazy\" decoding=\"async\" width=\"400\" height=\"480\" src=\"https:\/\/www.meine-tcm.com\/wp-content\/uploads\/2014\/07\/ganzheitliches-rueckentraining-kurs-06-smartphone-400x480.jpg\" class=\"show-on-hover absolute fill hide-for-small back-image\" alt=\"La mano sostiene un smartphone, en la pantalla el portal de cursos en l\u00ednea de Einfach besser leben\" aria-hidden=\"true\" title=\"Cursos de v\u00eddeo en l\u00ednea de Einfach besser leben\" \/><img loading=\"lazy\" decoding=\"async\" width=\"283\" height=\"400\" src=\"https:\/\/www.meine-tcm.com\/wp-content\/uploads\/2014\/07\/ganzheitliches-rueckentraining-kurs-01-283x400.jpg\" class=\"attachment-medium size-medium\" alt=\"Imagen de portada del DVD Su DVD de entrenamiento hol\u00edstico de la espalda con Wolfgang\" srcset=\"https:\/\/www.meine-tcm.com\/wp-content\/uploads\/2014\/07\/ganzheitliches-rueckentraining-kurs-01-283x400.jpg 283w, https:\/\/www.meine-tcm.com\/wp-content\/uploads\/2014\/07\/ganzheitliches-rueckentraining-kurs-01-510x721.jpg 510w, https:\/\/www.meine-tcm.com\/wp-content\/uploads\/2014\/07\/ganzheitliches-rueckentraining-kurs-01-566x800.jpg 566w, https:\/\/www.meine-tcm.com\/wp-content\/uploads\/2014\/07\/ganzheitliches-rueckentraining-kurs-01-600x848.jpg 600w, https:\/\/www.meine-tcm.com\/wp-content\/uploads\/2014\/07\/ganzheitliches-rueckentraining-kurs-01.jpg 764w\" sizes=\"auto, (max-width: 283px) 100vw, 283px\" title=\"Su curso hol\u00edstico de entrenamiento de la espalda en DVD\" \/>\t\t\t\t\t\t\t\t\t<\/a>\n\t\t\t\t\t\t\t\t\t\t\t\t\t\t\t\t\t\t \t\t\t\t\t\t\t\t<\/div>\n\t\t\t\t\t\t\t\t<div class=\"image-tools top right show-on-hover\">\n\t\t\t\t\t\t\t\t\t\t\t\t\t\t\t\t\t<\/div>\n\t\t\t\t\t\t\t\t\t\t\t\t\t\t\t\t\t<div class=\"image-tools grid-tools text-center hide-for-small bottom hover-slide-in show-on-hover\">\n\t\t\t\t\t\t\t\t\t\t<a href=\"#quick-view\" class=\"quick-view\" role=\"button\" data-prod=\"1406\" aria-haspopup=\"dialog\" aria-expanded=\"false\" data-flatsome-role-button>Vista R\u00e1pida<\/a>\t\t\t\t\t\t\t\t\t<\/div>\n\t\t\t\t\t\t\t\t\t\t\t\t\t\t\t\t\t\t\t\t\t\t\t<\/div>\n\n\t\t\t\t\t\t\t<div class=\"box-text text-center\" >\n\t\t\t\t\t\t\t\t<div class=\"title-wrapper\">\t\t<p class=\"category uppercase is-smaller no-text-overflow product-cat op-8\">\n\t\t\tDolor de espalda\t\t<\/p>\n\t<p class=\"name product-title woocommerce-loop-product__title\"><a href=\"https:\/\/www.meine-tcm.com\/es\/produkt\/dein-ganzheitliches-rueckentraining-1\/\" class=\"woocommerce-LoopProduct-link woocommerce-loop-product__link\">Su entrenamiento integral de la espalda<\/a><\/p><\/div><div class=\"price-wrapper\">\n\t<span class=\"price\"><span class=\"woocommerce-Price-amount amount\"><bdi>25,11&nbsp;<span class=\"woocommerce-Price-currencySymbol\" translate=\"no\">\u20ac<\/span><\/bdi><\/span><\/span>\n\n\n<\/div>\t<span id=\"woocommerce_loop_add_to_cart_link_describedby_1406\" class=\"screen-reader-text\">\n\t\tEste producto tiene m\u00faltiples variantes. Las opciones se pueden elegir en la p\u00e1gina de producto\t<\/span>\n\t\t\t\t\t\t\t<\/div>\n\t\t\t\t\t\t<\/div>\n\t\t\t\t\t\t<\/div>\n\t\t\t\t\t<\/div><\/div>\n\t\t<\/div>\n\t\t\t\t\n<style>\n#col-287618510 > .col-inner {\n  max-width: 1200px;\n}\n<\/style>\n\t<\/div>\n\n\t\n<\/div>\n\t\t<\/div>\n\n\t\t\n<style>\n#section_326967605 {\n  padding-top: 0px;\n  padding-bottom: 0px;\n}\n<\/style>\n\t<\/section>\n\t\n\n\nh2 {\ntext-align: left;\n}\nsection.one-image .img {\nmargin-bottom: 0 !important;\n}\nsection.one-image img {\n    border-radius: 15px;\n}\n\n\n\n\n<p class=\"wp-block-paragraph\"><\/p>","protected":false},"excerpt":{"rendered":"<p>\ud83c\udf42 Die kalte Jahreszeit fl\u00fcstert dir eine uralte Wahrheit zu:<br \/>\nLa naturaleza se retira, sabe que,<br \/>\ncu\u00e1ndo es el momento de reunir fuerzas.<\/p>\n<p>Las hojas caen para conservar la fuerza.<br \/>\nLos jugos se hunden en las ra\u00edces.<br \/>\nY t\u00fa tambi\u00e9n puedes sentirlo: esta invitaci\u00f3n silenciosa a volver sobre uno mismo.<\/p>","protected":false},"author":3859,"featured_media":22806,"comment_status":"open","ping_status":"open","sticky":false,"template":"","format":"standard","meta":{"_acf_changed":false,"footnotes":""},"categories":[300],"tags":[],"class_list":["post-22790","post","type-post","status-publish","format-standard","has-post-thumbnail","hentry","category-tcm-tipp-der-woche"],"acf":[],"yoast_head":"<!-- This site is optimized with the Yoast SEO plugin v28.3 - https:\/\/yoast.com\/product\/yoast-seo-wordpress\/ -->\n<title>Yin n\u00e4hren gegen Trockenheit \u2014 TCM Anleitung<\/title>\n<meta name=\"description\" content=\"TCM gegen trockene Haut, Reizhusten &amp; M\u00fcdigkeit. 5 Methoden zum Yin\u2013Aufbau: Ern\u00e4hrung, Akupressur, Birnen\u2013Dattel\u2013Suppe. \u2713 Sofort anwendbar\" \/>\n<meta name=\"robots\" content=\"index, follow, max-snippet:-1, max-image-preview:large, max-video-preview:-1\" \/>\n<link rel=\"canonical\" href=\"https:\/\/www.meine-tcm.com\/es\/nutricion-yin-contra-la-sequedad-interior\/\" \/>\n<meta property=\"og:locale\" content=\"es_ES\" \/>\n<meta property=\"og:type\" content=\"article\" \/>\n<meta property=\"og:title\" content=\"Yin n\u00e4hren gegen Trockenheit \u2014 TCM Anleitung\" \/>\n<meta property=\"og:description\" content=\"TCM gegen trockene Haut, Reizhusten &amp; M\u00fcdigkeit. 5 Methoden zum Yin\u2013Aufbau: Ern\u00e4hrung, Akupressur, Birnen\u2013Dattel\u2013Suppe. \u2713 Sofort anwendbar\" \/>\n<meta property=\"og:url\" content=\"https:\/\/www.meine-tcm.com\/es\/nutricion-yin-contra-la-sequedad-interior\/\" \/>\n<meta property=\"og:site_name\" content=\"meine TCM | Traditionelle Chinesische Medizin einfach erkl\u00e4rt\" \/>\n<meta property=\"article:published_time\" content=\"2025-11-11T21:13:22+00:00\" \/>\n<meta property=\"article:modified_time\" content=\"2026-07-22T13:05:02+00:00\" \/>\n<meta property=\"og:image\" content=\"https:\/\/www.meine-tcm.com\/wp-content\/uploads\/2025\/11\/trockenheit-im-herbst.jpg\" \/>\n\t<meta property=\"og:image:width\" content=\"1280\" \/>\n\t<meta property=\"og:image:height\" content=\"1280\" \/>\n\t<meta property=\"og:image:type\" content=\"image\/jpeg\" \/>\n<meta name=\"author\" content=\"Marina\" \/>\n<meta name=\"twitter:card\" content=\"summary_large_image\" \/>\n<meta name=\"twitter:label1\" content=\"Escrito por\" \/>\n\t<meta name=\"twitter:data1\" content=\"Marina\" \/>\n\t<meta name=\"twitter:label2\" content=\"Tiempo de lectura\" \/>\n\t<meta name=\"twitter:data2\" content=\"6 minutos\" \/>\n<script type=\"application\/ld+json\" class=\"yoast-schema-graph\">{\"@context\":\"https:\\\/\\\/schema.org\",\"@graph\":[{\"@type\":\"Article\",\"@id\":\"https:\\\/\\\/www.meine-tcm.com\\\/yin-naehren-gegen-innere-trockenheit\\\/#article\",\"isPartOf\":{\"@id\":\"https:\\\/\\\/www.meine-tcm.com\\\/yin-naehren-gegen-innere-trockenheit\\\/\"},\"author\":{\"name\":\"Marina\",\"@id\":\"https:\\\/\\\/www.meine-tcm.com\\\/#\\\/schema\\\/person\\\/76da350caed5aad1d9998ba607d86f28\"},\"headline\":\"Yin n\u00e4hren gegen innere Trockenheit\",\"datePublished\":\"2025-11-11T21:13:22+00:00\",\"dateModified\":\"2026-07-22T13:05:02+00:00\",\"mainEntityOfPage\":{\"@id\":\"https:\\\/\\\/www.meine-tcm.com\\\/yin-naehren-gegen-innere-trockenheit\\\/\"},\"wordCount\":1272,\"commentCount\":0,\"publisher\":{\"@id\":\"https:\\\/\\\/www.meine-tcm.com\\\/#organization\"},\"image\":{\"@id\":\"https:\\\/\\\/www.meine-tcm.com\\\/yin-naehren-gegen-innere-trockenheit\\\/#primaryimage\"},\"thumbnailUrl\":\"https:\\\/\\\/www.meine-tcm.com\\\/wp-content\\\/uploads\\\/2025\\\/11\\\/trockenheit-im-herbst.jpg\",\"articleSection\":[\"TCM Tipp der Woche\"],\"inLanguage\":\"es\",\"potentialAction\":[{\"@type\":\"CommentAction\",\"name\":\"Comment\",\"target\":[\"https:\\\/\\\/www.meine-tcm.com\\\/yin-naehren-gegen-innere-trockenheit\\\/#respond\"]}]},{\"@type\":\"WebPage\",\"@id\":\"https:\\\/\\\/www.meine-tcm.com\\\/yin-naehren-gegen-innere-trockenheit\\\/\",\"url\":\"https:\\\/\\\/www.meine-tcm.com\\\/yin-naehren-gegen-innere-trockenheit\\\/\",\"name\":\"Yin n\u00e4hren gegen Trockenheit \u2014 TCM Anleitung\",\"isPartOf\":{\"@id\":\"https:\\\/\\\/www.meine-tcm.com\\\/#website\"},\"primaryImageOfPage\":{\"@id\":\"https:\\\/\\\/www.meine-tcm.com\\\/yin-naehren-gegen-innere-trockenheit\\\/#primaryimage\"},\"image\":{\"@id\":\"https:\\\/\\\/www.meine-tcm.com\\\/yin-naehren-gegen-innere-trockenheit\\\/#primaryimage\"},\"thumbnailUrl\":\"https:\\\/\\\/www.meine-tcm.com\\\/wp-content\\\/uploads\\\/2025\\\/11\\\/trockenheit-im-herbst.jpg\",\"datePublished\":\"2025-11-11T21:13:22+00:00\",\"dateModified\":\"2026-07-22T13:05:02+00:00\",\"description\":\"TCM gegen trockene Haut, Reizhusten & M\u00fcdigkeit. 5 Methoden zum Yin\u2013Aufbau: Ern\u00e4hrung, Akupressur, Birnen\u2013Dattel\u2013Suppe. \u2713 Sofort anwendbar\",\"breadcrumb\":{\"@id\":\"https:\\\/\\\/www.meine-tcm.com\\\/yin-naehren-gegen-innere-trockenheit\\\/#breadcrumb\"},\"inLanguage\":\"es\",\"potentialAction\":[{\"@type\":\"ReadAction\",\"target\":[\"https:\\\/\\\/www.meine-tcm.com\\\/yin-naehren-gegen-innere-trockenheit\\\/\"]}]},{\"@type\":\"ImageObject\",\"inLanguage\":\"es\",\"@id\":\"https:\\\/\\\/www.meine-tcm.com\\\/yin-naehren-gegen-innere-trockenheit\\\/#primaryimage\",\"url\":\"https:\\\/\\\/www.meine-tcm.com\\\/wp-content\\\/uploads\\\/2025\\\/11\\\/trockenheit-im-herbst.jpg\",\"contentUrl\":\"https:\\\/\\\/www.meine-tcm.com\\\/wp-content\\\/uploads\\\/2025\\\/11\\\/trockenheit-im-herbst.jpg\",\"width\":1280,\"height\":1280,\"caption\":\"Im Herbst trocknet die Natur \u2014 und manchmal auch wir. N\u00e4hre dein Yin, bevor es der Wind verweht.\"},{\"@type\":\"BreadcrumbList\",\"@id\":\"https:\\\/\\\/www.meine-tcm.com\\\/yin-naehren-gegen-innere-trockenheit\\\/#breadcrumb\",\"itemListElement\":[{\"@type\":\"ListItem\",\"position\":1,\"name\":\"Home\",\"item\":\"https:\\\/\\\/www.meine-tcm.com\\\/\"},{\"@type\":\"ListItem\",\"position\":2,\"name\":\"Yin n\u00e4hren gegen innere Trockenheit\"}]},{\"@type\":\"WebSite\",\"@id\":\"https:\\\/\\\/www.meine-tcm.com\\\/#website\",\"url\":\"https:\\\/\\\/www.meine-tcm.com\\\/\",\"name\":\"meine TCM | Traditionelle Chinesische Medizin einfach erkl\u00e4rt\",\"description\":\"Einfach gesund bleiben\",\"publisher\":{\"@id\":\"https:\\\/\\\/www.meine-tcm.com\\\/#organization\"},\"potentialAction\":[{\"@type\":\"SearchAction\",\"target\":{\"@type\":\"EntryPoint\",\"urlTemplate\":\"https:\\\/\\\/www.meine-tcm.com\\\/?s={search_term_string}\"},\"query-input\":{\"@type\":\"PropertyValueSpecification\",\"valueRequired\":true,\"valueName\":\"search_term_string\"}}],\"inLanguage\":\"es\"},{\"@type\":\"Organization\",\"@id\":\"https:\\\/\\\/www.meine-tcm.com\\\/#organization\",\"name\":\"meine-TCM.com \u2014 Traditionelle chinesische Medizin einfach erkl\u00e4rt\",\"url\":\"https:\\\/\\\/www.meine-tcm.com\\\/\",\"logo\":{\"@type\":\"ImageObject\",\"inLanguage\":\"es\",\"@id\":\"https:\\\/\\\/www.meine-tcm.com\\\/#\\\/schema\\\/logo\\\/image\\\/\",\"url\":\"https:\\\/\\\/www.meine-tcm.com\\\/wp-content\\\/uploads\\\/2022\\\/08\\\/meine-tcm-traditionelle-chinesische-medizin-einfach-erklaert.png\",\"contentUrl\":\"https:\\\/\\\/www.meine-tcm.com\\\/wp-content\\\/uploads\\\/2022\\\/08\\\/meine-tcm-traditionelle-chinesische-medizin-einfach-erklaert.png\",\"width\":559,\"height\":479,\"caption\":\"meine-TCM.com \u2014 Traditionelle chinesische Medizin einfach erkl\u00e4rt\"},\"image\":{\"@id\":\"https:\\\/\\\/www.meine-tcm.com\\\/#\\\/schema\\\/logo\\\/image\\\/\"},\"sameAs\":[\"https:\\\/\\\/www.instagram.com\\\/meinetcm\\\/\",\"https:\\\/\\\/www.youtube.com\\\/@EinfachbesserLeben\"]},{\"@type\":\"Person\",\"@id\":\"https:\\\/\\\/www.meine-tcm.com\\\/#\\\/schema\\\/person\\\/76da350caed5aad1d9998ba607d86f28\",\"name\":\"Marina\"}]}<\/script>\n<!-- \/ Yoast SEO plugin. -->","yoast_head_json":{"title":"Nutrir el Yin contra la sequedad - Instrucciones de la MTC","description":"MTC para la piel seca, la tos seca y el cansancio. 5 m\u00e9todos para fortalecer el yin: nutrici\u00f3n, acupresi\u00f3n, pera y sopa de d\u00e1tiles. Se puede utilizar inmediatamente","robots":{"index":"index","follow":"follow","max-snippet":"max-snippet:-1","max-image-preview":"max-image-preview:large","max-video-preview":"max-video-preview:-1"},"canonical":"https:\/\/www.meine-tcm.com\/es\/nutricion-yin-contra-la-sequedad-interior\/","og_locale":"es_ES","og_type":"article","og_title":"Yin n\u00e4hren gegen Trockenheit \u2014 TCM Anleitung","og_description":"TCM gegen trockene Haut, Reizhusten & M\u00fcdigkeit. 5 Methoden zum Yin\u2013Aufbau: Ern\u00e4hrung, Akupressur, Birnen\u2013Dattel\u2013Suppe. \u2713 Sofort anwendbar","og_url":"https:\/\/www.meine-tcm.com\/es\/nutricion-yin-contra-la-sequedad-interior\/","og_site_name":"meine TCM | Traditionelle Chinesische Medizin einfach erkl\u00e4rt","article_published_time":"2025-11-11T21:13:22+00:00","article_modified_time":"2026-07-22T13:05:02+00:00","og_image":[{"width":1280,"height":1280,"url":"https:\/\/www.meine-tcm.com\/wp-content\/uploads\/2025\/11\/trockenheit-im-herbst.jpg","type":"image\/jpeg"}],"author":"Marina","twitter_card":"summary_large_image","twitter_misc":{"Escrito por":"Marina","Tiempo de lectura":"6 minutos"},"schema":{"@context":"https:\/\/schema.org","@graph":[{"@type":"Article","@id":"https:\/\/www.meine-tcm.com\/yin-naehren-gegen-innere-trockenheit\/#article","isPartOf":{"@id":"https:\/\/www.meine-tcm.com\/yin-naehren-gegen-innere-trockenheit\/"},"author":{"name":"Marina","@id":"https:\/\/www.meine-tcm.com\/#\/schema\/person\/76da350caed5aad1d9998ba607d86f28"},"headline":"Yin n\u00e4hren gegen innere Trockenheit","datePublished":"2025-11-11T21:13:22+00:00","dateModified":"2026-07-22T13:05:02+00:00","mainEntityOfPage":{"@id":"https:\/\/www.meine-tcm.com\/yin-naehren-gegen-innere-trockenheit\/"},"wordCount":1272,"commentCount":0,"publisher":{"@id":"https:\/\/www.meine-tcm.com\/#organization"},"image":{"@id":"https:\/\/www.meine-tcm.com\/yin-naehren-gegen-innere-trockenheit\/#primaryimage"},"thumbnailUrl":"https:\/\/www.meine-tcm.com\/wp-content\/uploads\/2025\/11\/trockenheit-im-herbst.jpg","articleSection":["TCM Tipp der Woche"],"inLanguage":"es","potentialAction":[{"@type":"CommentAction","name":"Comment","target":["https:\/\/www.meine-tcm.com\/yin-naehren-gegen-innere-trockenheit\/#respond"]}]},{"@type":"WebPage","@id":"https:\/\/www.meine-tcm.com\/yin-naehren-gegen-innere-trockenheit\/","url":"https:\/\/www.meine-tcm.com\/yin-naehren-gegen-innere-trockenheit\/","name":"Nutrir el Yin contra la sequedad - Instrucciones de la MTC","isPartOf":{"@id":"https:\/\/www.meine-tcm.com\/#website"},"primaryImageOfPage":{"@id":"https:\/\/www.meine-tcm.com\/yin-naehren-gegen-innere-trockenheit\/#primaryimage"},"image":{"@id":"https:\/\/www.meine-tcm.com\/yin-naehren-gegen-innere-trockenheit\/#primaryimage"},"thumbnailUrl":"https:\/\/www.meine-tcm.com\/wp-content\/uploads\/2025\/11\/trockenheit-im-herbst.jpg","datePublished":"2025-11-11T21:13:22+00:00","dateModified":"2026-07-22T13:05:02+00:00","description":"MTC para la piel seca, la tos seca y el cansancio. 5 m\u00e9todos para fortalecer el yin: nutrici\u00f3n, acupresi\u00f3n, pera y sopa de d\u00e1tiles. Se puede utilizar inmediatamente","breadcrumb":{"@id":"https:\/\/www.meine-tcm.com\/yin-naehren-gegen-innere-trockenheit\/#breadcrumb"},"inLanguage":"es","potentialAction":[{"@type":"ReadAction","target":["https:\/\/www.meine-tcm.com\/yin-naehren-gegen-innere-trockenheit\/"]}]},{"@type":"ImageObject","inLanguage":"es","@id":"https:\/\/www.meine-tcm.com\/yin-naehren-gegen-innere-trockenheit\/#primaryimage","url":"https:\/\/www.meine-tcm.com\/wp-content\/uploads\/2025\/11\/trockenheit-im-herbst.jpg","contentUrl":"https:\/\/www.meine-tcm.com\/wp-content\/uploads\/2025\/11\/trockenheit-im-herbst.jpg","width":1280,"height":1280,"caption":"Im Herbst trocknet die Natur \u2014 und manchmal auch wir. N\u00e4hre dein Yin, bevor es der Wind verweht."},{"@type":"BreadcrumbList","@id":"https:\/\/www.meine-tcm.com\/yin-naehren-gegen-innere-trockenheit\/#breadcrumb","itemListElement":[{"@type":"ListItem","position":1,"name":"Home","item":"https:\/\/www.meine-tcm.com\/"},{"@type":"ListItem","position":2,"name":"Yin n\u00e4hren gegen innere Trockenheit"}]},{"@type":"WebSite","@id":"https:\/\/www.meine-tcm.com\/#website","url":"https:\/\/www.meine-tcm.com\/","name":"mi MTC | Medicina Tradicional China explicada de forma sencilla","description":"Mant\u00e9ngase sano","publisher":{"@id":"https:\/\/www.meine-tcm.com\/#organization"},"potentialAction":[{"@type":"SearchAction","target":{"@type":"EntryPoint","urlTemplate":"https:\/\/www.meine-tcm.com\/?s={search_term_string}"},"query-input":{"@type":"PropertyValueSpecification","valueRequired":true,"valueName":"search_term_string"}}],"inLanguage":"es"},{"@type":"Organization","@id":"https:\/\/www.meine-tcm.com\/#organization","name":"meine-TCM.com - La Medicina Tradicional China explicada de forma sencilla","url":"https:\/\/www.meine-tcm.com\/","logo":{"@type":"ImageObject","inLanguage":"es","@id":"https:\/\/www.meine-tcm.com\/#\/schema\/logo\/image\/","url":"https:\/\/www.meine-tcm.com\/wp-content\/uploads\/2022\/08\/meine-tcm-traditionelle-chinesische-medizin-einfach-erklaert.png","contentUrl":"https:\/\/www.meine-tcm.com\/wp-content\/uploads\/2022\/08\/meine-tcm-traditionelle-chinesische-medizin-einfach-erklaert.png","width":559,"height":479,"caption":"meine-TCM.com \u2014 Traditionelle chinesische Medizin einfach erkl\u00e4rt"},"image":{"@id":"https:\/\/www.meine-tcm.com\/#\/schema\/logo\/image\/"},"sameAs":["https:\/\/www.instagram.com\/meinetcm\/","https:\/\/www.youtube.com\/@EinfachbesserLeben"]},{"@type":"Person","@id":"https:\/\/www.meine-tcm.com\/#\/schema\/person\/76da350caed5aad1d9998ba607d86f28","name":"Marina"}]}},"wps_subtitle":"Die TCM\u2013Anleitung f\u00fcr innere Befeuchtung","_links":{"self":[{"href":"https:\/\/www.meine-tcm.com\/es\/wp-json\/wp\/v2\/posts\/22790","targetHints":{"allow":["GET"]}}],"collection":[{"href":"https:\/\/www.meine-tcm.com\/es\/wp-json\/wp\/v2\/posts"}],"about":[{"href":"https:\/\/www.meine-tcm.com\/es\/wp-json\/wp\/v2\/types\/post"}],"author":[{"embeddable":true,"href":"https:\/\/www.meine-tcm.com\/es\/wp-json\/wp\/v2\/users\/3859"}],"replies":[{"embeddable":true,"href":"https:\/\/www.meine-tcm.com\/es\/wp-json\/wp\/v2\/comments?post=22790"}],"version-history":[{"count":17,"href":"https:\/\/www.meine-tcm.com\/es\/wp-json\/wp\/v2\/posts\/22790\/revisions"}],"predecessor-version":[{"id":32756,"href":"https:\/\/www.meine-tcm.com\/es\/wp-json\/wp\/v2\/posts\/22790\/revisions\/32756"}],"wp:featuredmedia":[{"embeddable":true,"href":"https:\/\/www.meine-tcm.com\/es\/wp-json\/wp\/v2\/media\/22806"}],"wp:attachment":[{"href":"https:\/\/www.meine-tcm.com\/es\/wp-json\/wp\/v2\/media?parent=22790"}],"wp:term":[{"taxonomy":"category","embeddable":true,"href":"https:\/\/www.meine-tcm.com\/es\/wp-json\/wp\/v2\/categories?post=22790"},{"taxonomy":"post_tag","embeddable":true,"href":"https:\/\/www.meine-tcm.com\/es\/wp-json\/wp\/v2\/tags?post=22790"}],"curies":[{"name":"wp","href":"https:\/\/api.w.org\/{rel}","templated":true}]}}